{"id":36572,"date":"2019-03-06T17:39:52","date_gmt":"2019-03-06T22:39:52","guid":{"rendered":"https:\/\/l21.mx\/?p=36572"},"modified":"2019-03-07T16:34:36","modified_gmt":"2019-03-07T21:34:36","slug":"crece-viva-aerobus-12-en-pasajeros-movilizados","status":"publish","type":"post","link":"https:\/\/l21.mx\/?p=36572","title":{"rendered":"Crece Viva Aerobus 12% en pasajeros movilizados"},"content":{"rendered":"\n<p class=\"wp-block-paragraph\"><strong>En febrero 2019, el tr\u00e1fico de pasajeros de Viva Aerobus creci\u00f3 12% respecto a febrero del 2018, al sumar m\u00e1s de 695 mil pasajeros y con un factor de ocupaci\u00f3n del 86%, uno de los m\u00e1s elevados en la industria. <\/strong><br><\/p>\n\n\n\n<p class=\"wp-block-paragraph\">Dicho mes, Viva Aerobus tambi\u00e9n i<strong>ncrement\u00f3 en 14% su capacidad total, medida en asientos disponibles<\/strong>, en comparaci\u00f3n con febrero del a\u00f1o anterior, al poner a disposici\u00f3n de los pasajeros m\u00e1s de 800 mil asientos. <br><\/p>\n\n\n\n<p class=\"wp-block-paragraph\">En lo que va de 2019 (enero &#8211; febrero), se ha logrado un aumento de 17% en el tr\u00e1fico de pasajeros respecto al mismo periodo de 2018, sumando <strong>m\u00e1s de 1.5 millones de pasajeros. <\/strong><br><\/p>\n\n\n\n<p class=\"wp-block-paragraph\">El factor de ocupaci\u00f3n acumulado durante el primer bimestre del a\u00f1o, alcanz\u00f3 un 87%, lo que implica <strong>un crecimiento de dos puntos porcentuales <\/strong>en comparaci\u00f3n con el mismo periodo del a\u00f1o anterior. <br><\/p>\n\n\n\n<p class=\"wp-block-paragraph\">La capacidad total de Viva Aerobus, medida en asientos disponibles, durante los dos meses mencionados, increment\u00f3 14% respecto al mismo periodo del 2018, al ofertar m\u00e1s de 1.7 millones de asientos.<\/p>\n","protected":false},"excerpt":{"rendered":"<p>En febrero 2019, el tr\u00e1fico de pasajeros de Viva Aerobus creci\u00f3 12% respecto a febrero del&hellip;<\/p>\n","protected":false},"author":69,"featured_media":36573,"comment_status":"open","ping_status":"open","sticky":false,"template":"","format":"standard","meta":{"_acf_changed":false,"_lmt_disableupdate":"","_lmt_disable":"","_mbp_gutenberg_autopost":false,"footnotes":""},"categories":[4,23,8],"tags":[],"class_list":["post-36572","post","type-post","status-publish","format-standard","has-post-thumbnail","hentry","category-empresas-y-negocios","category-noticias","category-turismo"],"acf":[],"_links":{"self":[{"href":"https:\/\/l21.mx\/index.php?rest_route=\/wp\/v2\/posts\/36572","targetHints":{"allow":["GET"]}}],"collection":[{"href":"https:\/\/l21.mx\/index.php?rest_route=\/wp\/v2\/posts"}],"about":[{"href":"https:\/\/l21.mx\/index.php?rest_route=\/wp\/v2\/types\/post"}],"author":[{"embeddable":true,"href":"https:\/\/l21.mx\/index.php?rest_route=\/wp\/v2\/users\/69"}],"replies":[{"embeddable":true,"href":"https:\/\/l21.mx\/index.php?rest_route=%2Fwp%2Fv2%2Fcomments&post=36572"}],"version-history":[{"count":0,"href":"https:\/\/l21.mx\/index.php?rest_route=\/wp\/v2\/posts\/36572\/revisions"}],"wp:featuredmedia":[{"embeddable":true,"href":"https:\/\/l21.mx\/index.php?rest_route=\/wp\/v2\/media\/36573"}],"wp:attachment":[{"href":"https:\/\/l21.mx\/index.php?rest_route=%2Fwp%2Fv2%2Fmedia&parent=36572"}],"wp:term":[{"taxonomy":"category","embeddable":true,"href":"https:\/\/l21.mx\/index.php?rest_route=%2Fwp%2Fv2%2Fcategories&post=36572"},{"taxonomy":"post_tag","embeddable":true,"href":"https:\/\/l21.mx\/index.php?rest_route=%2Fwp%2Fv2%2Ftags&post=36572"}],"curies":[{"name":"wp","href":"https:\/\/api.w.org\/{rel}","templated":true}]}}