{"id":36629,"date":"2019-03-08T16:45:29","date_gmt":"2019-03-08T21:45:29","guid":{"rendered":"https:\/\/l21.mx\/?p=36629"},"modified":"2019-03-08T16:45:31","modified_gmt":"2019-03-08T21:45:31","slug":"mexico-requiere-identidad-para-eventos-de-talla-internacional","status":"publish","type":"post","link":"https:\/\/l21.mx\/?p=36629","title":{"rendered":"M\u00e9xico requiere identidad para eventos de talla internacional"},"content":{"rendered":"\n<p class=\"wp-block-paragraph\">A M\u00e9xico le falta una \u00abmarca sombrilla\u00bb que en conjunto d\u00e9&nbsp;<strong>identidad y un logotipo a todos los destinos tur\u00edsticos del pa\u00eds<\/strong>, asegur\u00f3&nbsp;<strong>Dar\u00edo Flota Ocampo<\/strong>, director del Consejo de Promoci\u00f3n Tur\u00edstica de Quintana Roo (CPTQ).<\/p>\n\n\n\n<p class=\"wp-block-paragraph\">Tras comenzar la&nbsp;<strong>53\u00aa edici\u00f3n de la Feria Tur\u00edstica ITB de Berl\u00edn<\/strong>, en la que se dan cita 10 mil empresas vinculadas al sector y representantes de 180 pa\u00edses, dijo que el tema ya lo abord\u00f3 en una reuni\u00f3n con el secretario de Turismo,&nbsp;<strong>Miguel Torruco Marqu\u00e9s<\/strong>, quien estuvo en Berl\u00edn, en la que se habl\u00f3 del futuro de las ferias tur\u00edsticas.<\/p>\n\n\n\n<p class=\"wp-block-paragraph\">\u00abHay un agradecimiento con\u00a0<strong>Quintana Roo<\/strong>\u00a0por encabezar la presencia de M\u00e9xico en Colombia y Berl\u00edn y acordamos revisar la lista de eventos que hay de aqu\u00ed a fin de a\u00f1o. <\/p>\n\n\n\n<p class=\"wp-block-paragraph\">\u00abSin embargo, la Sectur s\u00f3lo tiene inter\u00e9s en cuatro o cinco a lo largo del a\u00f1o y <strong>nosotros tenemos en nuestro calendario cerca de 20<\/strong>\u00ab, a\u00f1adi\u00f3 en entrevista radiof\u00f3nica para el noticiario matutino de Radio F\u00f3rmula.<\/p>\n\n\n\n<p class=\"wp-block-paragraph\">\u00abVamos a definir la manera como M\u00e9xico estar\u00e1 presente y, muy probablemente, con la coordinaci\u00f3n de Quintana Roo, dado el n\u00famero de expositores que participa en cada una de las ferias\u00bb, subray\u00f3.<\/p>\n\n\n\n<p class=\"wp-block-paragraph\">Los 14 representantes de Quintana Roo y algunos de otros destinos de <strong>M\u00e9xico ocupan la tercera parte del pabell\u00f3n en el que est\u00e1n<\/strong>, de unos 50 metros cuadrados, continu\u00f3. <\/p>\n\n\n\n<p class=\"wp-block-paragraph\">\u00ab<strong>Hay otros stands de destinos mexicanos repartidos en diferentes sectores de la feria<\/strong>, cuya participaci\u00f3n fue coordinada por la oficina del CPTM en Alemania, una de las tres que siguen operando.<\/p>\n\n\n\n<p class=\"wp-block-paragraph\">Luego de recordar que la presencia de Quintana Roo en <strong>la feria ITB fue financiada con la participaci\u00f3n de cada uno de las 14 empresas presentes, <\/strong>coordinados por el CPTQ, record\u00f3 que el evento concluir\u00e1 el pr\u00f3ximo domingo.<\/p>\n\n\n\n<p class=\"wp-block-paragraph\">Por \u00faltimo, sostuvo que <strong>la s\u00f3lida econom\u00eda de Alemania lo hace uno de los mercados m\u00e1s buscados<\/strong>. De hecho, en extensi\u00f3n, la ITB es m\u00e1s grande que la Fitur de Madrid.<\/p>\n\n\n\n<p class=\"wp-block-paragraph\">Fuente: el financiero<\/p>\n","protected":false},"excerpt":{"rendered":"<p>A M\u00e9xico le falta una \u00abmarca sombrilla\u00bb que en conjunto d\u00e9&nbsp;identidad y un logotipo a todos&hellip;<\/p>\n","protected":false},"author":69,"featured_media":36630,"comment_status":"open","ping_status":"open","sticky":false,"template":"","format":"standard","meta":{"_acf_changed":false,"_lmt_disableupdate":"","_lmt_disable":"","_mbp_gutenberg_autopost":false,"footnotes":""},"categories":[23,8],"tags":[],"class_list":["post-36629","post","type-post","status-publish","format-standard","has-post-thumbnail","hentry","category-noticias","category-turismo"],"acf":[],"_links":{"self":[{"href":"https:\/\/l21.mx\/index.php?rest_route=\/wp\/v2\/posts\/36629","targetHints":{"allow":["GET"]}}],"collection":[{"href":"https:\/\/l21.mx\/index.php?rest_route=\/wp\/v2\/posts"}],"about":[{"href":"https:\/\/l21.mx\/index.php?rest_route=\/wp\/v2\/types\/post"}],"author":[{"embeddable":true,"href":"https:\/\/l21.mx\/index.php?rest_route=\/wp\/v2\/users\/69"}],"replies":[{"embeddable":true,"href":"https:\/\/l21.mx\/index.php?rest_route=%2Fwp%2Fv2%2Fcomments&post=36629"}],"version-history":[{"count":0,"href":"https:\/\/l21.mx\/index.php?rest_route=\/wp\/v2\/posts\/36629\/revisions"}],"wp:featuredmedia":[{"embeddable":true,"href":"https:\/\/l21.mx\/index.php?rest_route=\/wp\/v2\/media\/36630"}],"wp:attachment":[{"href":"https:\/\/l21.mx\/index.php?rest_route=%2Fwp%2Fv2%2Fmedia&parent=36629"}],"wp:term":[{"taxonomy":"category","embeddable":true,"href":"https:\/\/l21.mx\/index.php?rest_route=%2Fwp%2Fv2%2Fcategories&post=36629"},{"taxonomy":"post_tag","embeddable":true,"href":"https:\/\/l21.mx\/index.php?rest_route=%2Fwp%2Fv2%2Ftags&post=36629"}],"curies":[{"name":"wp","href":"https:\/\/api.w.org\/{rel}","templated":true}]}}