{"id":36728,"date":"2019-03-14T11:02:36","date_gmt":"2019-03-14T16:02:36","guid":{"rendered":"https:\/\/l21.mx\/?p=36728"},"modified":"2019-03-14T11:26:04","modified_gmt":"2019-03-14T16:26:04","slug":"alfonso-romo-califico-como-una-verguenza-el-crecimiento-economico-de-mexico","status":"publish","type":"post","link":"https:\/\/l21.mx\/?p=36728","title":{"rendered":"Alfonso Romo calific\u00f3 como una verg\u00fcenza el crecimiento econ\u00f3mico de M\u00e9xico"},"content":{"rendered":"\n<p class=\"wp-block-paragraph\"><strong><em>El pa\u00eds no ha crecido,  porque no se ha creado la cantidad necesaria de empresas por sector y por regi\u00f3n<\/em><\/strong><\/p>\n\n\n\n<p class=\"wp-block-paragraph\">CIUDAD DE M\u00c9XICO (apro).- El jefe de la oficina de la presidencia y principal interlocutor con el sector empresarial, Alfonso Romo hizo un llamado a la iniciativa privada\u00a0 a no conformarse con la inercia del crecimiento econ\u00f3mico de los \u00faltimos a\u00f1os, al que calific\u00f3 como una \u201cverg\u00fcenza\u201d.<\/p>\n\n\n\n<p class=\"wp-block-paragraph\"><strong>En la presentaci\u00f3n de las Mesas Sectoriales de Econom\u00eda dentro de los Foros de Participaci\u00f3n y Consulta del Plan Nacional de Desarrollo 2019-2024, Romo solt\u00f3:<\/strong><\/p>\n\n\n\n<p class=\"wp-block-paragraph\">\u201cM\u00e9xico no se puede conformar con solamente recibir entre 25 y 28 mil millones de d\u00f3lares de IED (Inversi\u00f3n Extranjera Directa), no, tenemos que ver en el Plan, que tenemos que hacer para atraer al 35 o 40 lo que d\u00e9\u2026 no podemos ser conformistas\u201d.<\/p>\n\n\n\n<p class=\"wp-block-paragraph\">En el diagn\u00f3stico, el ex empresario neolon\u00e9s <strong>record\u00f3 que M\u00e9xico se convirti\u00f3 en un pa\u00eds importador y productor<\/strong>, sin embargo, dijo, \u201cuna de las grandes razones por las que <strong>el pa\u00eds no ha crecido, es porque no se ha creado la cantidad necesaria de empresas por sector y por regi\u00f3n<\/strong>\u201d.<\/p>\n\n\n\n<p class=\"wp-block-paragraph\">No qued\u00f3 ah\u00ed. Alfonso Romo se\u00f1al\u00f3 que de 43 tratados comerciales, en al menos 41 tienen d\u00e9ficit, \u201ceso es una verg\u00fcenza; <strong>necesitamos realmente ver d\u00f3nde est\u00e1n las oportunidades de las industrias para fortalecer al mercado interno<\/strong>, que con eso vamos abatir la pobreza e inequidad\u201d, solt\u00f3.<\/p>\n\n\n\n<p class=\"wp-block-paragraph\">En la ceremonia de inauguraci\u00f3n llevada a cabo en las instalaciones de la Secretar\u00eda de Econom\u00eda, participaron tambi\u00e9n Carlos Salazar Lomel\u00edn, presidente del Consejo Coordinador Empresarial (CCE); Gustavo Enrique Madero Mu\u00f1oz, presidente de la Comisi\u00f3n de Econom\u00eda de la C\u00e1mara de Senadores; Fernando Galindo Favela, l\u00edder de la Comisi\u00f3n de Econom\u00eda, Comercio y Competitividad de la C\u00e1mara de Diputados.<\/p>\n\n\n\n<p class=\"wp-block-paragraph\">Asistieron adem\u00e1s dirigentes y representantes de la C\u00e1mara Nacional de la Industria de la Transformaci\u00f3n (Canacintra); la Confederaci\u00f3n de C\u00e1maras Industriales de los Estados Unidos Mexicanos (Concamin); la Confederaci\u00f3n Patronal de la Rep\u00fablica Mexicana (Coparmex); el Consejo Empresarial Mexicano de Comercio Exterior, Inversi\u00f3n y Tecnolog\u00eda (Comce); el Consejo Nacional Agropecuario (CNA) y la Asociaci\u00f3n Nacional de Tiendas de Autoservicio y Departamentales (ANTAD).<\/p>\n\n\n\n<p class=\"wp-block-paragraph\">En d\u00edas recientes se celebraron los Foros Estatales de Consulta en las ciudades de Chihuahua y Monterrey, donde se recabaron propuestas espec\u00edficas en materia de justicia y Estado de Derecho, bienestar social y desarrollo econ\u00f3mico, los tres ejes estrat\u00e9gicos del gobierno de Andr\u00e9s Manuel L\u00f3pez Obrador.<\/p>\n\n\n\n<p class=\"wp-block-paragraph\">El pr\u00f3ximo viernes 15 se realizar\u00e1 en Guadalajara, Jalisco, el tercer y \u00faltimo Foro Estatal de Participaci\u00f3n y Consulta del Plan Nacional de Desarrollo.<br><\/p>\n","protected":false},"excerpt":{"rendered":"<p>El pa\u00eds no ha crecido, porque no se ha creado la cantidad necesaria de empresas por&hellip;<\/p>\n","protected":false},"author":69,"featured_media":36729,"comment_status":"open","ping_status":"open","sticky":false,"template":"","format":"standard","meta":{"_acf_changed":false,"_lmt_disableupdate":"","_lmt_disable":"","_mbp_gutenberg_autopost":false,"footnotes":""},"categories":[4,23],"tags":[],"class_list":["post-36728","post","type-post","status-publish","format-standard","has-post-thumbnail","hentry","category-empresas-y-negocios","category-noticias"],"acf":[],"_links":{"self":[{"href":"https:\/\/l21.mx\/index.php?rest_route=\/wp\/v2\/posts\/36728","targetHints":{"allow":["GET"]}}],"collection":[{"href":"https:\/\/l21.mx\/index.php?rest_route=\/wp\/v2\/posts"}],"about":[{"href":"https:\/\/l21.mx\/index.php?rest_route=\/wp\/v2\/types\/post"}],"author":[{"embeddable":true,"href":"https:\/\/l21.mx\/index.php?rest_route=\/wp\/v2\/users\/69"}],"replies":[{"embeddable":true,"href":"https:\/\/l21.mx\/index.php?rest_route=%2Fwp%2Fv2%2Fcomments&post=36728"}],"version-history":[{"count":0,"href":"https:\/\/l21.mx\/index.php?rest_route=\/wp\/v2\/posts\/36728\/revisions"}],"wp:featuredmedia":[{"embeddable":true,"href":"https:\/\/l21.mx\/index.php?rest_route=\/wp\/v2\/media\/36729"}],"wp:attachment":[{"href":"https:\/\/l21.mx\/index.php?rest_route=%2Fwp%2Fv2%2Fmedia&parent=36728"}],"wp:term":[{"taxonomy":"category","embeddable":true,"href":"https:\/\/l21.mx\/index.php?rest_route=%2Fwp%2Fv2%2Fcategories&post=36728"},{"taxonomy":"post_tag","embeddable":true,"href":"https:\/\/l21.mx\/index.php?rest_route=%2Fwp%2Fv2%2Ftags&post=36728"}],"curies":[{"name":"wp","href":"https:\/\/api.w.org\/{rel}","templated":true}]}}