{"id":36815,"date":"2019-03-25T11:50:54","date_gmt":"2019-03-25T16:50:54","guid":{"rendered":"https:\/\/l21.mx\/?p=36815"},"modified":"2019-09-27T16:35:43","modified_gmt":"2019-09-27T21:35:43","slug":"tren-maya-evitara-migracion-de-habitantes-de-la-zona-y-contribuira-al-reordenamiento-territorial","status":"publish","type":"post","link":"https:\/\/l21.mx\/?p=36815","title":{"rendered":"Tren Maya evitar\u00e1 migraci\u00f3n de habitantes de la zona y contribuir\u00e1 al reordenamiento territorial"},"content":{"rendered":"\n<p>El presidente de la Confederaci\u00f3n de C\u00e1maras Nacionales de Comercio, Servicios y Turismo (Concanaco Servytur), Jos\u00e9 Manuel L\u00f3pez Campos, dijo que el proyecto del Tren Maya conectar\u00e1 a todos los sitios emblem\u00e1ticos de la regi\u00f3n y permitir\u00e1 <strong>dinamizar el desarrollo de los cinco estados comprendidos en la ruta,<\/strong> generando oportunidades para la atracci\u00f3n de empresas productivas y empleo.<\/p>\n\n\n\n<p>\u00abEste proyecto permitir\u00e1 generar, en gran medida, los empleos que se requieren en un pa\u00eds como el nuestro que a\u00fan tiene un bono demogr\u00e1fico importante y, de esta manera, contribuir\u00e1 a reducir las presiones sociales\u00bb, dijo Campos.<\/p>\n\n\n\n<p>Tambi\u00e9n expuso que abrir\u00e1 la posibilidad para que empresas de la regi\u00f3n Sur-Sureste sean competitivas para proveer bienes y servicios<\/p>\n\n\n\n<p>Adem\u00e1s, se\u00f1al\u00f3 que contribuir\u00e1 al reordenamiento territorial de la regi\u00f3n y<strong>evitar\u00e1 que contin\u00fae la migraci\u00f3n de habitantes&nbsp;<\/strong>de la zona hacia las principales ciudades del pa\u00eds en busca de trabajo.<\/p>\n\n\n\n<p>El l\u00edder empresarial subray\u00f3 que la salida de habitantes en busca de mejores oportunidades de vida ha provocado la disminuci\u00f3n de la poblaci\u00f3n en las ciudades peque\u00f1as y medianas del sureste, as\u00ed como el&nbsp;<strong>abandono de actividades agropecuarias y artesanales&nbsp;<\/strong>y la excesiva concentraci\u00f3n demogr\u00e1fica de algunas metr\u00f3polis.<\/p>\n\n\n\n<p>Debido a la conectividad, vol\u00famenes y costos ligados al transporte por ferrocarril<strong>&nbsp;se abrir\u00e1 un nuevo mercado para las empresas locales<\/strong>&nbsp;para proveer bienes y servicios entre las entidades de la regi\u00f3n, con grandes ventajas log\u00edsticas, y oportunidades para productos agropecuarios y alimentos procesados, anot\u00f3.<\/p>\n\n\n\n<p>El directivo asever\u00f3 la regi\u00f3n Sur-Sureste del pa\u00eds tiene una gran oportunidad de crecimiento y desarrollo porque el gobierno federal incluye entre sus prioridades reducir los rezagos entre los estados del sur y sureste respecto al centro y norte del pa\u00eds.<\/p>\n","protected":false},"excerpt":{"rendered":"<p>El presidente de la Confederaci\u00f3n de C\u00e1maras Nacionales de Comercio, Servicios y Turismo (Concanaco Servytur), Jos\u00e9&hellip;<\/p>\n","protected":false},"author":69,"featured_media":36816,"comment_status":"open","ping_status":"open","sticky":false,"template":"","format":"standard","meta":{"_acf_changed":false,"_lmt_disableupdate":"","_lmt_disable":"","_mbp_gutenberg_autopost":false,"footnotes":""},"categories":[4,23,8],"tags":[],"class_list":["post-36815","post","type-post","status-publish","format-standard","has-post-thumbnail","hentry","category-empresas-y-negocios","category-noticias","category-turismo"],"acf":[],"yoast_head":"<!-- This site is optimized with the Yoast SEO plugin v27.3 - https:\/\/yoast.com\/product\/yoast-seo-wordpress\/ -->\n<title>Tren Maya evitar\u00e1 migraci\u00f3n de habitantes de la zona y contribuir\u00e1 al reordenamiento territorial | Revista Latitud 21<\/title>\n<meta name=\"description\" content=\"L21, Emprendedores y Negocios en el Caribe Mexicano, es la revista l\u00edder entre el Sector Empresarial y Tur\u00edstico del Caribe Mexicano.\" \/>\n<meta name=\"robots\" content=\"index, follow, max-snippet:-1, max-image-preview:large, max-video-preview:-1\" \/>\n<link rel=\"canonical\" href=\"https:\/\/l21.mx\/?p=36815\" \/>\n<meta name=\"twitter:card\" content=\"summary_large_image\" \/>\n<meta name=\"twitter:title\" content=\"Tren Maya evitar\u00e1 migraci\u00f3n de habitantes de la zona y contribuir\u00e1 al reordenamiento territorial | Revista Latitud 21\" \/>\n<meta name=\"twitter:description\" content=\"L21, Emprendedores y Negocios en el Caribe Mexicano, es la revista l\u00edder entre el Sector Empresarial y Tur\u00edstico del Caribe Mexicano.\" \/>\n<meta name=\"twitter:image\" content=\"https:\/\/l21.mx\/wp-content\/uploads\/2019\/03\/tren-maya-evitara-migracion.jpg\" \/>\n<meta name=\"twitter:creator\" content=\"@Latitud21mx\" \/>\n<meta name=\"twitter:site\" content=\"@Latitud21mx\" \/>\n<meta name=\"twitter:label1\" content=\"Escrito por\" \/>\n\t<meta name=\"twitter:data1\" content=\"Redacci\u00f3n\" \/>\n\t<meta name=\"twitter:label2\" content=\"Tiempo de lectura\" \/>\n\t<meta name=\"twitter:data2\" content=\"2 minutos\" \/>\n<script type=\"application\/ld+json\" class=\"yoast-schema-graph\">{\"@context\":\"https:\\\/\\\/schema.org\",\"@graph\":[{\"@type\":\"Article\",\"@id\":\"https:\\\/\\\/l21.mx\\\/?p=36815#article\",\"isPartOf\":{\"@id\":\"https:\\\/\\\/l21.mx\\\/?p=36815\"},\"author\":{\"name\":\"Redacci\u00f3n\",\"@id\":\"https:\\\/\\\/l21.mx\\\/#\\\/schema\\\/person\\\/066641669c6ee7227953da2a023ebcde\"},\"headline\":\"Tren Maya evitar\u00e1 migraci\u00f3n de habitantes de la zona y contribuir\u00e1 al reordenamiento territorial\",\"datePublished\":\"2019-03-25T16:50:54+00:00\",\"dateModified\":\"2019-09-27T21:35:43+00:00\",\"mainEntityOfPage\":{\"@id\":\"https:\\\/\\\/l21.mx\\\/?p=36815\"},\"wordCount\":329,\"commentCount\":0,\"publisher\":{\"@id\":\"https:\\\/\\\/l21.mx\\\/#organization\"},\"image\":{\"@id\":\"https:\\\/\\\/l21.mx\\\/?p=36815#primaryimage\"},\"thumbnailUrl\":\"https:\\\/\\\/l21.mx\\\/wp-content\\\/uploads\\\/2019\\\/03\\\/tren-maya-evitara-migracion.jpg\",\"articleSection\":[\"Empresas y Negocios\",\"Noticias\",\"Turismo\"],\"inLanguage\":\"es\",\"potentialAction\":[{\"@type\":\"CommentAction\",\"name\":\"Comment\",\"target\":[\"https:\\\/\\\/l21.mx\\\/?p=36815#respond\"]}]},{\"@type\":\"WebPage\",\"@id\":\"https:\\\/\\\/l21.mx\\\/?p=36815\",\"url\":\"https:\\\/\\\/l21.mx\\\/?p=36815\",\"name\":\"Tren Maya evitar\u00e1 migraci\u00f3n de habitantes de la zona y contribuir\u00e1 al reordenamiento territorial | Revista Latitud 21\",\"isPartOf\":{\"@id\":\"https:\\\/\\\/l21.mx\\\/#website\"},\"primaryImageOfPage\":{\"@id\":\"https:\\\/\\\/l21.mx\\\/?p=36815#primaryimage\"},\"image\":{\"@id\":\"https:\\\/\\\/l21.mx\\\/?p=36815#primaryimage\"},\"thumbnailUrl\":\"https:\\\/\\\/l21.mx\\\/wp-content\\\/uploads\\\/2019\\\/03\\\/tren-maya-evitara-migracion.jpg\",\"datePublished\":\"2019-03-25T16:50:54+00:00\",\"dateModified\":\"2019-09-27T21:35:43+00:00\",\"description\":\"L21, Emprendedores y Negocios en el Caribe Mexicano, es la revista l\u00edder entre el Sector Empresarial y Tur\u00edstico del Caribe Mexicano.\",\"breadcrumb\":{\"@id\":\"https:\\\/\\\/l21.mx\\\/?p=36815#breadcrumb\"},\"inLanguage\":\"es\",\"potentialAction\":[{\"@type\":\"ReadAction\",\"target\":[\"https:\\\/\\\/l21.mx\\\/?p=36815\"]}]},{\"@type\":\"ImageObject\",\"inLanguage\":\"es\",\"@id\":\"https:\\\/\\\/l21.mx\\\/?p=36815#primaryimage\",\"url\":\"https:\\\/\\\/l21.mx\\\/wp-content\\\/uploads\\\/2019\\\/03\\\/tren-maya-evitara-migracion.jpg\",\"contentUrl\":\"https:\\\/\\\/l21.mx\\\/wp-content\\\/uploads\\\/2019\\\/03\\\/tren-maya-evitara-migracion.jpg\",\"width\":1200,\"height\":420},{\"@type\":\"BreadcrumbList\",\"@id\":\"https:\\\/\\\/l21.mx\\\/?p=36815#breadcrumb\",\"itemListElement\":[{\"@type\":\"ListItem\",\"position\":1,\"name\":\"Portada\",\"item\":\"https:\\\/\\\/l21.mx\\\/\"},{\"@type\":\"ListItem\",\"position\":2,\"name\":\"Tren Maya evitar\u00e1 migraci\u00f3n de habitantes de la zona y contribuir\u00e1 al reordenamiento territorial\"}]},{\"@type\":\"WebSite\",\"@id\":\"https:\\\/\\\/l21.mx\\\/#website\",\"url\":\"https:\\\/\\\/l21.mx\\\/\",\"name\":\"Revista Latitud 21\",\"description\":\"Emprendedores  y negocios en el Caribe Mexicano\",\"publisher\":{\"@id\":\"https:\\\/\\\/l21.mx\\\/#organization\"},\"potentialAction\":[{\"@type\":\"SearchAction\",\"target\":{\"@type\":\"EntryPoint\",\"urlTemplate\":\"https:\\\/\\\/l21.mx\\\/?s={search_term_string}\"},\"query-input\":{\"@type\":\"PropertyValueSpecification\",\"valueRequired\":true,\"valueName\":\"search_term_string\"}}],\"inLanguage\":\"es\"},{\"@type\":\"Organization\",\"@id\":\"https:\\\/\\\/l21.mx\\\/#organization\",\"name\":\"Grupo Editorial Latitud 21 SA de CV\",\"url\":\"https:\\\/\\\/l21.mx\\\/\",\"logo\":{\"@type\":\"ImageObject\",\"inLanguage\":\"es\",\"@id\":\"https:\\\/\\\/l21.mx\\\/#\\\/schema\\\/logo\\\/image\\\/\",\"url\":\"https:\\\/\\\/l21.mx\\\/wp-content\\\/uploads\\\/2020\\\/10\\\/logo-l21-baja.jpg\",\"contentUrl\":\"https:\\\/\\\/l21.mx\\\/wp-content\\\/uploads\\\/2020\\\/10\\\/logo-l21-baja.jpg\",\"width\":250,\"height\":250,\"caption\":\"Grupo Editorial Latitud 21 SA de CV\"},\"image\":{\"@id\":\"https:\\\/\\\/l21.mx\\\/#\\\/schema\\\/logo\\\/image\\\/\"},\"sameAs\":[\"https:\\\/\\\/www.facebook.com\\\/RevistaLatitud21\\\/\",\"https:\\\/\\\/x.com\\\/Latitud21mx\"]},{\"@type\":\"Person\",\"@id\":\"https:\\\/\\\/l21.mx\\\/#\\\/schema\\\/person\\\/066641669c6ee7227953da2a023ebcde\",\"name\":\"Redacci\u00f3n\",\"url\":\"https:\\\/\\\/l21.mx\\\/?author=69\"}]}<\/script>\n<!-- \/ Yoast SEO plugin. -->","yoast_head_json":{"title":"Tren Maya evitar\u00e1 migraci\u00f3n de habitantes de la zona y contribuir\u00e1 al reordenamiento territorial | Revista Latitud 21","description":"L21, Emprendedores y Negocios en el Caribe Mexicano, es la revista l\u00edder entre el Sector Empresarial y Tur\u00edstico del Caribe Mexicano.","robots":{"index":"index","follow":"follow","max-snippet":"max-snippet:-1","max-image-preview":"max-image-preview:large","max-video-preview":"max-video-preview:-1"},"canonical":"https:\/\/l21.mx\/?p=36815","twitter_card":"summary_large_image","twitter_title":"Tren Maya evitar\u00e1 migraci\u00f3n de habitantes de la zona y contribuir\u00e1 al reordenamiento territorial | Revista Latitud 21","twitter_description":"L21, Emprendedores y Negocios en el Caribe Mexicano, es la revista l\u00edder entre el Sector Empresarial y Tur\u00edstico del Caribe Mexicano.","twitter_image":"https:\/\/l21.mx\/wp-content\/uploads\/2019\/03\/tren-maya-evitara-migracion.jpg","twitter_creator":"@Latitud21mx","twitter_site":"@Latitud21mx","twitter_misc":{"Escrito por":"Redacci\u00f3n","Tiempo de lectura":"2 minutos"},"schema":{"@context":"https:\/\/schema.org","@graph":[{"@type":"Article","@id":"https:\/\/l21.mx\/?p=36815#article","isPartOf":{"@id":"https:\/\/l21.mx\/?p=36815"},"author":{"name":"Redacci\u00f3n","@id":"https:\/\/l21.mx\/#\/schema\/person\/066641669c6ee7227953da2a023ebcde"},"headline":"Tren Maya evitar\u00e1 migraci\u00f3n de habitantes de la zona y contribuir\u00e1 al reordenamiento territorial","datePublished":"2019-03-25T16:50:54+00:00","dateModified":"2019-09-27T21:35:43+00:00","mainEntityOfPage":{"@id":"https:\/\/l21.mx\/?p=36815"},"wordCount":329,"commentCount":0,"publisher":{"@id":"https:\/\/l21.mx\/#organization"},"image":{"@id":"https:\/\/l21.mx\/?p=36815#primaryimage"},"thumbnailUrl":"https:\/\/l21.mx\/wp-content\/uploads\/2019\/03\/tren-maya-evitara-migracion.jpg","articleSection":["Empresas y Negocios","Noticias","Turismo"],"inLanguage":"es","potentialAction":[{"@type":"CommentAction","name":"Comment","target":["https:\/\/l21.mx\/?p=36815#respond"]}]},{"@type":"WebPage","@id":"https:\/\/l21.mx\/?p=36815","url":"https:\/\/l21.mx\/?p=36815","name":"Tren Maya evitar\u00e1 migraci\u00f3n de habitantes de la zona y contribuir\u00e1 al reordenamiento territorial | Revista Latitud 21","isPartOf":{"@id":"https:\/\/l21.mx\/#website"},"primaryImageOfPage":{"@id":"https:\/\/l21.mx\/?p=36815#primaryimage"},"image":{"@id":"https:\/\/l21.mx\/?p=36815#primaryimage"},"thumbnailUrl":"https:\/\/l21.mx\/wp-content\/uploads\/2019\/03\/tren-maya-evitara-migracion.jpg","datePublished":"2019-03-25T16:50:54+00:00","dateModified":"2019-09-27T21:35:43+00:00","description":"L21, Emprendedores y Negocios en el Caribe Mexicano, es la revista l\u00edder entre el Sector Empresarial y Tur\u00edstico del Caribe Mexicano.","breadcrumb":{"@id":"https:\/\/l21.mx\/?p=36815#breadcrumb"},"inLanguage":"es","potentialAction":[{"@type":"ReadAction","target":["https:\/\/l21.mx\/?p=36815"]}]},{"@type":"ImageObject","inLanguage":"es","@id":"https:\/\/l21.mx\/?p=36815#primaryimage","url":"https:\/\/l21.mx\/wp-content\/uploads\/2019\/03\/tren-maya-evitara-migracion.jpg","contentUrl":"https:\/\/l21.mx\/wp-content\/uploads\/2019\/03\/tren-maya-evitara-migracion.jpg","width":1200,"height":420},{"@type":"BreadcrumbList","@id":"https:\/\/l21.mx\/?p=36815#breadcrumb","itemListElement":[{"@type":"ListItem","position":1,"name":"Portada","item":"https:\/\/l21.mx\/"},{"@type":"ListItem","position":2,"name":"Tren Maya evitar\u00e1 migraci\u00f3n de habitantes de la zona y contribuir\u00e1 al reordenamiento territorial"}]},{"@type":"WebSite","@id":"https:\/\/l21.mx\/#website","url":"https:\/\/l21.mx\/","name":"Revista Latitud 21","description":"Emprendedores  y negocios en el Caribe Mexicano","publisher":{"@id":"https:\/\/l21.mx\/#organization"},"potentialAction":[{"@type":"SearchAction","target":{"@type":"EntryPoint","urlTemplate":"https:\/\/l21.mx\/?s={search_term_string}"},"query-input":{"@type":"PropertyValueSpecification","valueRequired":true,"valueName":"search_term_string"}}],"inLanguage":"es"},{"@type":"Organization","@id":"https:\/\/l21.mx\/#organization","name":"Grupo Editorial Latitud 21 SA de CV","url":"https:\/\/l21.mx\/","logo":{"@type":"ImageObject","inLanguage":"es","@id":"https:\/\/l21.mx\/#\/schema\/logo\/image\/","url":"https:\/\/l21.mx\/wp-content\/uploads\/2020\/10\/logo-l21-baja.jpg","contentUrl":"https:\/\/l21.mx\/wp-content\/uploads\/2020\/10\/logo-l21-baja.jpg","width":250,"height":250,"caption":"Grupo Editorial Latitud 21 SA de CV"},"image":{"@id":"https:\/\/l21.mx\/#\/schema\/logo\/image\/"},"sameAs":["https:\/\/www.facebook.com\/RevistaLatitud21\/","https:\/\/x.com\/Latitud21mx"]},{"@type":"Person","@id":"https:\/\/l21.mx\/#\/schema\/person\/066641669c6ee7227953da2a023ebcde","name":"Redacci\u00f3n","url":"https:\/\/l21.mx\/?author=69"}]}},"amp_enabled":true,"_links":{"self":[{"href":"https:\/\/l21.mx\/index.php?rest_route=\/wp\/v2\/posts\/36815","targetHints":{"allow":["GET"]}}],"collection":[{"href":"https:\/\/l21.mx\/index.php?rest_route=\/wp\/v2\/posts"}],"about":[{"href":"https:\/\/l21.mx\/index.php?rest_route=\/wp\/v2\/types\/post"}],"author":[{"embeddable":true,"href":"https:\/\/l21.mx\/index.php?rest_route=\/wp\/v2\/users\/69"}],"replies":[{"embeddable":true,"href":"https:\/\/l21.mx\/index.php?rest_route=%2Fwp%2Fv2%2Fcomments&post=36815"}],"version-history":[{"count":0,"href":"https:\/\/l21.mx\/index.php?rest_route=\/wp\/v2\/posts\/36815\/revisions"}],"wp:featuredmedia":[{"embeddable":true,"href":"https:\/\/l21.mx\/index.php?rest_route=\/wp\/v2\/media\/36816"}],"wp:attachment":[{"href":"https:\/\/l21.mx\/index.php?rest_route=%2Fwp%2Fv2%2Fmedia&parent=36815"}],"wp:term":[{"taxonomy":"category","embeddable":true,"href":"https:\/\/l21.mx\/index.php?rest_route=%2Fwp%2Fv2%2Fcategories&post=36815"},{"taxonomy":"post_tag","embeddable":true,"href":"https:\/\/l21.mx\/index.php?rest_route=%2Fwp%2Fv2%2Ftags&post=36815"}],"curies":[{"name":"wp","href":"https:\/\/api.w.org\/{rel}","templated":true}]}}