{"id":36917,"date":"2019-03-29T16:45:56","date_gmt":"2019-03-29T21:45:56","guid":{"rendered":"https:\/\/l21.mx\/?p=36917"},"modified":"2019-03-29T16:46:05","modified_gmt":"2019-03-29T21:46:05","slug":"el-caribe-mexicano-preve-mas-de-un-millon-200-mil-turistas-en-semana-santa","status":"publish","type":"post","link":"https:\/\/l21.mx\/?p=36917","title":{"rendered":"El Caribe Mexicano prev\u00e9 m\u00e1s de un mill\u00f3n 200 mil turistas en Semana Santa"},"content":{"rendered":"\n<p><strong><em>De acuerdo con los pron\u00f3sticos, se estima un crecimiento de 3.2% en volumen de turistas, 2.6% en habitaciones noche y 2.6% en derrama econ\u00f3mica<\/em><\/strong><\/p>\n\n\n\n<p>Para la temporada vacacional de Semana Santa que abarca del 13 al 28 de abril, los destinos tur\u00edsticos del Caribe Mexicano prev\u00e9n una ocupaci\u00f3n total de 87.5% y el arribo de un mill\u00f3n 276 mil 429 turistas, lo que representa un crecimiento de 3.2% comparado con el mismo periodo de 2018.<br><\/p>\n\n\n\n<p>De acuerdo al pron\u00f3stico de la Secretar\u00eda de Turismo de Quintana Roo SEDETUR, denominado \u00a8Temporada Vacacional Semana Santa 2019\u00a8, para este periodo se prev\u00e9 un total de mill\u00f3n 439 mil 506 habitaciones noche ocupadas, esto es 2.6% m\u00e1s que en el periodo de Semana Santa 2018.<br><\/p>\n\n\n\n<p>En tanto, en los destinos Canc\u00fan, Puerto Morelos, Cozumel, Isla Mujeres zona continental y zona isla, Chetumal, Riviera Maya (Playa del Carmen, Tulum y otros), Holbox, Bacalar, Mahahual, Felipe Carrillo Puerto y Jos\u00e9 Mar\u00eda Morelos, se estima la generaci\u00f3n de una derrama econ\u00f3mica de mil 075.33 millones de d\u00f3lares, 2.6% m\u00e1s que en la misma temporada de 2018.<br><\/p>\n\n\n\n<p>La secretaria de Turismo de Quintana Roo Marisol Vanegas P\u00e9rez destac\u00f3 que el Caribe Mexicano cuenta con una oferta de m\u00e1s de 102 mil 890 cuartos de hotel, m\u00e1s de mil 075 hoteles, de los cuales, el 35.5 corresponden a habitaciones en la categor\u00eda de 5 Estrellas y Gran Turismo del pa\u00eds.<\/p>\n\n\n\n<p>A esto se suman tres aeropuertos internacionales, una disponibilidad de asientos de avi\u00f3n de m\u00e1s de 6 millones de asientos de avi\u00f3n solo de Norteam\u00e9rica y conexiones con m\u00e1s de 50 aeropuerto.<\/p>\n\n\n\n<p>En 2018, en Quintana Roo recibi\u00f3 m\u00e1s de 20 millones de visitantes, al ser la principal actividad econ\u00f3mica dependen m\u00e1s de 450 mil familias quienes, de la mano con el sector productivo s\u00f3lido mantienen una actividad econ\u00f3mica y plantilla laboral sustentada en la calidad hospitalidad y buen trato.<\/p>\n\n\n\n<p>\u00a8Los esfuerzos de todos permiten a nuestros visitantes disfrutar experiencias inolvidables y que regresen a visitar nuestros destinos tur\u00edsticos\u00a8, puntualiz\u00f3 la titular de la SEDETUR.<br><\/p>\n","protected":false},"excerpt":{"rendered":"<p>De acuerdo con los pron\u00f3sticos, se estima un crecimiento de 3.2% en volumen de turistas, 2.6%&hellip;<\/p>\n","protected":false},"author":69,"featured_media":36918,"comment_status":"open","ping_status":"open","sticky":false,"template":"","format":"standard","meta":{"_acf_changed":false,"_lmt_disableupdate":"","_lmt_disable":"","_mbp_gutenberg_autopost":false,"footnotes":""},"categories":[4,23,8],"tags":[],"class_list":["post-36917","post","type-post","status-publish","format-standard","has-post-thumbnail","hentry","category-empresas-y-negocios","category-noticias","category-turismo"],"acf":[],"yoast_head":"<!-- This site is optimized with the Yoast SEO plugin v27.3 - https:\/\/yoast.com\/product\/yoast-seo-wordpress\/ -->\n<title>El Caribe Mexicano prev\u00e9 m\u00e1s de un mill\u00f3n 200 mil turistas en Semana Santa | Revista Latitud 21<\/title>\n<meta name=\"description\" content=\"L21, Emprendedores y Negocios en el Caribe Mexicano, es la revista l\u00edder entre el Sector Empresarial y Tur\u00edstico del Caribe Mexicano.\" \/>\n<meta name=\"robots\" content=\"index, follow, max-snippet:-1, max-image-preview:large, max-video-preview:-1\" \/>\n<link rel=\"canonical\" href=\"https:\/\/l21.mx\/?p=36917\" \/>\n<meta name=\"twitter:card\" content=\"summary_large_image\" \/>\n<meta name=\"twitter:title\" content=\"El Caribe Mexicano prev\u00e9 m\u00e1s de un mill\u00f3n 200 mil turistas en Semana Santa | Revista Latitud 21\" \/>\n<meta name=\"twitter:description\" content=\"L21, Emprendedores y Negocios en el Caribe Mexicano, es la revista l\u00edder entre el Sector Empresarial y Tur\u00edstico del Caribe Mexicano.\" \/>\n<meta name=\"twitter:image\" content=\"https:\/\/l21.mx\/wp-content\/uploads\/2019\/03\/semana-santa.jpg\" \/>\n<meta name=\"twitter:creator\" content=\"@Latitud21mx\" \/>\n<meta name=\"twitter:site\" content=\"@Latitud21mx\" \/>\n<meta name=\"twitter:label1\" content=\"Escrito por\" \/>\n\t<meta name=\"twitter:data1\" content=\"Redacci\u00f3n\" \/>\n\t<meta name=\"twitter:label2\" content=\"Tiempo de lectura\" \/>\n\t<meta name=\"twitter:data2\" content=\"2 minutos\" \/>\n<script type=\"application\/ld+json\" class=\"yoast-schema-graph\">{\"@context\":\"https:\\\/\\\/schema.org\",\"@graph\":[{\"@type\":\"Article\",\"@id\":\"https:\\\/\\\/l21.mx\\\/?p=36917#article\",\"isPartOf\":{\"@id\":\"https:\\\/\\\/l21.mx\\\/?p=36917\"},\"author\":{\"name\":\"Redacci\u00f3n\",\"@id\":\"https:\\\/\\\/l21.mx\\\/#\\\/schema\\\/person\\\/066641669c6ee7227953da2a023ebcde\"},\"headline\":\"El Caribe Mexicano prev\u00e9 m\u00e1s de un mill\u00f3n 200 mil turistas en Semana Santa\",\"datePublished\":\"2019-03-29T21:45:56+00:00\",\"dateModified\":\"2019-03-29T21:46:05+00:00\",\"mainEntityOfPage\":{\"@id\":\"https:\\\/\\\/l21.mx\\\/?p=36917\"},\"wordCount\":355,\"commentCount\":0,\"publisher\":{\"@id\":\"https:\\\/\\\/l21.mx\\\/#organization\"},\"image\":{\"@id\":\"https:\\\/\\\/l21.mx\\\/?p=36917#primaryimage\"},\"thumbnailUrl\":\"https:\\\/\\\/l21.mx\\\/wp-content\\\/uploads\\\/2019\\\/03\\\/semana-santa.jpg\",\"articleSection\":[\"Empresas y Negocios\",\"Noticias\",\"Turismo\"],\"inLanguage\":\"es\",\"potentialAction\":[{\"@type\":\"CommentAction\",\"name\":\"Comment\",\"target\":[\"https:\\\/\\\/l21.mx\\\/?p=36917#respond\"]}]},{\"@type\":\"WebPage\",\"@id\":\"https:\\\/\\\/l21.mx\\\/?p=36917\",\"url\":\"https:\\\/\\\/l21.mx\\\/?p=36917\",\"name\":\"El Caribe Mexicano prev\u00e9 m\u00e1s de un mill\u00f3n 200 mil turistas en Semana Santa | Revista Latitud 21\",\"isPartOf\":{\"@id\":\"https:\\\/\\\/l21.mx\\\/#website\"},\"primaryImageOfPage\":{\"@id\":\"https:\\\/\\\/l21.mx\\\/?p=36917#primaryimage\"},\"image\":{\"@id\":\"https:\\\/\\\/l21.mx\\\/?p=36917#primaryimage\"},\"thumbnailUrl\":\"https:\\\/\\\/l21.mx\\\/wp-content\\\/uploads\\\/2019\\\/03\\\/semana-santa.jpg\",\"datePublished\":\"2019-03-29T21:45:56+00:00\",\"dateModified\":\"2019-03-29T21:46:05+00:00\",\"description\":\"L21, Emprendedores y Negocios en el Caribe Mexicano, es la revista l\u00edder entre el Sector Empresarial y Tur\u00edstico del Caribe Mexicano.\",\"breadcrumb\":{\"@id\":\"https:\\\/\\\/l21.mx\\\/?p=36917#breadcrumb\"},\"inLanguage\":\"es\",\"potentialAction\":[{\"@type\":\"ReadAction\",\"target\":[\"https:\\\/\\\/l21.mx\\\/?p=36917\"]}]},{\"@type\":\"ImageObject\",\"inLanguage\":\"es\",\"@id\":\"https:\\\/\\\/l21.mx\\\/?p=36917#primaryimage\",\"url\":\"https:\\\/\\\/l21.mx\\\/wp-content\\\/uploads\\\/2019\\\/03\\\/semana-santa.jpg\",\"contentUrl\":\"https:\\\/\\\/l21.mx\\\/wp-content\\\/uploads\\\/2019\\\/03\\\/semana-santa.jpg\",\"width\":2300,\"height\":1534,\"caption\":\"30722097. Canc\u00fan.- Ba\u00f1istas nacionales e internacionales disfrutan de las playas de Canc\u00fan durante las vacaciones de verano. NOTIMEX\\\/FOTO\\\/FRANCISCO G\u00c1LVEZ\\\/COR\\\/HUM\\\/\"},{\"@type\":\"BreadcrumbList\",\"@id\":\"https:\\\/\\\/l21.mx\\\/?p=36917#breadcrumb\",\"itemListElement\":[{\"@type\":\"ListItem\",\"position\":1,\"name\":\"Portada\",\"item\":\"https:\\\/\\\/l21.mx\\\/\"},{\"@type\":\"ListItem\",\"position\":2,\"name\":\"El Caribe Mexicano prev\u00e9 m\u00e1s de un mill\u00f3n 200 mil turistas en Semana Santa\"}]},{\"@type\":\"WebSite\",\"@id\":\"https:\\\/\\\/l21.mx\\\/#website\",\"url\":\"https:\\\/\\\/l21.mx\\\/\",\"name\":\"Revista Latitud 21\",\"description\":\"Emprendedores  y negocios en el Caribe Mexicano\",\"publisher\":{\"@id\":\"https:\\\/\\\/l21.mx\\\/#organization\"},\"potentialAction\":[{\"@type\":\"SearchAction\",\"target\":{\"@type\":\"EntryPoint\",\"urlTemplate\":\"https:\\\/\\\/l21.mx\\\/?s={search_term_string}\"},\"query-input\":{\"@type\":\"PropertyValueSpecification\",\"valueRequired\":true,\"valueName\":\"search_term_string\"}}],\"inLanguage\":\"es\"},{\"@type\":\"Organization\",\"@id\":\"https:\\\/\\\/l21.mx\\\/#organization\",\"name\":\"Grupo Editorial Latitud 21 SA de CV\",\"url\":\"https:\\\/\\\/l21.mx\\\/\",\"logo\":{\"@type\":\"ImageObject\",\"inLanguage\":\"es\",\"@id\":\"https:\\\/\\\/l21.mx\\\/#\\\/schema\\\/logo\\\/image\\\/\",\"url\":\"https:\\\/\\\/l21.mx\\\/wp-content\\\/uploads\\\/2020\\\/10\\\/logo-l21-baja.jpg\",\"contentUrl\":\"https:\\\/\\\/l21.mx\\\/wp-content\\\/uploads\\\/2020\\\/10\\\/logo-l21-baja.jpg\",\"width\":250,\"height\":250,\"caption\":\"Grupo Editorial Latitud 21 SA de CV\"},\"image\":{\"@id\":\"https:\\\/\\\/l21.mx\\\/#\\\/schema\\\/logo\\\/image\\\/\"},\"sameAs\":[\"https:\\\/\\\/www.facebook.com\\\/RevistaLatitud21\\\/\",\"https:\\\/\\\/x.com\\\/Latitud21mx\"]},{\"@type\":\"Person\",\"@id\":\"https:\\\/\\\/l21.mx\\\/#\\\/schema\\\/person\\\/066641669c6ee7227953da2a023ebcde\",\"name\":\"Redacci\u00f3n\",\"url\":\"https:\\\/\\\/l21.mx\\\/?author=69\"}]}<\/script>\n<!-- \/ Yoast SEO plugin. -->","yoast_head_json":{"title":"El Caribe Mexicano prev\u00e9 m\u00e1s de un mill\u00f3n 200 mil turistas en Semana Santa | Revista Latitud 21","description":"L21, Emprendedores y Negocios en el Caribe Mexicano, es la revista l\u00edder entre el Sector Empresarial y Tur\u00edstico del Caribe Mexicano.","robots":{"index":"index","follow":"follow","max-snippet":"max-snippet:-1","max-image-preview":"max-image-preview:large","max-video-preview":"max-video-preview:-1"},"canonical":"https:\/\/l21.mx\/?p=36917","twitter_card":"summary_large_image","twitter_title":"El Caribe Mexicano prev\u00e9 m\u00e1s de un mill\u00f3n 200 mil turistas en Semana Santa | Revista Latitud 21","twitter_description":"L21, Emprendedores y Negocios en el Caribe Mexicano, es la revista l\u00edder entre el Sector Empresarial y Tur\u00edstico del Caribe Mexicano.","twitter_image":"https:\/\/l21.mx\/wp-content\/uploads\/2019\/03\/semana-santa.jpg","twitter_creator":"@Latitud21mx","twitter_site":"@Latitud21mx","twitter_misc":{"Escrito por":"Redacci\u00f3n","Tiempo de lectura":"2 minutos"},"schema":{"@context":"https:\/\/schema.org","@graph":[{"@type":"Article","@id":"https:\/\/l21.mx\/?p=36917#article","isPartOf":{"@id":"https:\/\/l21.mx\/?p=36917"},"author":{"name":"Redacci\u00f3n","@id":"https:\/\/l21.mx\/#\/schema\/person\/066641669c6ee7227953da2a023ebcde"},"headline":"El Caribe Mexicano prev\u00e9 m\u00e1s de un mill\u00f3n 200 mil turistas en Semana Santa","datePublished":"2019-03-29T21:45:56+00:00","dateModified":"2019-03-29T21:46:05+00:00","mainEntityOfPage":{"@id":"https:\/\/l21.mx\/?p=36917"},"wordCount":355,"commentCount":0,"publisher":{"@id":"https:\/\/l21.mx\/#organization"},"image":{"@id":"https:\/\/l21.mx\/?p=36917#primaryimage"},"thumbnailUrl":"https:\/\/l21.mx\/wp-content\/uploads\/2019\/03\/semana-santa.jpg","articleSection":["Empresas y Negocios","Noticias","Turismo"],"inLanguage":"es","potentialAction":[{"@type":"CommentAction","name":"Comment","target":["https:\/\/l21.mx\/?p=36917#respond"]}]},{"@type":"WebPage","@id":"https:\/\/l21.mx\/?p=36917","url":"https:\/\/l21.mx\/?p=36917","name":"El Caribe Mexicano prev\u00e9 m\u00e1s de un mill\u00f3n 200 mil turistas en Semana Santa | Revista Latitud 21","isPartOf":{"@id":"https:\/\/l21.mx\/#website"},"primaryImageOfPage":{"@id":"https:\/\/l21.mx\/?p=36917#primaryimage"},"image":{"@id":"https:\/\/l21.mx\/?p=36917#primaryimage"},"thumbnailUrl":"https:\/\/l21.mx\/wp-content\/uploads\/2019\/03\/semana-santa.jpg","datePublished":"2019-03-29T21:45:56+00:00","dateModified":"2019-03-29T21:46:05+00:00","description":"L21, Emprendedores y Negocios en el Caribe Mexicano, es la revista l\u00edder entre el Sector Empresarial y Tur\u00edstico del Caribe Mexicano.","breadcrumb":{"@id":"https:\/\/l21.mx\/?p=36917#breadcrumb"},"inLanguage":"es","potentialAction":[{"@type":"ReadAction","target":["https:\/\/l21.mx\/?p=36917"]}]},{"@type":"ImageObject","inLanguage":"es","@id":"https:\/\/l21.mx\/?p=36917#primaryimage","url":"https:\/\/l21.mx\/wp-content\/uploads\/2019\/03\/semana-santa.jpg","contentUrl":"https:\/\/l21.mx\/wp-content\/uploads\/2019\/03\/semana-santa.jpg","width":2300,"height":1534,"caption":"30722097. Canc\u00fan.- Ba\u00f1istas nacionales e internacionales disfrutan de las playas de Canc\u00fan durante las vacaciones de verano. NOTIMEX\/FOTO\/FRANCISCO G\u00c1LVEZ\/COR\/HUM\/"},{"@type":"BreadcrumbList","@id":"https:\/\/l21.mx\/?p=36917#breadcrumb","itemListElement":[{"@type":"ListItem","position":1,"name":"Portada","item":"https:\/\/l21.mx\/"},{"@type":"ListItem","position":2,"name":"El Caribe Mexicano prev\u00e9 m\u00e1s de un mill\u00f3n 200 mil turistas en Semana Santa"}]},{"@type":"WebSite","@id":"https:\/\/l21.mx\/#website","url":"https:\/\/l21.mx\/","name":"Revista Latitud 21","description":"Emprendedores  y negocios en el Caribe Mexicano","publisher":{"@id":"https:\/\/l21.mx\/#organization"},"potentialAction":[{"@type":"SearchAction","target":{"@type":"EntryPoint","urlTemplate":"https:\/\/l21.mx\/?s={search_term_string}"},"query-input":{"@type":"PropertyValueSpecification","valueRequired":true,"valueName":"search_term_string"}}],"inLanguage":"es"},{"@type":"Organization","@id":"https:\/\/l21.mx\/#organization","name":"Grupo Editorial Latitud 21 SA de CV","url":"https:\/\/l21.mx\/","logo":{"@type":"ImageObject","inLanguage":"es","@id":"https:\/\/l21.mx\/#\/schema\/logo\/image\/","url":"https:\/\/l21.mx\/wp-content\/uploads\/2020\/10\/logo-l21-baja.jpg","contentUrl":"https:\/\/l21.mx\/wp-content\/uploads\/2020\/10\/logo-l21-baja.jpg","width":250,"height":250,"caption":"Grupo Editorial Latitud 21 SA de CV"},"image":{"@id":"https:\/\/l21.mx\/#\/schema\/logo\/image\/"},"sameAs":["https:\/\/www.facebook.com\/RevistaLatitud21\/","https:\/\/x.com\/Latitud21mx"]},{"@type":"Person","@id":"https:\/\/l21.mx\/#\/schema\/person\/066641669c6ee7227953da2a023ebcde","name":"Redacci\u00f3n","url":"https:\/\/l21.mx\/?author=69"}]}},"amp_enabled":true,"_links":{"self":[{"href":"https:\/\/l21.mx\/index.php?rest_route=\/wp\/v2\/posts\/36917","targetHints":{"allow":["GET"]}}],"collection":[{"href":"https:\/\/l21.mx\/index.php?rest_route=\/wp\/v2\/posts"}],"about":[{"href":"https:\/\/l21.mx\/index.php?rest_route=\/wp\/v2\/types\/post"}],"author":[{"embeddable":true,"href":"https:\/\/l21.mx\/index.php?rest_route=\/wp\/v2\/users\/69"}],"replies":[{"embeddable":true,"href":"https:\/\/l21.mx\/index.php?rest_route=%2Fwp%2Fv2%2Fcomments&post=36917"}],"version-history":[{"count":0,"href":"https:\/\/l21.mx\/index.php?rest_route=\/wp\/v2\/posts\/36917\/revisions"}],"wp:featuredmedia":[{"embeddable":true,"href":"https:\/\/l21.mx\/index.php?rest_route=\/wp\/v2\/media\/36918"}],"wp:attachment":[{"href":"https:\/\/l21.mx\/index.php?rest_route=%2Fwp%2Fv2%2Fmedia&parent=36917"}],"wp:term":[{"taxonomy":"category","embeddable":true,"href":"https:\/\/l21.mx\/index.php?rest_route=%2Fwp%2Fv2%2Fcategories&post=36917"},{"taxonomy":"post_tag","embeddable":true,"href":"https:\/\/l21.mx\/index.php?rest_route=%2Fwp%2Fv2%2Ftags&post=36917"}],"curies":[{"name":"wp","href":"https:\/\/api.w.org\/{rel}","templated":true}]}}