{"id":36979,"date":"2019-04-02T16:02:02","date_gmt":"2019-04-02T21:02:02","guid":{"rendered":"https:\/\/l21.mx\/?p=36979"},"modified":"2019-04-02T16:55:43","modified_gmt":"2019-04-02T21:55:43","slug":"inicio-operaciones-la-secretaria-de-turismo-en-chetumal","status":"publish","type":"post","link":"https:\/\/l21.mx\/?p=36979","title":{"rendered":"Inici\u00f3 operaciones la Secretar\u00eda de Turismo en Chetumal"},"content":{"rendered":"\n<p class=\"wp-block-paragraph\"><em><strong>La descentralizaci\u00f3n ser\u00e1 un proceso gradual, ordenado, eficiente y sin interrupci\u00f3n de los servicios<\/strong><\/em><\/p>\n\n\n\n<p class=\"wp-block-paragraph\">El gobernador Carlos Joaqu\u00edn y el secretario de Turismo Miguel Torruco Marqu\u00e9s presentaron en conferencia de prensa el inicio de operaciones de la SECTUR en Chetumal con la activaci\u00f3n de la <a href=\"https:\/\/l21.mx\/chetumal-recibe-a-la-primera-delegacion-de-funcionarios-de-la-secretaria-de-turismo\/\">Subsecretar\u00eda de Planeaci\u00f3n y Pol\u00edtica Tur\u00edstica<\/a>, que integra a siete funcionarios federales, quienes ya despachan en la capital quintanarroense.<\/p>\n\n\n\n<p class=\"wp-block-paragraph\">\u201cAqu\u00ed inicia M\u00e9xico y aqu\u00ed inicia la descentralizaci\u00f3n. Hoy lleg\u00f3 y qu\u00e9 bueno que sea aqu\u00ed en Chetumal\u201d, afirm\u00f3 Carlos Joaqu\u00edn al dar la bienvenida a la representaci\u00f3n federal, que da cumplimiento a la descentralizaci\u00f3n de dependencias oficiales a los estados, impulsada por el presidente Andr\u00e9s Manuel L\u00f3pez Obrador.<\/p>\n\n\n\n<p class=\"wp-block-paragraph\">\u201cYo celebro este primer d\u00eda de trabajo de la SECTUR desde Chetumal y estoy seguro de que con ello afianzamos todos los d\u00edas nuestro liderazgo tur\u00edstico, el cual, sobre todas las cosas, se ve reflejado en m\u00e1s y mejores oportunidades para todos los ciudadanos\u201d, detall\u00f3 el gobernador.<\/p>\n\n\n\n<p class=\"wp-block-paragraph\">Destac\u00f3 el liderazgo tur\u00edstico de Quintana Roo con un crecimiento logrado en los \u00faltimos a\u00f1os, al avanzar 25 posiciones dentro del \u00cdndice de Competitividad en Viajes y Turismo, elaborado y presentado por el Foro Econ\u00f3mico Mundial.<\/p>\n\n\n\n<figure class=\"wp-block-image\"><img fetchpriority=\"high\" decoding=\"async\" width=\"1024\" height=\"718\" src=\"https:\/\/l21.mx\/wp-content\/uploads\/2019\/04\/subsria-pla-y-pol-turistica--1024x718.jpg\" alt=\"\" class=\"wp-image-36980\" srcset=\"https:\/\/l21.mx\/wp-content\/uploads\/2019\/04\/subsria-pla-y-pol-turistica--1024x718.jpg 1024w, https:\/\/l21.mx\/wp-content\/uploads\/2019\/04\/subsria-pla-y-pol-turistica--300x210.jpg 300w, https:\/\/l21.mx\/wp-content\/uploads\/2019\/04\/subsria-pla-y-pol-turistica--768x539.jpg 768w, https:\/\/l21.mx\/wp-content\/uploads\/2019\/04\/subsria-pla-y-pol-turistica--1170x821.jpg 1170w, https:\/\/l21.mx\/wp-content\/uploads\/2019\/04\/subsria-pla-y-pol-turistica--585x410.jpg 585w, https:\/\/l21.mx\/wp-content\/uploads\/2019\/04\/subsria-pla-y-pol-turistica-.jpg 1280w\" sizes=\"(max-width: 1024px) 100vw, 1024px\" \/><\/figure>\n\n\n\n<p class=\"wp-block-paragraph\">Por su parte la secretaria estatal de Turismo Marisol Vanegas P\u00e9rez dijo que Chetumal ha sido el coraz\u00f3n de la pol\u00edtica y una zona de gran riqueza hist\u00f3rica, por lo que conf\u00eda en que las mejores decisiones en materia de turismo nacional se tomen aqu\u00ed.<\/p>\n\n\n\n<p class=\"wp-block-paragraph\">Inform\u00f3 que la importancia de Quintana Roo en materia tur\u00edstica se refleja en los n\u00fameros para la pr\u00f3xima temporada vacacional de Semana Santa 2019.<\/p>\n\n\n\n<p class=\"wp-block-paragraph\">En la que los destinos tur\u00edsticos del Caribe mexicano prev\u00e9n una ocupaci\u00f3n total de 87.5 por ciento y el arribo de m\u00e1s de un mill\u00f3n 270 mil turistas, lo que representa un crecimiento de 3.2 por ciento comparado con el mismo periodo de 2018 y la generaci\u00f3n de una derrama econ\u00f3mica de mil 075.33 millones de d\u00f3lares, 2.6 por ciento m\u00e1s que en la misma temporada de 2018.<\/p>\n\n\n\n<p class=\"wp-block-paragraph\">Estos logros son un reconocimiento a todos los actores que participan activamente, gracias a la implementaci\u00f3n de diversos planes y programas orientados a mejorar la calidad de los servicios tur\u00edsticos, reditu\u00e1ndole a Quintana Roo en un incremento de la afluencia de visitantes, as\u00ed como su retorno dentro del ranking mundial del turismo.<\/p>\n\n\n\n<figure class=\"wp-block-image\"><img decoding=\"async\" width=\"1024\" height=\"619\" src=\"https:\/\/l21.mx\/wp-content\/uploads\/2019\/04\/traslado-planeacion-turistica-1024x619.jpg\" alt=\"\" class=\"wp-image-36982\" srcset=\"https:\/\/l21.mx\/wp-content\/uploads\/2019\/04\/traslado-planeacion-turistica-1024x619.jpg 1024w, https:\/\/l21.mx\/wp-content\/uploads\/2019\/04\/traslado-planeacion-turistica-300x181.jpg 300w, https:\/\/l21.mx\/wp-content\/uploads\/2019\/04\/traslado-planeacion-turistica-768x464.jpg 768w, https:\/\/l21.mx\/wp-content\/uploads\/2019\/04\/traslado-planeacion-turistica-1170x707.jpg 1170w, https:\/\/l21.mx\/wp-content\/uploads\/2019\/04\/traslado-planeacion-turistica-585x354.jpg 585w, https:\/\/l21.mx\/wp-content\/uploads\/2019\/04\/traslado-planeacion-turistica.jpg 1280w\" sizes=\"(max-width: 1024px) 100vw, 1024px\" \/><\/figure>\n\n\n\n<p class=\"wp-block-paragraph\">En tanto el secretario Torruco Marqu\u00e9s explic\u00f3 que, de forma inicial, la primera delegaci\u00f3n de funcionarios federales trabajar\u00e1 en el Centro Internacional de Negocios y Convenciones de Chetumal. <\/p>\n\n\n\n<p class=\"wp-block-paragraph\">\u201cEl traslado de la Secretar\u00eda de Turismo a Chetumal ser\u00e1 un proceso gradual que permita una descentralizaci\u00f3n ordenada, eficiente, sin interrupci\u00f3n de los servicios, en la que se garanticen las condiciones y los derechos de los trabajadores\u201d, afirm\u00f3.<\/p>\n\n\n\n<p class=\"wp-block-paragraph\">\u201cEsta descentralizaci\u00f3n tiene como prop\u00f3sito contribuir a un crecimiento econ\u00f3mico, social y cultural m\u00e1s din\u00e1mico, equilibrado y permanente\u201d, explic\u00f3 el titular de la SECTUR.<\/p>\n\n\n\n<p class=\"wp-block-paragraph\"><br><\/p>\n","protected":false},"excerpt":{"rendered":"<p>La descentralizaci\u00f3n ser\u00e1 un proceso gradual, ordenado, eficiente y sin interrupci\u00f3n de los servicios El gobernador&hellip;<\/p>\n","protected":false},"author":69,"featured_media":36982,"comment_status":"open","ping_status":"open","sticky":false,"template":"","format":"standard","meta":{"_acf_changed":false,"_lmt_disableupdate":"","_lmt_disable":"","_mbp_gutenberg_autopost":false,"footnotes":""},"categories":[23,8],"tags":[],"class_list":["post-36979","post","type-post","status-publish","format-standard","has-post-thumbnail","hentry","category-noticias","category-turismo"],"acf":[],"_links":{"self":[{"href":"https:\/\/l21.mx\/index.php?rest_route=\/wp\/v2\/posts\/36979","targetHints":{"allow":["GET"]}}],"collection":[{"href":"https:\/\/l21.mx\/index.php?rest_route=\/wp\/v2\/posts"}],"about":[{"href":"https:\/\/l21.mx\/index.php?rest_route=\/wp\/v2\/types\/post"}],"author":[{"embeddable":true,"href":"https:\/\/l21.mx\/index.php?rest_route=\/wp\/v2\/users\/69"}],"replies":[{"embeddable":true,"href":"https:\/\/l21.mx\/index.php?rest_route=%2Fwp%2Fv2%2Fcomments&post=36979"}],"version-history":[{"count":0,"href":"https:\/\/l21.mx\/index.php?rest_route=\/wp\/v2\/posts\/36979\/revisions"}],"wp:featuredmedia":[{"embeddable":true,"href":"https:\/\/l21.mx\/index.php?rest_route=\/wp\/v2\/media\/36982"}],"wp:attachment":[{"href":"https:\/\/l21.mx\/index.php?rest_route=%2Fwp%2Fv2%2Fmedia&parent=36979"}],"wp:term":[{"taxonomy":"category","embeddable":true,"href":"https:\/\/l21.mx\/index.php?rest_route=%2Fwp%2Fv2%2Fcategories&post=36979"},{"taxonomy":"post_tag","embeddable":true,"href":"https:\/\/l21.mx\/index.php?rest_route=%2Fwp%2Fv2%2Ftags&post=36979"}],"curies":[{"name":"wp","href":"https:\/\/api.w.org\/{rel}","templated":true}]}}