{"id":37046,"date":"2019-04-04T15:39:20","date_gmt":"2019-04-04T20:39:20","guid":{"rendered":"https:\/\/l21.mx\/?p=37046"},"modified":"2019-09-27T16:35:15","modified_gmt":"2019-09-27T21:35:15","slug":"continuan-las-afectaciones-de-interjet-hoteleros-de-cancun-inquietos-por-los-creditos-a-interjet-vacations","status":"publish","type":"post","link":"https:\/\/l21.mx\/?p=37046","title":{"rendered":"Contin\u00faan las afectaciones de interjet; hoteleros de Canc\u00fan inquietos por los cr\u00e9ditos a Interjet Vacations"},"content":{"rendered":"\n<p class=\"wp-block-paragraph\">La crisis de Interjet derivada de la cancelaci\u00f3n de 75 vuelos por falta de tripulaci\u00f3n, mucho de ellos con origen y destino a Canc\u00fan, mantiene en incertidumbre al sector tur\u00edstico en Quintana Roo por el riesgo de que la problem\u00e1tica se extienda a la temporada vacacional de Semana Santa.<\/p>\n\n\n\n<p class=\"wp-block-paragraph\"><strong>El presidente de la Asociaci\u00f3n de Hoteles de Canc\u00fan,\u00a0Roberto Citr\u00f3n G\u00f3mez<\/strong>, explic\u00f3 que esa situaci\u00f3n prende &#8216;focos rojos&#8217; porque no solo se trata del problema de una aerol\u00ednea, sino de un touroperador, con Interjet Vacations, que tiene contratos directos con hoteles.<\/p>\n\n\n\n<p class=\"wp-block-paragraph\">Citr\u00f3n G\u00f3mez explic\u00f3 que los hoteles que autorizaron cr\u00e9ditos a Interjet van a solicitar el pago inmediato y eso afectar\u00e1 las finanzas de la aerol\u00ednea.<\/p>\n\n\n\n<p class=\"wp-block-paragraph\"><strong>Interjet<\/strong>\u00a0asegur\u00f3 que la eventualidad que durante el pasado fin de semana deriv\u00f3 en la cancelaci\u00f3n del 5 por ciento de las operaciones que realiza diariamente, seguir\u00e1 prestando sus servicios y buscar\u00e1 retribuir a los afectados por las cancelaciones, incluso con acuerdos superiores a los marcados por la ley.<\/p>\n\n\n\n<h3 class=\"wp-block-heading\">La aerol\u00ednea desminti\u00f3 lo publicado en redes sociales donde se afirmaba sobre supuestas cancelaciones de vuelos en la empresa.<\/h3>\n\n\n\n<p class=\"wp-block-paragraph\">La aerol\u00ednea asegur\u00f3 que&nbsp;<strong>\u201cal d\u00eda de hoy la operaci\u00f3n se mantiene estable\u201d<\/strong>&nbsp;y anunci\u00f3 que reforzar\u00e1 su flota con la incorporaci\u00f3n de una aeronave a su flota operativa.<\/p>\n\n\n\n<p class=\"wp-block-paragraph\">\u201cYa se encuentran en capacitaci\u00f3n tripulaciones suplementarias para fortalecer la operaci\u00f3n en la temporada alta que se aproxima, tanto de Semana Santa como de Verano\u201d, precis\u00f3.<\/p>\n\n\n\n<p class=\"wp-block-paragraph\">En un comunicado la aerol\u00ednea desminti\u00f3 lo publicado en redes sociales donde se afirmaba sobre supuestas cancelaciones de vuelos en la empresa, a lo que est\u00e1 catalog\u00f3 como informaci\u00f3n falsa.<\/p>\n\n\n\n<p class=\"wp-block-paragraph\">Al respecto, la Procuradur\u00eda Federal del Consumidor (Profeco), precis\u00f3 que suman ya 12 mil personas afectadas por los 75 vuelos cancelados por Interjet desde hace una semana. <\/p>\n\n\n\n<p class=\"wp-block-paragraph\">La dependencia brind\u00f3 asesor\u00eda a 196 pasajeros por medio del tel\u00e9fono del consumidor y concret\u00f3 204 conciliaciones expr\u00e9s en los m\u00f3dulos instalados en el Aeropuerto Internacional de la Ciudad de M\u00e9xico.<br><\/p>\n","protected":false},"excerpt":{"rendered":"<p>La crisis de Interjet derivada de la cancelaci\u00f3n de 75 vuelos por falta de tripulaci\u00f3n, mucho&hellip;<\/p>\n","protected":false},"author":69,"featured_media":37047,"comment_status":"open","ping_status":"open","sticky":false,"template":"","format":"standard","meta":{"_acf_changed":false,"_lmt_disableupdate":"","_lmt_disable":"","_mbp_gutenberg_autopost":false,"footnotes":""},"categories":[4,23,8],"tags":[],"class_list":["post-37046","post","type-post","status-publish","format-standard","has-post-thumbnail","hentry","category-empresas-y-negocios","category-noticias","category-turismo"],"acf":[],"_links":{"self":[{"href":"https:\/\/l21.mx\/index.php?rest_route=\/wp\/v2\/posts\/37046","targetHints":{"allow":["GET"]}}],"collection":[{"href":"https:\/\/l21.mx\/index.php?rest_route=\/wp\/v2\/posts"}],"about":[{"href":"https:\/\/l21.mx\/index.php?rest_route=\/wp\/v2\/types\/post"}],"author":[{"embeddable":true,"href":"https:\/\/l21.mx\/index.php?rest_route=\/wp\/v2\/users\/69"}],"replies":[{"embeddable":true,"href":"https:\/\/l21.mx\/index.php?rest_route=%2Fwp%2Fv2%2Fcomments&post=37046"}],"version-history":[{"count":0,"href":"https:\/\/l21.mx\/index.php?rest_route=\/wp\/v2\/posts\/37046\/revisions"}],"wp:featuredmedia":[{"embeddable":true,"href":"https:\/\/l21.mx\/index.php?rest_route=\/wp\/v2\/media\/37047"}],"wp:attachment":[{"href":"https:\/\/l21.mx\/index.php?rest_route=%2Fwp%2Fv2%2Fmedia&parent=37046"}],"wp:term":[{"taxonomy":"category","embeddable":true,"href":"https:\/\/l21.mx\/index.php?rest_route=%2Fwp%2Fv2%2Fcategories&post=37046"},{"taxonomy":"post_tag","embeddable":true,"href":"https:\/\/l21.mx\/index.php?rest_route=%2Fwp%2Fv2%2Ftags&post=37046"}],"curies":[{"name":"wp","href":"https:\/\/api.w.org\/{rel}","templated":true}]}}