{"id":37101,"date":"2019-04-08T18:36:13","date_gmt":"2019-04-08T23:36:13","guid":{"rendered":"https:\/\/l21.mx\/?p=37101"},"modified":"2019-04-08T18:41:59","modified_gmt":"2019-04-08T23:41:59","slug":"inauguran-pabellon-del-caribe-mexicano-en-tianguis-turistico","status":"publish","type":"post","link":"https:\/\/l21.mx\/?p=37101","title":{"rendered":"Inauguran pabell\u00f3n del Caribe mexicano en Tianguis Tur\u00edstico"},"content":{"rendered":"\n<p class=\"wp-block-paragraph\">Quintana Roo refrend\u00f3 su\nliderazgo en el Tianguis Tur\u00edstico de M\u00e9xico 2019 con la inauguraci\u00f3n del\nPabell\u00f3n del Caribe mexicano, el m\u00e1s grande del tianguis, y al recibir dos\npremios de Lo Mejor de M\u00e9xico, otorgados por la revista \u201cM\u00e9xico desconocido\u201d.<\/p>\n\n\n\n<p class=\"wp-block-paragraph\">El gobernador Carlos\nJoaqu\u00edn recibi\u00f3 el galard\u00f3n Mejor Experiencia de Aventura: Nadar en Cenotes en\nQuintana Roo y Mejor Playa de M\u00e9xico: Tulum, ambos resultado de la votaci\u00f3n de\nturistas y viajeros convocados por la revista \u201cM\u00e9xico desconocido\u201d, con lo que\nse refrendan el liderazgo y la competitividad del destino.<\/p>\n\n\n\n<p class=\"wp-block-paragraph\">Carlos Joaqu\u00edn y el\nsecretario de Turismo Miguel Torruco cortaron el list\u00f3n inaugural del pabell\u00f3n,\nen el que participan 11 destinos de Quintana Roo, 34 empresas de la iniciativa\nprivada y 132 delegados en la promoci\u00f3n para que lleguen m\u00e1s turistas y m\u00e1s\ninversiones que generen m\u00e1s empleos que beneficien a la gente con las\nprestaciones de ley.<\/p>\n\n\n\n<p class=\"wp-block-paragraph\">En el pabell\u00f3n, se\npresentaron a compradores y mayoristas los atractivos y las novedades de\ndestinos como Canc\u00fan, Puerto Morelos, Playa del Carmen, Cozumel, Holbox, Tulum,\nIsla Mujeres, Grand Costa Maya, Tulum y Mayaka\u2019an.<\/p>\n","protected":false},"excerpt":{"rendered":"<p>Quintana Roo refrend\u00f3 su liderazgo en el Tianguis Tur\u00edstico de M\u00e9xico 2019 con la inauguraci\u00f3n del&hellip;<\/p>\n","protected":false},"author":69,"featured_media":37103,"comment_status":"open","ping_status":"open","sticky":false,"template":"","format":"standard","meta":{"_acf_changed":false,"_lmt_disableupdate":"","_lmt_disable":"","_mbp_gutenberg_autopost":false,"footnotes":""},"categories":[23],"tags":[],"class_list":["post-37101","post","type-post","status-publish","format-standard","has-post-thumbnail","hentry","category-noticias"],"acf":[],"_links":{"self":[{"href":"https:\/\/l21.mx\/index.php?rest_route=\/wp\/v2\/posts\/37101","targetHints":{"allow":["GET"]}}],"collection":[{"href":"https:\/\/l21.mx\/index.php?rest_route=\/wp\/v2\/posts"}],"about":[{"href":"https:\/\/l21.mx\/index.php?rest_route=\/wp\/v2\/types\/post"}],"author":[{"embeddable":true,"href":"https:\/\/l21.mx\/index.php?rest_route=\/wp\/v2\/users\/69"}],"replies":[{"embeddable":true,"href":"https:\/\/l21.mx\/index.php?rest_route=%2Fwp%2Fv2%2Fcomments&post=37101"}],"version-history":[{"count":0,"href":"https:\/\/l21.mx\/index.php?rest_route=\/wp\/v2\/posts\/37101\/revisions"}],"wp:featuredmedia":[{"embeddable":true,"href":"https:\/\/l21.mx\/index.php?rest_route=\/wp\/v2\/media\/37103"}],"wp:attachment":[{"href":"https:\/\/l21.mx\/index.php?rest_route=%2Fwp%2Fv2%2Fmedia&parent=37101"}],"wp:term":[{"taxonomy":"category","embeddable":true,"href":"https:\/\/l21.mx\/index.php?rest_route=%2Fwp%2Fv2%2Fcategories&post=37101"},{"taxonomy":"post_tag","embeddable":true,"href":"https:\/\/l21.mx\/index.php?rest_route=%2Fwp%2Fv2%2Ftags&post=37101"}],"curies":[{"name":"wp","href":"https:\/\/api.w.org\/{rel}","templated":true}]}}