{"id":37116,"date":"2019-04-09T11:12:26","date_gmt":"2019-04-09T16:12:26","guid":{"rendered":"https:\/\/l21.mx\/?p=37116"},"modified":"2019-04-09T11:12:29","modified_gmt":"2019-04-09T16:12:29","slug":"mujeres-poderosas-de-grupo-andersons","status":"publish","type":"post","link":"https:\/\/l21.mx\/?p=37116","title":{"rendered":"MUJERES PODEROSAS DE GRUPO ANDERSON\u2019S"},"content":{"rendered":"\n<p class=\"wp-block-paragraph\">Este 8 de marzo se conmemora el D\u00eda Internacional de la Mujer y qu\u00e9 mejor manera de celebrarlo que apuntar el reflector hacia las mujeres que han contribuido al crecimiento de nuestra empresa, aportando liderazgo, talento, perseverancia, inteligencia y determinaci\u00f3n a nuestra receta del \u00e9xito.<\/p>\n\n\n\n<p class=\"wp-block-paragraph\">Grupo Anderson\u2019s, compa\u00f1\u00eda 100% mexicana l\u00edder de la industria restaurantera, es una empresa que ha crecido y se ha mantenido en la cima gracias al empuje de cada uno de sus colaboradores, y en el marco del D\u00eda Internacional de la Mujer hemos decidido destacar a un grupo de colaboradoras, quienes representan un peque\u00f1o ejemplo de la grandeza que hay en nuestra fuerza laboral, todas ellas mujeres l\u00edderes que trabajan arduamente d\u00eda con d\u00eda para hacer crecer a nuestra empresa.<\/p>\n\n\n\n<p class=\"wp-block-paragraph\">El director general de la empresa, David Krouham, coment\u00f3 \u201ccomo muestra del valor que otorgamos al trabajo de cada una de nuestras compa\u00f1eras, tanto en corporativo como en cada una de las unidades, queremos agradecer a todas las mujeres que forman parte de la familia Anderson\u2019s; madres, esposas, hermanas, hijas, profesionistas, trabajadoras, mujeres ejemplares, mujeres valiosas, mujeres que hacen la diferencia: \u00a1gracias por todo!\u201d<\/p>\n\n\n\n<p class=\"wp-block-paragraph\">Dentro de este grupo de mujeres destacadas encontramos a Mar\u00eda Catal\u00e1 \u2013 Directora de Ventas, Aremmy Encinas \u2013 Gerente de Marca de Porfirio\u2019s y Harry\u2019s, Daniela Audi \u2013 Gerente de Marca de HROOF, Regina Yanes \u2013 Gerente de Marca de Se\u00f1or Frog\u2019s y Carlos\u2019n Charlies\u2019. Karla Gallardo \u2013 Gerente de Marca de Se\u00f1or Frog\u2019s Hostal y Mayan Monkey, la Chef Alejandra Castillo \u2013 Gerente de Cocina Corporativa, Karla Gardu\u00f1o \u2013 Gerente de Dise\u00f1o y Alejandra Espinosa quien a sus 20 a\u00f1os ya ocupa la posici\u00f3n de Coordinadora de Prensa.<\/p>\n","protected":false},"excerpt":{"rendered":"<p>Este 8 de marzo se conmemora el D\u00eda Internacional de la Mujer y qu\u00e9 mejor manera&hellip;<\/p>\n","protected":false},"author":2,"featured_media":37117,"comment_status":"open","ping_status":"open","sticky":false,"template":"","format":"standard","meta":{"_acf_changed":false,"_lmt_disableupdate":"","_lmt_disable":"","_mbp_gutenberg_autopost":false,"footnotes":""},"categories":[487],"tags":[],"class_list":["post-37116","post","type-post","status-publish","format-standard","has-post-thumbnail","hentry","category-lifestyle"],"acf":[],"_links":{"self":[{"href":"https:\/\/l21.mx\/index.php?rest_route=\/wp\/v2\/posts\/37116","targetHints":{"allow":["GET"]}}],"collection":[{"href":"https:\/\/l21.mx\/index.php?rest_route=\/wp\/v2\/posts"}],"about":[{"href":"https:\/\/l21.mx\/index.php?rest_route=\/wp\/v2\/types\/post"}],"author":[{"embeddable":true,"href":"https:\/\/l21.mx\/index.php?rest_route=\/wp\/v2\/users\/2"}],"replies":[{"embeddable":true,"href":"https:\/\/l21.mx\/index.php?rest_route=%2Fwp%2Fv2%2Fcomments&post=37116"}],"version-history":[{"count":0,"href":"https:\/\/l21.mx\/index.php?rest_route=\/wp\/v2\/posts\/37116\/revisions"}],"wp:featuredmedia":[{"embeddable":true,"href":"https:\/\/l21.mx\/index.php?rest_route=\/wp\/v2\/media\/37117"}],"wp:attachment":[{"href":"https:\/\/l21.mx\/index.php?rest_route=%2Fwp%2Fv2%2Fmedia&parent=37116"}],"wp:term":[{"taxonomy":"category","embeddable":true,"href":"https:\/\/l21.mx\/index.php?rest_route=%2Fwp%2Fv2%2Fcategories&post=37116"},{"taxonomy":"post_tag","embeddable":true,"href":"https:\/\/l21.mx\/index.php?rest_route=%2Fwp%2Fv2%2Ftags&post=37116"}],"curies":[{"name":"wp","href":"https:\/\/api.w.org\/{rel}","templated":true}]}}