{"id":37190,"date":"2019-04-12T16:18:49","date_gmt":"2019-04-12T21:18:49","guid":{"rendered":"https:\/\/l21.mx\/?p=37190"},"modified":"2019-04-12T16:19:37","modified_gmt":"2019-04-12T21:19:37","slug":"asume-alejandro-aguilera-gomez-la-subsecretaria-de-planeacion-y-politica-turistica","status":"publish","type":"post","link":"https:\/\/l21.mx\/?p=37190","title":{"rendered":"Asume Alejandro Aguilera G\u00f3mez la Subsecretaria de Planeacion y Politica Turistica"},"content":{"rendered":"\n<p class=\"wp-block-paragraph\">Con motivo de la <a href=\"https:\/\/l21.mx\/renuncia-subsecretario-de-turismo-recien-llegado-a-chetumal\/\">renuncia del Dr. Sim\u00f3n Levy Dabbah<\/a>, la Secretaria de Turismo (Sectur) anunci\u00f3 la designaci\u00f3n  del Ingeniero Alejandro Aguilera G\u00f3mez como Subsecretario de Planeaci\u00f3n y Pol\u00edtica Tur\u00edstica de la Secretar\u00eda de Turismo, <\/p>\n\n\n\n<p class=\"wp-block-paragraph\">\u00abEl dia de hoy, el Lic. Andres Manuel Lopez Obrador, Presidente de los Estados Unidos Mexicanos design\u00f3 al Ing. Alejandro Aguilera G\u00f3mez como Subsecretario de Planeaci\u00f3n y Pol\u00edtica Tur\u00edstica de la Secretar\u00eda de Turismo de M\u00e9xico, en sustituci\u00f3n del Dr. Sim\u00f3n Levy Dabbah\u00bb<\/p>\n\n\n\n<p class=\"wp-block-paragraph\">El secretario Miguel Torruco Marqu\u00e9s agradeci\u00f3 al Dr. Levy Dabbah por la labor realizada en estos cuatro meses de la presente administraci\u00f3n. <\/p>\n\n\n\n<p class=\"wp-block-paragraph\">Quien a su vez le tom\u00f3 protesta al Ingeniero Aguilera G\u00f3mez y lo invit\u00f3 a trabajar con lealtad y eficiencia en este honroso encargo.<\/p>\n\n\n\n<p class=\"wp-block-paragraph\">Alejandro Aguilera G\u00f3mez es Ingeniero Civil, egresado de la Facultad\nde Ingenier\u00eda de la Universidad Nacional Aut\u00f3noma de M\u00e9xico y se ha desempe\u00f1ado\nen el sector Turismo durante 28 a\u00f1os, tanto en el \u00e1mbito p\u00fablico como en el\nprivado, principalmente en el \u00e1rea de Planeaci\u00f3n, con \u00e9nfasis en Estad\u00edstica\nTur\u00edstica.<\/p>\n\n\n\n<p class=\"wp-block-paragraph\">El nuevo Subsecretario, hasta el d\u00eda de hoy se desempe\u00f1aba como\ndirector general de Integraci\u00f3n de Informaci\u00f3n Sectorial, dependiente de la\nSubsecretar\u00eda de Planeaci\u00f3n y Pol\u00edtica Tur\u00edstica.<\/p>\n","protected":false},"excerpt":{"rendered":"<p>Con motivo de la renuncia del Dr. Sim\u00f3n Levy Dabbah, la Secretaria de Turismo (Sectur) anunci\u00f3&hellip;<\/p>\n","protected":false},"author":69,"featured_media":37191,"comment_status":"open","ping_status":"open","sticky":false,"template":"","format":"standard","meta":{"_acf_changed":false,"_lmt_disableupdate":"","_lmt_disable":"","_mbp_gutenberg_autopost":false,"footnotes":""},"categories":[23,8],"tags":[],"class_list":["post-37190","post","type-post","status-publish","format-standard","has-post-thumbnail","hentry","category-noticias","category-turismo"],"acf":[],"_links":{"self":[{"href":"https:\/\/l21.mx\/index.php?rest_route=\/wp\/v2\/posts\/37190","targetHints":{"allow":["GET"]}}],"collection":[{"href":"https:\/\/l21.mx\/index.php?rest_route=\/wp\/v2\/posts"}],"about":[{"href":"https:\/\/l21.mx\/index.php?rest_route=\/wp\/v2\/types\/post"}],"author":[{"embeddable":true,"href":"https:\/\/l21.mx\/index.php?rest_route=\/wp\/v2\/users\/69"}],"replies":[{"embeddable":true,"href":"https:\/\/l21.mx\/index.php?rest_route=%2Fwp%2Fv2%2Fcomments&post=37190"}],"version-history":[{"count":0,"href":"https:\/\/l21.mx\/index.php?rest_route=\/wp\/v2\/posts\/37190\/revisions"}],"wp:featuredmedia":[{"embeddable":true,"href":"https:\/\/l21.mx\/index.php?rest_route=\/wp\/v2\/media\/37191"}],"wp:attachment":[{"href":"https:\/\/l21.mx\/index.php?rest_route=%2Fwp%2Fv2%2Fmedia&parent=37190"}],"wp:term":[{"taxonomy":"category","embeddable":true,"href":"https:\/\/l21.mx\/index.php?rest_route=%2Fwp%2Fv2%2Fcategories&post=37190"},{"taxonomy":"post_tag","embeddable":true,"href":"https:\/\/l21.mx\/index.php?rest_route=%2Fwp%2Fv2%2Ftags&post=37190"}],"curies":[{"name":"wp","href":"https:\/\/api.w.org\/{rel}","templated":true}]}}