{"id":37308,"date":"2019-04-17T16:30:29","date_gmt":"2019-04-17T21:30:29","guid":{"rendered":"https:\/\/l21.mx\/?p=37308"},"modified":"2019-04-17T16:30:31","modified_gmt":"2019-04-17T21:30:31","slug":"feria-nacional-de-pueblos-magicos-evoluciona-a-tianguis-de-pueblos-magicos-de-mexico-sectur","status":"publish","type":"post","link":"https:\/\/l21.mx\/?p=37308","title":{"rendered":"Feria Nacional de Pueblos M\u00e1gicos evoluciona a \u00abTianguis de Pueblos M\u00e1gicos de M\u00e9xico\u00bb: Sectur"},"content":{"rendered":"\n<p class=\"wp-block-paragraph\">Miguel Torruco Marqu\u00e9s, secretario de Turismo del Gobierno de M\u00e9xico,<br> anunci\u00f3 que a partir de este a\u00f1o la Feria Nacional de Pueblos M\u00e1gicos<br> evoluciona a \u201cTianguis de Pueblos M\u00e1gicos de M\u00e9xico\u201d.<\/p>\n\n\n\n<p class=\"wp-block-paragraph\">El titular de la Sectur asegur\u00f3 que se elevar\u00e1 el nivel y la calidad de lo que<br> se conoc\u00eda como Feria Nacional de Pueblos M\u00e1gicos, por lo que ahora surge<br> el \u201cTianguis de Pueblos M\u00e1gicos de M\u00e9xico\u201d.<\/p>\n\n\n\n<p class=\"wp-block-paragraph\">Inform\u00f3 que la sexta edici\u00f3n se llevar\u00e1 a cabo del 25 al 27 de octubre en Pachuca, Hidalgo. <\/p>\n\n\n\n<p class=\"wp-block-paragraph\"> La entidad que result\u00f3 elegida despu\u00e9s de la convocatoria, se har\u00e1 cargo de todos los gastos para la realizaci\u00f3n de este evento; la organizaci\u00f3n del evento estar\u00e1 a cargo de la empresa CREA, la cual ha demostrado que tiene mucha experiencia manejando este tipo de reuniones.<br><\/p>\n\n\n\n<p class=\"wp-block-paragraph\">Eduardo Javier Ba\u00f1os G\u00f3mez, secretario de Turismo de Hidalgo, agradeci\u00f3 esta muestra de confianza por parte del gobierno federal hacia la administraci\u00f3n del gobernador de Hidalgo, Omar Fayad.<br><\/p>\n\n\n\n<p class=\"wp-block-paragraph\">Entre las razones por las cuales se eligi\u00f3 esa ciudad, est\u00e1n porque cuenta con la Feria de Pachuca, recinto que tiene una superficie de cien mil metros cuadrados, con dos mil cajones para estacionamiento y capacidad para recibir a 30 mil personas.<br><\/p>\n\n\n\n<p class=\"wp-block-paragraph\">Adem\u00e1s se ubica en la zona centro del pa\u00eds con una gran conectividad, a una hora de la Ciudad de M\u00e9xico y a 50 minutos de la terminal el Aeropuerto Internacional.<br><\/p>\n\n\n\n<p class=\"wp-block-paragraph\">El Programa Pueblos M\u00e1gicos surgi\u00f3 en 2001, como una estrategia de innovaci\u00f3n y diversificaci\u00f3n del producto tur\u00edstico mexicano, a fin de conservar tambi\u00e9n la herencia hist\u00f3rica y cultural de los 121 pueblos que han recibido, hasta ahora, el nombramiento de Pueblos M\u00e1gicos para convertirlos en sitios de inter\u00e9s tur\u00edstico.<br><\/p>\n\n\n\n<p class=\"wp-block-paragraph\">A la fecha, 31 entidades del pa\u00eds cuentan con localidades con nombramiento Pueblo M\u00e1gico, donde habitan 5.5 millones de habitantes en el \u00e1mbito municipal; se localizan 2,413 hoteles; 35 \u00e1reas protegidas; 21 zonas arqueol\u00f3gicas y 122 museos.<br><\/p>\n","protected":false},"excerpt":{"rendered":"<p>Miguel Torruco Marqu\u00e9s, secretario de Turismo del Gobierno de M\u00e9xico, anunci\u00f3 que a partir de este&hellip;<\/p>\n","protected":false},"author":69,"featured_media":37309,"comment_status":"open","ping_status":"open","sticky":false,"template":"","format":"standard","meta":{"_acf_changed":false,"_lmt_disableupdate":"","_lmt_disable":"","_mbp_gutenberg_autopost":false,"footnotes":""},"categories":[23,8],"tags":[],"class_list":["post-37308","post","type-post","status-publish","format-standard","has-post-thumbnail","hentry","category-noticias","category-turismo"],"acf":[],"_links":{"self":[{"href":"https:\/\/l21.mx\/index.php?rest_route=\/wp\/v2\/posts\/37308","targetHints":{"allow":["GET"]}}],"collection":[{"href":"https:\/\/l21.mx\/index.php?rest_route=\/wp\/v2\/posts"}],"about":[{"href":"https:\/\/l21.mx\/index.php?rest_route=\/wp\/v2\/types\/post"}],"author":[{"embeddable":true,"href":"https:\/\/l21.mx\/index.php?rest_route=\/wp\/v2\/users\/69"}],"replies":[{"embeddable":true,"href":"https:\/\/l21.mx\/index.php?rest_route=%2Fwp%2Fv2%2Fcomments&post=37308"}],"version-history":[{"count":0,"href":"https:\/\/l21.mx\/index.php?rest_route=\/wp\/v2\/posts\/37308\/revisions"}],"wp:featuredmedia":[{"embeddable":true,"href":"https:\/\/l21.mx\/index.php?rest_route=\/wp\/v2\/media\/37309"}],"wp:attachment":[{"href":"https:\/\/l21.mx\/index.php?rest_route=%2Fwp%2Fv2%2Fmedia&parent=37308"}],"wp:term":[{"taxonomy":"category","embeddable":true,"href":"https:\/\/l21.mx\/index.php?rest_route=%2Fwp%2Fv2%2Fcategories&post=37308"},{"taxonomy":"post_tag","embeddable":true,"href":"https:\/\/l21.mx\/index.php?rest_route=%2Fwp%2Fv2%2Ftags&post=37308"}],"curies":[{"name":"wp","href":"https:\/\/api.w.org\/{rel}","templated":true}]}}