{"id":37424,"date":"2019-04-26T15:51:46","date_gmt":"2019-04-26T20:51:46","guid":{"rendered":"https:\/\/l21.mx\/?p=37424"},"modified":"2019-04-26T15:51:57","modified_gmt":"2019-04-26T20:51:57","slug":"el-presidente-rectifica-la-construccion-de-santa-lucia-va-para-junio","status":"publish","type":"post","link":"https:\/\/l21.mx\/?p=37424","title":{"rendered":"El presidente rectifica, la construcci\u00f3n de Santa Lucia va para Junio"},"content":{"rendered":"\n<p class=\"wp-block-paragraph\">En la base a\u00e9rea de Santa Luc\u00eda, en la feria aeron\u00e1utica Famex, el presidente Andr\u00e9s Manuel L\u00f3pez Obrador aprovech\u00f3 su presencia para anunciar que el pr\u00f3ximo lunes iniciar\u00eda la construcci\u00f3n de aeropuerto de Santa Luc\u00eda.<\/p>\n\n\n\n<p class=\"wp-block-paragraph\"> Hoy, sin embargo, indic\u00f3 que ese d\u00eda se har\u00e1 la presentaci\u00f3n del proyecto y las obras comenzar\u00e1n en junio. \u201cUna vez que tengamos todos los requisitos\u201d, se\u00f1al\u00f3 durante su habitual conferencia matutina.<\/p>\n\n\n\n<p class=\"wp-block-paragraph\">\u201cEl lunes visitar\u00e9 Santa Luc\u00eda, pero si les digo que va a empezar a construirse el aeropuerto ya se lo que los adversarios van a responder. Van a decir: \u00bfy d\u00f3nde est\u00e1 la declaratoria de impacto ambiental, por qu\u00e9 no se respeta la ley? Por eso, se decidi\u00f3 hacer la presentaci\u00f3n del proyecto el lunes y la construcci\u00f3n comienza en junio\u201d, afirm\u00f3.<\/p>\n\n\n\n<p class=\"wp-block-paragraph\">El mandatario federal indic\u00f3 que \u201cla mala noticia\u201d para sus adversarios es que ya se hizo la consulta con los ciudadanos de la zona y \u00e9stos aceptaron. \u201cNi modo, ya vamos avanzando, poco a poco\u201d.<\/p>\n\n\n\n<p class=\"wp-block-paragraph\">Las obras comenzar\u00e1n, si no hay nuevos cambios de fecha, en junio de este a\u00f1o, para concluir dos a\u00f1os despu\u00e9s, en junio de 2021. Rafael Ojeda Dur\u00e1n, secretario de la Defensa Nacional, inform\u00f3 que el ingeniero Gustavo Vallejo estar\u00e1 a cargo del proyecto de construcci\u00f3n del aeropuerto. La Sedena proyectar\u00e1 y construir\u00e1 la obra en convivencia con la base existente en ese punto.<\/p>\n\n\n\n<p class=\"wp-block-paragraph\">Vallejo indic\u00f3 que el aeropuerto General Felipe \u00c1ngeles tendr\u00e1 un dise\u00f1o austero, con un presupuesto de 68,367 millones de pesos m\u00e1s IVA.<\/p>\n","protected":false},"excerpt":{"rendered":"<p>En la base a\u00e9rea de Santa Luc\u00eda, en la feria aeron\u00e1utica Famex, el presidente Andr\u00e9s Manuel&hellip;<\/p>\n","protected":false},"author":69,"featured_media":37425,"comment_status":"open","ping_status":"open","sticky":false,"template":"","format":"standard","meta":{"_acf_changed":false,"_lmt_disableupdate":"","_lmt_disable":"","_mbp_gutenberg_autopost":false,"footnotes":""},"categories":[4,23,8],"tags":[],"class_list":["post-37424","post","type-post","status-publish","format-standard","has-post-thumbnail","hentry","category-empresas-y-negocios","category-noticias","category-turismo"],"acf":[],"_links":{"self":[{"href":"https:\/\/l21.mx\/index.php?rest_route=\/wp\/v2\/posts\/37424","targetHints":{"allow":["GET"]}}],"collection":[{"href":"https:\/\/l21.mx\/index.php?rest_route=\/wp\/v2\/posts"}],"about":[{"href":"https:\/\/l21.mx\/index.php?rest_route=\/wp\/v2\/types\/post"}],"author":[{"embeddable":true,"href":"https:\/\/l21.mx\/index.php?rest_route=\/wp\/v2\/users\/69"}],"replies":[{"embeddable":true,"href":"https:\/\/l21.mx\/index.php?rest_route=%2Fwp%2Fv2%2Fcomments&post=37424"}],"version-history":[{"count":0,"href":"https:\/\/l21.mx\/index.php?rest_route=\/wp\/v2\/posts\/37424\/revisions"}],"wp:featuredmedia":[{"embeddable":true,"href":"https:\/\/l21.mx\/index.php?rest_route=\/wp\/v2\/media\/37425"}],"wp:attachment":[{"href":"https:\/\/l21.mx\/index.php?rest_route=%2Fwp%2Fv2%2Fmedia&parent=37424"}],"wp:term":[{"taxonomy":"category","embeddable":true,"href":"https:\/\/l21.mx\/index.php?rest_route=%2Fwp%2Fv2%2Fcategories&post=37424"},{"taxonomy":"post_tag","embeddable":true,"href":"https:\/\/l21.mx\/index.php?rest_route=%2Fwp%2Fv2%2Ftags&post=37424"}],"curies":[{"name":"wp","href":"https:\/\/api.w.org\/{rel}","templated":true}]}}