{"id":37442,"date":"2019-04-30T10:43:38","date_gmt":"2019-04-30T15:43:38","guid":{"rendered":"https:\/\/l21.mx\/?p=37442"},"modified":"2019-04-30T10:43:40","modified_gmt":"2019-04-30T15:43:40","slug":"penafiel-saldra-del-mercado-si-se-comprueba-arsenico","status":"publish","type":"post","link":"https:\/\/l21.mx\/?p=37442","title":{"rendered":"Pe\u00f1afiel saldr\u00e1 del mercado, si se comprueba ars\u00e9nico"},"content":{"rendered":"\n<p class=\"wp-block-paragraph\">De comprobarse que el agua mineral de <strong>Pe\u00f1afiel <\/strong>que se vende en <strong>M\u00e9xico<\/strong> tiene un alto contenido de<strong> ars\u00e9nico<\/strong> la<strong> Procuradur\u00eda Federal del Consumidor (Profeco) proceder\u00e1 a \u00abinmovilizarla\u00bb es decir retirarla del mercado<\/strong>, asegur\u00f3 Ricardo Sheffield, titular de la dependencia.<\/p>\n\n\n\n<p class=\"wp-block-paragraph\">Incluso coment\u00f3 que desde que se dio a conocer la noticia <strong>en Estados Unidos, ya hay supermercados y tiendas de abarrotes que comenzaron a retirar el producto de anaqueles<\/strong> y consider\u00f3 que posiblemente la embotelladora tendr\u00e1 que dar una compensaci\u00f3n a los negocios que la distribuyen por las p\u00e9rdidas que esto implicar\u00e1. Sobre todo porque Pe\u00f1afiel ya reconoci\u00f3 que hay un problema e incluso par\u00f3 su l\u00ednea de producci\u00f3n en M\u00e9xico.<\/p>\n\n\n\n<p class=\"wp-block-paragraph\">El procurador record\u00f3 que Pe\u00f1afiel ten\u00eda hasta el lunes 29 de mayo para responder a la Profeco el requerimiento de informaci\u00f3n que formalmente se le hizo y s\u00f3lo por eso <strong>ser\u00e1 sancionada con una multa de 400 mil pesos<\/strong>.<\/p>\n","protected":false},"excerpt":{"rendered":"<p>De comprobarse que el agua mineral de Pe\u00f1afiel que se vende en M\u00e9xico tiene un alto&hellip;<\/p>\n","protected":false},"author":2,"featured_media":37443,"comment_status":"open","ping_status":"open","sticky":false,"template":"","format":"standard","meta":{"_acf_changed":false,"_lmt_disableupdate":"","_lmt_disable":"","_mbp_gutenberg_autopost":false,"footnotes":""},"categories":[4,23],"tags":[],"class_list":["post-37442","post","type-post","status-publish","format-standard","has-post-thumbnail","hentry","category-empresas-y-negocios","category-noticias"],"acf":[],"_links":{"self":[{"href":"https:\/\/l21.mx\/index.php?rest_route=\/wp\/v2\/posts\/37442","targetHints":{"allow":["GET"]}}],"collection":[{"href":"https:\/\/l21.mx\/index.php?rest_route=\/wp\/v2\/posts"}],"about":[{"href":"https:\/\/l21.mx\/index.php?rest_route=\/wp\/v2\/types\/post"}],"author":[{"embeddable":true,"href":"https:\/\/l21.mx\/index.php?rest_route=\/wp\/v2\/users\/2"}],"replies":[{"embeddable":true,"href":"https:\/\/l21.mx\/index.php?rest_route=%2Fwp%2Fv2%2Fcomments&post=37442"}],"version-history":[{"count":0,"href":"https:\/\/l21.mx\/index.php?rest_route=\/wp\/v2\/posts\/37442\/revisions"}],"wp:featuredmedia":[{"embeddable":true,"href":"https:\/\/l21.mx\/index.php?rest_route=\/wp\/v2\/media\/37443"}],"wp:attachment":[{"href":"https:\/\/l21.mx\/index.php?rest_route=%2Fwp%2Fv2%2Fmedia&parent=37442"}],"wp:term":[{"taxonomy":"category","embeddable":true,"href":"https:\/\/l21.mx\/index.php?rest_route=%2Fwp%2Fv2%2Fcategories&post=37442"},{"taxonomy":"post_tag","embeddable":true,"href":"https:\/\/l21.mx\/index.php?rest_route=%2Fwp%2Fv2%2Ftags&post=37442"}],"curies":[{"name":"wp","href":"https:\/\/api.w.org\/{rel}","templated":true}]}}