{"id":37456,"date":"2019-05-02T10:08:46","date_gmt":"2019-05-02T15:08:46","guid":{"rendered":"https:\/\/l21.mx\/?p=37456"},"modified":"2019-05-02T10:08:47","modified_gmt":"2019-05-02T15:08:47","slug":"interjet-firma-acuerdo-interlineal-con-american-airlines","status":"publish","type":"post","link":"https:\/\/l21.mx\/?p=37456","title":{"rendered":"Interjet firma acuerdo interlineal con American Airlines"},"content":{"rendered":"\n<p class=\"wp-block-paragraph\">La aerol\u00ednea mexicana Interjet firm\u00f3 un acuerdo interlineal bilateral con la compa\u00f1\u00eda estadounidense American Airlines con el fin de aprovechar las ventajas del acuerdo e incrementar su oferta de rutas y conexiones.<\/p>\n\n\n\n<p class=\"wp-block-paragraph\">\u201cDicho acuerdo permitir\u00e1 a todas las compa\u00f1\u00edas ofrecer todas sus rutas y conexiones de manera conjunta, y a trav\u00e9s de los sistemas de distribuci\u00f3n y agencias de viaje, adem\u00e1s de ampliar su oferta y fortalecer su presencia internacional\u201d, mencion\u00f3 Interjet en un comunicado.<\/p>\n\n\n\n<p class=\"wp-block-paragraph\">Interjet espera que la asociaci\u00f3n con American Airlines de \u201cmayor fortaleza y competitividad en diversos mercados en que participa\u201d al tener mejor conexiones y opciones de vuelos.<\/p>\n\n\n\n<p class=\"wp-block-paragraph\">En los \u00faltimos dos a\u00f1os, las ventas entre ambas aerol\u00edneas se triplicaron y solo en el primer trimestre de 2019 subieron 52%. <\/p>\n\n\n\n<p class=\"wp-block-paragraph\">\u201cCon este acuerdo se espera que crezca a\u00fan m\u00e1s el flujo de pasajeros entre ambas compa\u00f1\u00edas y se fortalezca su presencia de rutas entre M\u00e9xico y Estados Unidos\u201d, detall\u00f3 el comunicado.<\/p>\n\n\n\n<p class=\"wp-block-paragraph\">Esto se suma al acuerdo de c\u00f3digo compartido que ya ten\u00edan ambas empresas desde 2015 para vuelos entre la Ciudad de M\u00e9xico y destinos dom\u00e9sticos como Huatulco, Villahermosa, M\u00e9rida, Oaxaca y Tuxtla Guti\u00e9rrez.<\/p>\n\n\n\n<p class=\"wp-block-paragraph\">Interjet vuela a 21 destinos internacionales, entre ellos ciudades de Estados Unidos y Canad\u00e1 y de Centro y Sudam\u00e9rica.<br><\/p>\n","protected":false},"excerpt":{"rendered":"<p>La aerol\u00ednea mexicana Interjet firm\u00f3 un acuerdo interlineal bilateral con la compa\u00f1\u00eda estadounidense American Airlines con&hellip;<\/p>\n","protected":false},"author":69,"featured_media":37457,"comment_status":"open","ping_status":"open","sticky":false,"template":"","format":"standard","meta":{"_acf_changed":false,"_lmt_disableupdate":"","_lmt_disable":"","_mbp_gutenberg_autopost":false,"footnotes":""},"categories":[4,23,8],"tags":[],"class_list":["post-37456","post","type-post","status-publish","format-standard","has-post-thumbnail","hentry","category-empresas-y-negocios","category-noticias","category-turismo"],"acf":[],"_links":{"self":[{"href":"https:\/\/l21.mx\/index.php?rest_route=\/wp\/v2\/posts\/37456","targetHints":{"allow":["GET"]}}],"collection":[{"href":"https:\/\/l21.mx\/index.php?rest_route=\/wp\/v2\/posts"}],"about":[{"href":"https:\/\/l21.mx\/index.php?rest_route=\/wp\/v2\/types\/post"}],"author":[{"embeddable":true,"href":"https:\/\/l21.mx\/index.php?rest_route=\/wp\/v2\/users\/69"}],"replies":[{"embeddable":true,"href":"https:\/\/l21.mx\/index.php?rest_route=%2Fwp%2Fv2%2Fcomments&post=37456"}],"version-history":[{"count":0,"href":"https:\/\/l21.mx\/index.php?rest_route=\/wp\/v2\/posts\/37456\/revisions"}],"wp:featuredmedia":[{"embeddable":true,"href":"https:\/\/l21.mx\/index.php?rest_route=\/wp\/v2\/media\/37457"}],"wp:attachment":[{"href":"https:\/\/l21.mx\/index.php?rest_route=%2Fwp%2Fv2%2Fmedia&parent=37456"}],"wp:term":[{"taxonomy":"category","embeddable":true,"href":"https:\/\/l21.mx\/index.php?rest_route=%2Fwp%2Fv2%2Fcategories&post=37456"},{"taxonomy":"post_tag","embeddable":true,"href":"https:\/\/l21.mx\/index.php?rest_route=%2Fwp%2Fv2%2Ftags&post=37456"}],"curies":[{"name":"wp","href":"https:\/\/api.w.org\/{rel}","templated":true}]}}