{"id":37499,"date":"2019-05-03T11:33:11","date_gmt":"2019-05-03T16:33:11","guid":{"rendered":"https:\/\/l21.mx\/?p=37499"},"modified":"2019-05-03T11:33:13","modified_gmt":"2019-05-03T16:33:13","slug":"feria-del-cafe-%ef%bb%bf","status":"publish","type":"post","link":"https:\/\/l21.mx\/?p=37499","title":{"rendered":"Feria del Caf\u00e9 \ufeff"},"content":{"rendered":"\n<p class=\"wp-block-paragraph\"><strong>Coatepec, Veracruz, ser\u00e1 sede de esta feria que se celebra del 3 al 19 de mayo. <\/strong><\/p>\n\n\n\n<p class=\"wp-block-paragraph\"><strong>La ciudad cafetalera se prepara para recibir a las mejores marcas de caf\u00e9 y de productores independientes, los cuales venden y exhiben todo tipo de mercanc\u00edas derivadas del preciado grano. <\/strong><\/p>\n\n\n\n<p class=\"wp-block-paragraph\"><strong>El programa cuenta con actividades culturales, gastron\u00f3micas y art\u00edsticas, as\u00ed como juegos mec\u00e1nicos, bailes populares y Teatro del Pueblo.<\/strong><\/p>\n\n\n\n<p class=\"wp-block-paragraph\"><\/p>\n","protected":false},"excerpt":{"rendered":"<p>Coatepec, Veracruz, ser\u00e1 sede de esta feria que se celebra del 3 al 19 de mayo.&hellip;<\/p>\n","protected":false},"author":69,"featured_media":37500,"comment_status":"open","ping_status":"open","sticky":false,"template":"","format":"standard","meta":{"_acf_changed":false,"_lmt_disableupdate":"","_lmt_disable":"","_mbp_gutenberg_autopost":false,"footnotes":""},"categories":[476,23],"tags":[],"class_list":["post-37499","post","type-post","status-publish","format-standard","has-post-thumbnail","hentry","category-agenda","category-noticias"],"acf":[],"_links":{"self":[{"href":"https:\/\/l21.mx\/index.php?rest_route=\/wp\/v2\/posts\/37499","targetHints":{"allow":["GET"]}}],"collection":[{"href":"https:\/\/l21.mx\/index.php?rest_route=\/wp\/v2\/posts"}],"about":[{"href":"https:\/\/l21.mx\/index.php?rest_route=\/wp\/v2\/types\/post"}],"author":[{"embeddable":true,"href":"https:\/\/l21.mx\/index.php?rest_route=\/wp\/v2\/users\/69"}],"replies":[{"embeddable":true,"href":"https:\/\/l21.mx\/index.php?rest_route=%2Fwp%2Fv2%2Fcomments&post=37499"}],"version-history":[{"count":0,"href":"https:\/\/l21.mx\/index.php?rest_route=\/wp\/v2\/posts\/37499\/revisions"}],"wp:featuredmedia":[{"embeddable":true,"href":"https:\/\/l21.mx\/index.php?rest_route=\/wp\/v2\/media\/37500"}],"wp:attachment":[{"href":"https:\/\/l21.mx\/index.php?rest_route=%2Fwp%2Fv2%2Fmedia&parent=37499"}],"wp:term":[{"taxonomy":"category","embeddable":true,"href":"https:\/\/l21.mx\/index.php?rest_route=%2Fwp%2Fv2%2Fcategories&post=37499"},{"taxonomy":"post_tag","embeddable":true,"href":"https:\/\/l21.mx\/index.php?rest_route=%2Fwp%2Fv2%2Ftags&post=37499"}],"curies":[{"name":"wp","href":"https:\/\/api.w.org\/{rel}","templated":true}]}}