{"id":37521,"date":"2019-05-06T11:13:35","date_gmt":"2019-05-06T16:13:35","guid":{"rendered":"https:\/\/l21.mx\/?p=37521"},"modified":"2019-05-06T11:32:52","modified_gmt":"2019-05-06T16:32:52","slug":"primera-reunion-de-amlo-con-fonatur-para-atender-el-tema-del-sargazo","status":"publish","type":"post","link":"https:\/\/l21.mx\/?p=37521","title":{"rendered":"Se re\u00fane Amlo con Fonatur para atender el tema del sargazo"},"content":{"rendered":"\n<p class=\"wp-block-paragraph\">Este martes el presidente se reunir\u00e1 con el titular de Fonatur y hoteleros para atender el tema de la llegada de sargazo a las playas de Quintana Roo en las \u00faltimas semanas.<\/p>\n\n\n\n<p class=\"wp-block-paragraph\">Anunci\u00f3 que apoyar\u00e1 a las <strong>autoridades<\/strong>\u00a0locales y al gremio tur\u00edstico para<strong>\u00a0combatir<\/strong>\u00a0el\u00a0<strong>sargazo<\/strong>, que est\u00e1 cubriendo las playas del Caribe.<\/p>\n\n\n\n<p class=\"wp-block-paragraph\">\u00abMa\u00f1ana (martes) tengo la primera reuni\u00f3n con Rogelio Jim\u00e9nez Pons, de Fonatur. Luego me voy a reunir con empresarios y tambi\u00e9n desde luego con el gobernador\u00bb, dijo esta ma\u00f1ana.<\/p>\n\n\n\n<p class=\"wp-block-paragraph\">La llegada masiva de\u00a0<strong>sargazo<\/strong>\u00a0\u201cno es un fen\u00f3meno natural\u201d, asegur\u00f3, y dijo que convocar\u00e1 a\u00a0<strong>expertos ambientalistas<\/strong>\u00a0para que \u201c<strong>expliquen<\/strong>\u201d los\u00a0<strong>motivos<\/strong>\u00a0de este fen\u00f3meno.<\/p>\n\n\n\n<p class=\"wp-block-paragraph\">\u201cEl&nbsp;<strong>turismo<\/strong>&nbsp;es una actividad muy noble porque no solo se genera&nbsp;<strong>riqueza<\/strong>: llegan divisas, se generan&nbsp;<strong>muchos empleos<\/strong>&nbsp;y de eso vive mucha gente\u201d, asever\u00f3.<br><\/p>\n\n\n\n<p class=\"wp-block-paragraph\">Al ser cuestionado sobre si se dar\u00e1 un apoyo econ\u00f3mico a los industriales afectados por la llegada del alga, afirm\u00f3 \u00abvamos a apoyar\u00bb.<\/p>\n\n\n\n<p class=\"wp-block-paragraph\">\u201cTodos vamos a ayudar y apoyar\u201d, dijo el presidente, aunque&nbsp;<strong>descart\u00f3<\/strong>&nbsp;usar los recursos del&nbsp;<strong>Fondo de Turismo<\/strong>&nbsp;porque los anteriores gobiernos lo utilizaron como un \u201c<strong>bot\u00edn<\/strong>\u201c.<\/p>\n\n\n\n<p class=\"wp-block-paragraph\">\u00abHay empresarios que nos est\u00e1n ayudando\u00bb, asegur\u00f3<\/p>\n\n\n\n<p class=\"wp-block-paragraph\">Desde hace dos semanas comenz\u00f3 la llegada de sargazo en grandes cantidades a las playas del centro y una parte del norte de Quintana Roo, lo que afect\u00f3 destinos como Playa del Carmen, Tulum y una parte de las playas de Canc\u00fan.<\/p>\n\n\n\n<p class=\"wp-block-paragraph\">Se espera que lleguen entre&nbsp;<strong>800,000<\/strong>&nbsp;y&nbsp;<strong>un mill\u00f3n de toneladas<\/strong>&nbsp;de esa alga, lo que&nbsp;<strong>quintuplica<\/strong>&nbsp;las 170,000 toneladas que llegaron en 2018.<br><\/p>\n","protected":false},"excerpt":{"rendered":"<p>Este martes el presidente se reunir\u00e1 con el titular de Fonatur y hoteleros para atender el&hellip;<\/p>\n","protected":false},"author":69,"featured_media":37522,"comment_status":"open","ping_status":"open","sticky":false,"template":"","format":"standard","meta":{"_acf_changed":false,"_lmt_disableupdate":"","_lmt_disable":"","_mbp_gutenberg_autopost":false,"footnotes":""},"categories":[23,8],"tags":[],"class_list":["post-37521","post","type-post","status-publish","format-standard","has-post-thumbnail","hentry","category-noticias","category-turismo"],"acf":[],"_links":{"self":[{"href":"https:\/\/l21.mx\/index.php?rest_route=\/wp\/v2\/posts\/37521","targetHints":{"allow":["GET"]}}],"collection":[{"href":"https:\/\/l21.mx\/index.php?rest_route=\/wp\/v2\/posts"}],"about":[{"href":"https:\/\/l21.mx\/index.php?rest_route=\/wp\/v2\/types\/post"}],"author":[{"embeddable":true,"href":"https:\/\/l21.mx\/index.php?rest_route=\/wp\/v2\/users\/69"}],"replies":[{"embeddable":true,"href":"https:\/\/l21.mx\/index.php?rest_route=%2Fwp%2Fv2%2Fcomments&post=37521"}],"version-history":[{"count":0,"href":"https:\/\/l21.mx\/index.php?rest_route=\/wp\/v2\/posts\/37521\/revisions"}],"wp:featuredmedia":[{"embeddable":true,"href":"https:\/\/l21.mx\/index.php?rest_route=\/wp\/v2\/media\/37522"}],"wp:attachment":[{"href":"https:\/\/l21.mx\/index.php?rest_route=%2Fwp%2Fv2%2Fmedia&parent=37521"}],"wp:term":[{"taxonomy":"category","embeddable":true,"href":"https:\/\/l21.mx\/index.php?rest_route=%2Fwp%2Fv2%2Fcategories&post=37521"},{"taxonomy":"post_tag","embeddable":true,"href":"https:\/\/l21.mx\/index.php?rest_route=%2Fwp%2Fv2%2Ftags&post=37521"}],"curies":[{"name":"wp","href":"https:\/\/api.w.org\/{rel}","templated":true}]}}