{"id":37656,"date":"2019-05-15T14:08:58","date_gmt":"2019-05-15T19:08:58","guid":{"rendered":"https:\/\/l21.mx\/?p=37656"},"modified":"2019-05-15T14:09:00","modified_gmt":"2019-05-15T19:09:00","slug":"chedraui-implementa-una-caja-ecologica-ya-no-daran-bolsas-de-plastico","status":"publish","type":"post","link":"https:\/\/l21.mx\/?p=37656","title":{"rendered":"Chedraui implementa una caja ecol\u00f3gica, ya no dar\u00e1n bolsas de pl\u00e1stico"},"content":{"rendered":"\n<p class=\"wp-block-paragraph\">A partir del 15 de mayo las tiendas Chedraui no dar\u00e1n bolsas de pl\u00e1stico a sus clientes y s\u00f3lo se otorgar\u00e1 la alternativa de empaque con bolsa ecol\u00f3gica o cajas de cart\u00f3n.<\/p>\n\n\n\n<p class=\"wp-block-paragraph\">\u201cSe ha implementado una caja ecol\u00f3gica cuya intenci\u00f3n es cuidar el medio ambiente, esto es una de las cajas de cobro est\u00e1 habilitada \u00fanicamente para las personas que no desean usar bolsas de pl\u00e1stico\u201d, inform\u00f3 Gildo Guzm\u00e1n, subgerente de Chedraui Puerto Aventuras.<\/p>\n\n\n\n<p class=\"wp-block-paragraph\">\u201cEn esa caja ya no se dan bolsas de pl\u00e1stico, para el traslado de la mercanc\u00eda se ofrecen cajas de cart\u00f3n o bien el cliente puede adquirir una bolsa ecol\u00f3gica al lado de la caja\u201d.<\/p>\n\n\n\n<p class=\"wp-block-paragraph\">Hasta ahora -se\u00f1al\u00f3- s\u00f3lo est\u00e1 habilitada una caja ecol\u00f3gica; \u201cpor el momento en las dem\u00e1s cajas se les da la opci\u00f3n que usen bolsas de pl\u00e1stico, pero a partir del d\u00eda 15 iniciamos con este nuevo proyecto\u201d.<\/p>\n\n\n\n<p class=\"wp-block-paragraph\">\u201cEsperamos que la gente se sume a participar y de su comprensi\u00f3n a esta iniciativa\u201d, mencion\u00f3 y explic\u00f3 que este es un programa que lleva a cabo tiendas Chedraui a nivel nacional en los destinos de playa.<\/p>\n\n\n\n<p class=\"wp-block-paragraph\">En el \u00e1rea de cajas est\u00e1n tambi\u00e9n disponibles cajas de cart\u00f3n que los clientes pueden utilizar sin costo alguno; tambi\u00e9n \u201cinvitamos a nuestros clientes que traigan sus bolsas ecol\u00f3gicas\u201d.<\/p>\n\n\n\n<p class=\"wp-block-paragraph\">Esta iniciativa tiene como fin reducir el uso de pl\u00e1sticos y cuidar el medio ambiente, adem\u00e1s de fomentar el uso de bolsas reciclables.&nbsp;<\/p>\n\n\n\n<p class=\"wp-block-paragraph\"><br><\/p>\n","protected":false},"excerpt":{"rendered":"<p>A partir del 15 de mayo las tiendas Chedraui no dar\u00e1n bolsas de pl\u00e1stico a sus&hellip;<\/p>\n","protected":false},"author":69,"featured_media":37657,"comment_status":"open","ping_status":"open","sticky":false,"template":"","format":"standard","meta":{"_acf_changed":false,"_lmt_disableupdate":"","_lmt_disable":"","_mbp_gutenberg_autopost":false,"footnotes":""},"categories":[4,23],"tags":[],"class_list":["post-37656","post","type-post","status-publish","format-standard","has-post-thumbnail","hentry","category-empresas-y-negocios","category-noticias"],"acf":[],"_links":{"self":[{"href":"https:\/\/l21.mx\/index.php?rest_route=\/wp\/v2\/posts\/37656","targetHints":{"allow":["GET"]}}],"collection":[{"href":"https:\/\/l21.mx\/index.php?rest_route=\/wp\/v2\/posts"}],"about":[{"href":"https:\/\/l21.mx\/index.php?rest_route=\/wp\/v2\/types\/post"}],"author":[{"embeddable":true,"href":"https:\/\/l21.mx\/index.php?rest_route=\/wp\/v2\/users\/69"}],"replies":[{"embeddable":true,"href":"https:\/\/l21.mx\/index.php?rest_route=%2Fwp%2Fv2%2Fcomments&post=37656"}],"version-history":[{"count":0,"href":"https:\/\/l21.mx\/index.php?rest_route=\/wp\/v2\/posts\/37656\/revisions"}],"wp:featuredmedia":[{"embeddable":true,"href":"https:\/\/l21.mx\/index.php?rest_route=\/wp\/v2\/media\/37657"}],"wp:attachment":[{"href":"https:\/\/l21.mx\/index.php?rest_route=%2Fwp%2Fv2%2Fmedia&parent=37656"}],"wp:term":[{"taxonomy":"category","embeddable":true,"href":"https:\/\/l21.mx\/index.php?rest_route=%2Fwp%2Fv2%2Fcategories&post=37656"},{"taxonomy":"post_tag","embeddable":true,"href":"https:\/\/l21.mx\/index.php?rest_route=%2Fwp%2Fv2%2Ftags&post=37656"}],"curies":[{"name":"wp","href":"https:\/\/api.w.org\/{rel}","templated":true}]}}