{"id":37700,"date":"2019-05-17T12:16:47","date_gmt":"2019-05-17T17:16:47","guid":{"rendered":"https:\/\/l21.mx\/?p=37700"},"modified":"2019-05-17T12:19:25","modified_gmt":"2019-05-17T17:19:25","slug":"el-internet-de-manteles-largos-sabes-por-que-hoy-es-su-dia","status":"publish","type":"post","link":"https:\/\/l21.mx\/?p=37700","title":{"rendered":"El internet de manteles largos; \u00bfSabes por que hoy es su d\u00eda?"},"content":{"rendered":"\n<p class=\"wp-block-paragraph\">Desde 2005, cada 17 de mayo se celebra en M\u00e9xico y en otras partes del mundo el D\u00eda del Internet, instaurado por la Asociaci\u00f3n de Usuarios de Internet (UAI). <\/p>\n\n\n\n<p class=\"wp-block-paragraph\">La misma fecha fue elegida por la Organizaci\u00f3n de las Naciones Unidas (ONU) como el D\u00eda Mundial de las Telecomunicaciones y la Sociedad de la Informaci\u00f3n. Pero, \u00bfqu\u00e9 significa esto?<\/p>\n\n\n\n<p class=\"wp-block-paragraph\">El objetivo de ambos d\u00edas es sensibilizar a la poblaci\u00f3n sobre las m\u00faltiples posibilidades que el uso de internet as\u00ed como las tecnolog\u00edas que propician la transferencia de informaci\u00f3n, puede ofrecer al desarrollo social y econ\u00f3mico de un pa\u00eds. <\/p>\n\n\n\n<p class=\"wp-block-paragraph\">Esto, tambi\u00e9n resalta la importancia que tienen para reducir la brecha digital.\u00a0 \u00bfQu\u00e9 significa esto? Lo que la ONU y la Asociaci\u00f3n de Usuarios de Internet quieren resaltar es el poder que tiene el internet para cambiar el panorama social de un pa\u00eds y c\u00f3mo, a trav\u00e9s del uso de tecnolog\u00edas de la informaci\u00f3n y comunicaci\u00f3n (que pueden ir desde el ancho de banda, antenas o una computadora), esto se puede hacer posible.\u00a0 <\/p>\n\n\n\n<h4 class=\"wp-block-heading\">La fecha fue escogida por ser el aniversario de la firma del primer Convenio Telegr\u00e1fico Internacional y de la creaci\u00f3n de la Uni\u00f3n Internacional de Telecomunicaciones (UIT).<\/h4>\n\n\n\n<p class=\"wp-block-paragraph\"> Este 2018, la ONU escogi\u00f3 como tema las tecnolog\u00edas que usan inteligencia artificial y c\u00f3mo \u00e9stas se vuelven cada vez m\u00e1s un componente clave que ayuda a las personas a tener una vida mejor, \u201cmejorando la atenci\u00f3n sanitaria, la educaci\u00f3n, las finanzas, la agricultura, el transporte y una amplia gama de otros servicios\u201d, se lee en el sitio de la ONU. <\/p>\n\n\n\n<p class=\"wp-block-paragraph\">Este 2019, el tema de la ONU se orienta a la atenci\u00f3n de los miembros de la UIT, como\u00a0 la actualizaci\u00f3n de los pa\u00edses en desarrollo en la elaboraci\u00f3n de normas de la UIT. <\/p>\n\n\n\n<p class=\"wp-block-paragraph\">\u00c9ste no es el \u00fanico d\u00eda dedicado a internet. El 6 de febrero se celebra el D\u00eda del Internet Seguro para recalcar la importancia de tener una red segura para los ni\u00f1os, principalmente, y evitar que caigan en redes criminales. <\/p>\n\n\n\n<p class=\"wp-block-paragraph\">Tambi\u00e9n est\u00e1 el D\u00eda del Internauta que se celebra el 23 de agosto y marca el aniversario del d\u00eda en que por primera vez, una persona tuvo acceso a la web.\u00a0<\/p>\n","protected":false},"excerpt":{"rendered":"<p>Desde 2005, cada 17 de mayo se celebra en M\u00e9xico y en otras partes del mundo&hellip;<\/p>\n","protected":false},"author":69,"featured_media":37701,"comment_status":"open","ping_status":"open","sticky":false,"template":"","format":"standard","meta":{"_acf_changed":false,"_lmt_disableupdate":"","_lmt_disable":"","_mbp_gutenberg_autopost":false,"footnotes":""},"categories":[23],"tags":[],"class_list":["post-37700","post","type-post","status-publish","format-standard","has-post-thumbnail","hentry","category-noticias"],"acf":[],"_links":{"self":[{"href":"https:\/\/l21.mx\/index.php?rest_route=\/wp\/v2\/posts\/37700","targetHints":{"allow":["GET"]}}],"collection":[{"href":"https:\/\/l21.mx\/index.php?rest_route=\/wp\/v2\/posts"}],"about":[{"href":"https:\/\/l21.mx\/index.php?rest_route=\/wp\/v2\/types\/post"}],"author":[{"embeddable":true,"href":"https:\/\/l21.mx\/index.php?rest_route=\/wp\/v2\/users\/69"}],"replies":[{"embeddable":true,"href":"https:\/\/l21.mx\/index.php?rest_route=%2Fwp%2Fv2%2Fcomments&post=37700"}],"version-history":[{"count":0,"href":"https:\/\/l21.mx\/index.php?rest_route=\/wp\/v2\/posts\/37700\/revisions"}],"wp:featuredmedia":[{"embeddable":true,"href":"https:\/\/l21.mx\/index.php?rest_route=\/wp\/v2\/media\/37701"}],"wp:attachment":[{"href":"https:\/\/l21.mx\/index.php?rest_route=%2Fwp%2Fv2%2Fmedia&parent=37700"}],"wp:term":[{"taxonomy":"category","embeddable":true,"href":"https:\/\/l21.mx\/index.php?rest_route=%2Fwp%2Fv2%2Fcategories&post=37700"},{"taxonomy":"post_tag","embeddable":true,"href":"https:\/\/l21.mx\/index.php?rest_route=%2Fwp%2Fv2%2Ftags&post=37700"}],"curies":[{"name":"wp","href":"https:\/\/api.w.org\/{rel}","templated":true}]}}