{"id":37822,"date":"2019-05-27T16:11:13","date_gmt":"2019-05-27T21:11:13","guid":{"rendered":"https:\/\/l21.mx\/?p=37822"},"modified":"2019-05-27T16:11:15","modified_gmt":"2019-05-27T21:11:15","slug":"la-estrategia-de-austeridad-debe-aplicarse-de-forma-racional-gustavo-de-hoyos","status":"publish","type":"post","link":"https:\/\/l21.mx\/?p=37822","title":{"rendered":"La estrategia de austeridad debe aplicarse de \u201cforma racional\u201d: Gustavo de Hoyos"},"content":{"rendered":"\n<p class=\"wp-block-paragraph\"> Las\u00a0pol\u00edticas de austeridad del gobierno\u00a0federal deben implementarse en \u201cforma racional\u201d, sin afectar inversi\u00f3n estrat\u00e9gica y programas sustanciales, sostuvo Gustavo de Hoyos Walther, presidente nacional de la\u00a0Confederaci\u00f3n Patronal de la Rep\u00fablica Mexicana\u00a0(Coparmex).<\/p>\n\n\n\n<p class=\"wp-block-paragraph\">\u201cSi bien reconocemos que es importante cumplir con la meta del equilibrio presupuestal, la manera en que se est\u00e1 procurando ese objetivo puede resultar contraproducente\u201d, manifest\u00f3.<\/p>\n\n\n\n<p class=\"wp-block-paragraph\">Hasta ahora, indic\u00f3, la estrategia de austeridad s\u00f3lo ha consistido en ejecutar\u00a0recortes indiscriminados al gasto p\u00fablico\u00a0y de esta manera afectar las tareas fundamentales que el gobierno debe lograr.<\/p>\n\n\n\n<p class=\"wp-block-paragraph\">Mostr\u00f3 su preocupaci\u00f3n por que existan rubros de gasto destinados a la atenci\u00f3n de la poblaci\u00f3n y a la inversi\u00f3n p\u00fablica que registran una disminuci\u00f3n de entre 70 y 100 por ciento con respecto al a\u00f1o anterior.<\/p>\n\n\n\n<p class=\"wp-block-paragraph\">De Hoyos Walther dijo que esa medida es contraria a los recursos dirigidos a proyectos con una viabilidad social, econ\u00f3mica y ambiental altamente cuestionables, como el Tren Maya o la Refiner\u00eda de Dos Bocas.<\/p>\n\n\n\n<p class=\"wp-block-paragraph\">Y si a ello se le suman los enormes recursos que se han reorientado hacia\u00a0programas sociales\u00a0de corte\u00a0asistencialista y clientelar, \u201clo que en verdad tenemos es un uso irracional y poco efectivo de los recursos p\u00fablicos\u201d, enfatiz\u00f3.<\/p>\n\n\n\n<p class=\"wp-block-paragraph\">De acuerdo con el m\u00e1s reciente Informe trimestral sobre la Situaci\u00f3n Econ\u00f3mica, las Finanzas P\u00fablicas y la Deuda P\u00fablica, elaborado por la Secretar\u00eda de Hacienda y Cr\u00e9dito P\u00fablico (SHCP), la inversi\u00f3n impulsada por el sector p\u00fablico se derrumb\u00f3 15 por ciento en comparaci\u00f3n con la observada en el mismo periodo del 2018.<\/p>\n\n\n\n<p class=\"wp-block-paragraph\">El dirigente del sector patronal expuso que las cifras de inversi\u00f3n f\u00edsica en rubros tan relevantes como la protecci\u00f3n ambiental, el transporte y la protecci\u00f3n social tuvieron una ca\u00edda del 84 por ciento, 78&nbsp;y 100% con respecto al a\u00f1o pasado.<\/p>\n\n\n\n<p class=\"wp-block-paragraph\">\u201cLa estrategia del gobierno no debe ser recortar por recortar. Las medidas de austeridad implementadas denotan una falta de visi\u00f3n, de prioridades y de sensibilidad social\u201d, remarc\u00f3.<\/p>\n\n\n\n<p class=\"wp-block-paragraph\">De Hoyos Walther reiter\u00f3 que el trabajo de la administraci\u00f3n actual debe encaminarse en\u00a0invertir de forma estrat\u00e9gica\u00a0y transparente en los proyectos y acciones que mejoren la calidad de vida de la gente, generen empleos, inversiones y garanticen el desarrollo sustentable de nuestro pa\u00eds.<\/p>\n\n\n\n<p class=\"wp-block-paragraph\"><em>Fuente: el economista<\/em><\/p>\n","protected":false},"excerpt":{"rendered":"<p>Las\u00a0pol\u00edticas de austeridad del gobierno\u00a0federal deben implementarse en \u201cforma racional\u201d, sin afectar inversi\u00f3n estrat\u00e9gica y programas&hellip;<\/p>\n","protected":false},"author":69,"featured_media":37823,"comment_status":"open","ping_status":"open","sticky":false,"template":"","format":"standard","meta":{"_acf_changed":false,"_lmt_disableupdate":"","_lmt_disable":"","_mbp_gutenberg_autopost":false,"footnotes":""},"categories":[4,23],"tags":[],"class_list":["post-37822","post","type-post","status-publish","format-standard","has-post-thumbnail","hentry","category-empresas-y-negocios","category-noticias"],"acf":[],"_links":{"self":[{"href":"https:\/\/l21.mx\/index.php?rest_route=\/wp\/v2\/posts\/37822","targetHints":{"allow":["GET"]}}],"collection":[{"href":"https:\/\/l21.mx\/index.php?rest_route=\/wp\/v2\/posts"}],"about":[{"href":"https:\/\/l21.mx\/index.php?rest_route=\/wp\/v2\/types\/post"}],"author":[{"embeddable":true,"href":"https:\/\/l21.mx\/index.php?rest_route=\/wp\/v2\/users\/69"}],"replies":[{"embeddable":true,"href":"https:\/\/l21.mx\/index.php?rest_route=%2Fwp%2Fv2%2Fcomments&post=37822"}],"version-history":[{"count":0,"href":"https:\/\/l21.mx\/index.php?rest_route=\/wp\/v2\/posts\/37822\/revisions"}],"wp:featuredmedia":[{"embeddable":true,"href":"https:\/\/l21.mx\/index.php?rest_route=\/wp\/v2\/media\/37823"}],"wp:attachment":[{"href":"https:\/\/l21.mx\/index.php?rest_route=%2Fwp%2Fv2%2Fmedia&parent=37822"}],"wp:term":[{"taxonomy":"category","embeddable":true,"href":"https:\/\/l21.mx\/index.php?rest_route=%2Fwp%2Fv2%2Fcategories&post=37822"},{"taxonomy":"post_tag","embeddable":true,"href":"https:\/\/l21.mx\/index.php?rest_route=%2Fwp%2Fv2%2Ftags&post=37822"}],"curies":[{"name":"wp","href":"https:\/\/api.w.org\/{rel}","templated":true}]}}