{"id":37874,"date":"2019-05-30T10:47:49","date_gmt":"2019-05-30T15:47:49","guid":{"rendered":"https:\/\/l21.mx\/?p=37874"},"modified":"2019-09-27T16:33:29","modified_gmt":"2019-09-27T21:33:29","slug":"la-ahcpmim-refuerza-acciones-de-promocion","status":"publish","type":"post","link":"https:\/\/l21.mx\/?p=37874","title":{"rendered":"La AHCPM&#038;IM refuerza acciones de promoci\u00f3n"},"content":{"rendered":"\n<p class=\"wp-block-paragraph\">La Asociaci\u00f3n de Hoteles de Canc\u00fan, Puerto Morelos e Isla Mujeres suma diferentes eventos de promoci\u00f3n para el Mercado Nacional, Suramericano y de Norteam\u00e9rica.<\/p>\n\n\n\n<p class=\"wp-block-paragraph\">Al ser Guadalajara y el Baj\u00edo un importante mercado emisor de turistas para los destinos del Caribe mexicano y en v\u00edsperas de la temporada vacacional de verano, se realizaron desayunos de trabajo los d\u00edas 27 y 28 de mayo con la participaci\u00f3n de representantes de diversos hoteles asociados encabezados por la AHCPM&amp;IM y asesores de ventas de las agencias Price Travel y Best Day. <\/p>\n\n\n\n<p class=\"wp-block-paragraph\">En cuanto al segmento de grupos y convenciones, la Asociaci\u00f3n de Hoteles Canc\u00fan, Puerto Morelos e Isla Mujeres en conjunto con el Consejo de Promoci\u00f3n Tur\u00edstica de Quintana Roo y la Alianza Punta Canc\u00fan, participar\u00e1 en el XIII Congreso MPI M\u00e9xico (Meeting Professionals International) que se llevar\u00e1 a cabo en La Paz, Baja California Sur del 2 al 5 de junio con la asistencia de m\u00e1s de 300 meeting planners principalmente de Norteam\u00e9rica.<\/p>\n\n\n\n<p class=\"wp-block-paragraph\">Para el mercado de Sudam\u00e9rica, en alianza con la l\u00ednea a\u00e9rea Interjet y con motivo del pr\u00f3ximo lanzamiento de su vuelo directo Medell\u00edn-Canc\u00fan, del 5 al 8 de junio se llevar\u00e1 a cabo una caravana de promoci\u00f3n con la participaci\u00f3n de m\u00e1s de 20 hoteles asociados, incluyendo dos d\u00edas de citas de negocios con tour operadores de la ciudad de Medell\u00edn, Colombia y un Trade Show-Cocktail con agentes de viajes, medios de comunicaci\u00f3n y autoridades de esa alcald\u00eda. <\/p>\n\n\n\n<p class=\"wp-block-paragraph\">Adicional a este vuelo, la aerol\u00ednea lanzar\u00e1 el d\u00eda 17 de junio un vuelo directo con la ruta Lima-Canc\u00fan, para lo cual se programar\u00e1 otra caravana de promoci\u00f3n.  <\/p>\n\n\n\n<p class=\"wp-block-paragraph\">Con todas estas acciones y alianzas la AHCPM&amp;IM y sus hoteles asociados conf\u00edan en reforzar las ocupaciones con la diversificaci\u00f3n de mercados.<\/p>\n","protected":false},"excerpt":{"rendered":"<p>La Asociaci\u00f3n de Hoteles de Canc\u00fan, Puerto Morelos e Isla Mujeres suma diferentes eventos de promoci\u00f3n&hellip;<\/p>\n","protected":false},"author":69,"featured_media":37875,"comment_status":"open","ping_status":"open","sticky":false,"template":"","format":"standard","meta":{"_acf_changed":false,"_lmt_disableupdate":"","_lmt_disable":"","_mbp_gutenberg_autopost":false,"footnotes":""},"categories":[4,23],"tags":[],"class_list":["post-37874","post","type-post","status-publish","format-standard","has-post-thumbnail","hentry","category-empresas-y-negocios","category-noticias"],"acf":[],"_links":{"self":[{"href":"https:\/\/l21.mx\/index.php?rest_route=\/wp\/v2\/posts\/37874","targetHints":{"allow":["GET"]}}],"collection":[{"href":"https:\/\/l21.mx\/index.php?rest_route=\/wp\/v2\/posts"}],"about":[{"href":"https:\/\/l21.mx\/index.php?rest_route=\/wp\/v2\/types\/post"}],"author":[{"embeddable":true,"href":"https:\/\/l21.mx\/index.php?rest_route=\/wp\/v2\/users\/69"}],"replies":[{"embeddable":true,"href":"https:\/\/l21.mx\/index.php?rest_route=%2Fwp%2Fv2%2Fcomments&post=37874"}],"version-history":[{"count":0,"href":"https:\/\/l21.mx\/index.php?rest_route=\/wp\/v2\/posts\/37874\/revisions"}],"wp:featuredmedia":[{"embeddable":true,"href":"https:\/\/l21.mx\/index.php?rest_route=\/wp\/v2\/media\/37875"}],"wp:attachment":[{"href":"https:\/\/l21.mx\/index.php?rest_route=%2Fwp%2Fv2%2Fmedia&parent=37874"}],"wp:term":[{"taxonomy":"category","embeddable":true,"href":"https:\/\/l21.mx\/index.php?rest_route=%2Fwp%2Fv2%2Fcategories&post=37874"},{"taxonomy":"post_tag","embeddable":true,"href":"https:\/\/l21.mx\/index.php?rest_route=%2Fwp%2Fv2%2Ftags&post=37874"}],"curies":[{"name":"wp","href":"https:\/\/api.w.org\/{rel}","templated":true}]}}