{"id":37903,"date":"2019-05-31T09:09:05","date_gmt":"2019-05-31T14:09:05","guid":{"rendered":"https:\/\/l21.mx\/?p=37903"},"modified":"2019-05-31T12:58:44","modified_gmt":"2019-05-31T17:58:44","slug":"caribe-mexicano-sin-arrecifes-fin-del-turismo","status":"publish","type":"post","link":"https:\/\/l21.mx\/?p=37903","title":{"rendered":"Caribe mexicano sin arrecifes: \u00bffin del turismo?"},"content":{"rendered":"\n<p class=\"wp-block-paragraph\"><strong>\u00bf<\/strong>Se imaginan el Caribe mexicano sin playas? \u00bfSe imaginan querer comer una rica langosta local y ya no tenerla? \u00bfSalir a snorkelear o bucear y no observar vida marina? \u00bfO tener oleaje cada vez m\u00e1s fuerte debido a que perdemos nuestra protecci\u00f3n costera?<\/p>\n\n\n\n<p class=\"wp-block-paragraph\">Tal vez a muchos de ustedes no les pasa por la cabeza que esto pueda ser posible; sin embargo, desde junio de 2018 se ha registrado en la zona una enfermedad que es fulminante para los arrecifes y que pone en riesgo su supervivencia, y, por ende, su capacidad de brindarnos los servicios de los que hablo en el primer p\u00e1rrafo.<\/p>\n\n\n\n<p class=\"wp-block-paragraph\">Esta enfermedad llamada S\u00edndrome Blanco ha ocasionado en los \u00faltimos meses la p\u00e9rdida de cobertura de coral en una proporci\u00f3n mayor a la que hab\u00eda sucedido en los \u00faltimos 40 a\u00f1os. Poco se sabe a\u00fan de esta enfermedad, pero lo que s\u00ed es un hecho es que se propaga de forma muy r\u00e1pida y pone en riesgo a nuestro arrecifes, su vida marina y, por ende, la actividad econ\u00f3mica del estado.<\/p>\n\n\n\n<p class=\"wp-block-paragraph\">Una colonia de coral puede llegar a tardar cientos de a\u00f1os en crecer, y el s\u00edndrome puede acabar con ella en tan solo 40 d\u00edas; por ello, investigadores, asociaciones civiles, universidades, gobiernos y sector privado se encuentran ya trabajando en estrategias para contener el problema, y para asegurar que el s\u00edndrome afecte lo menos posible a los arrecifes y, por supuesto, a nuestra econom\u00eda.<\/p>\n\n\n\n<p class=\"wp-block-paragraph\">Este tema es uno de esos que solamente podemos sortear si trabajamos a nivel destino conjuntamente, y eso es importante considerarlo porque la afectaci\u00f3n de esta enfermedad no solo pega a los arrecifes sino que afecta a todos quienes trabajamos, vivimos y disfrutamos de este gran destino.<\/p>\n\n\n\n<p class=\"wp-block-paragraph\">\u00bfQu\u00e9 pasa si no hacemos nada? Bueno, les comparto un dato: de acuerdo con <strong>Mark Spalding<\/strong>, en M\u00e9xico el valor econ\u00f3mico de los arrecifes suma cerca de tres mil millones de d\u00f3lares por a\u00f1o, considerando en este valor tanto a aquel negocio directamente relacionado con su disfrute (snorkel, buceo) y lo que se llama valor adyacente. Si nuestro pa\u00eds genera 23 mil millones de d\u00f3lares de derrama econ\u00f3mica por turismo, esto significa que los arrecifes son responsables del 13% de esta derrama.<\/p>\n\n\n\n<p class=\"wp-block-paragraph\">\u00bfSe imaginan disminuir 13% la derrama econ\u00f3mica en M\u00e9xico? Las consecuencias para el pa\u00eds ser\u00edan catastr\u00f3ficas, y a nivel destino estar\u00edamos ante una de las mayores crisis econ\u00f3micas de las que hayamos tenido memoria.<\/p>\n\n\n\n<p class=\"wp-block-paragraph\">Y ojo, no es una exageraci\u00f3n, hay datos y cifras que as\u00ed lo confirman; as\u00ed que a trabajar todos por nuestros arrecifes, seguir recomendaciones de los expertos, no usar bloqueadores de ning\u00fan tipo; si visitan una colonia enferma eviten visitar otra para no transmitir la enfermedad; mejoremos la calidad de nuestras aguas, acerqu\u00e9monos a los expertos para saber de qu\u00e9 otra forma colaborar.<\/p>\n\n\n\n<div class=\"wp-block-image\"><figure class=\"alignleft is-resized\"><img decoding=\"async\" src=\"https:\/\/l21.mx\/wp-content\/uploads\/2019\/02\/vicente-2.jpg\" alt=\"\" class=\"wp-image-36010\" width=\"233\" height=\"152\" srcset=\"https:\/\/l21.mx\/wp-content\/uploads\/2019\/02\/vicente-2.jpg 800w, https:\/\/l21.mx\/wp-content\/uploads\/2019\/02\/vicente-2-300x196.jpg 300w, https:\/\/l21.mx\/wp-content\/uploads\/2019\/02\/vicente-2-768x502.jpg 768w, https:\/\/l21.mx\/wp-content\/uploads\/2019\/02\/vicente-2-585x382.jpg 585w\" sizes=\"(max-width: 233px) 100vw, 233px\" \/><figcaption><em>*Director general de Sustentur, con m\u00e1s de 17 a\u00f1os de experiencia en el dise\u00f1o de estrategias de turismo sustentable para destinos, empresas y organizaciones en M\u00e9xico y Latinoam\u00e9rica.<\/em><\/figcaption><\/figure><\/div>\n\n\n\n<p class=\"wp-block-paragraph\">\u00bfSe acuerdan c\u00f3mo nos hemos sentado a la mesa para buscar soluciones a las crisis de seguridad, de impactos de huracanes, de sargazo o de imagen? Bueno, es momento de hacer lo mismo en este tema.<\/p>\n\n\n\n<p class=\"wp-block-paragraph\">Yo s\u00ed quiero un Caribe mexicano sano, exitoso tur\u00edsticamente, con arrecifes saludables y con turismo en el largo plazo. \u00bfY ustedes?&nbsp;<\/p>\n","protected":false},"excerpt":{"rendered":"<p>\u00bfSe imaginan el Caribe mexicano sin playas? \u00bfSe imaginan querer comer una rica langosta local y&hellip;<\/p>\n","protected":false},"author":69,"featured_media":37904,"comment_status":"open","ping_status":"open","sticky":false,"template":"","format":"standard","meta":{"_acf_changed":false,"_lmt_disableupdate":"","_lmt_disable":"","_mbp_gutenberg_autopost":false,"footnotes":""},"categories":[23,222,20],"tags":[],"class_list":["post-37903","post","type-post","status-publish","format-standard","has-post-thumbnail","hentry","category-noticias","category-vicente-ferreyra-acosta","category-columnas"],"acf":[],"_links":{"self":[{"href":"https:\/\/l21.mx\/index.php?rest_route=\/wp\/v2\/posts\/37903","targetHints":{"allow":["GET"]}}],"collection":[{"href":"https:\/\/l21.mx\/index.php?rest_route=\/wp\/v2\/posts"}],"about":[{"href":"https:\/\/l21.mx\/index.php?rest_route=\/wp\/v2\/types\/post"}],"author":[{"embeddable":true,"href":"https:\/\/l21.mx\/index.php?rest_route=\/wp\/v2\/users\/69"}],"replies":[{"embeddable":true,"href":"https:\/\/l21.mx\/index.php?rest_route=%2Fwp%2Fv2%2Fcomments&post=37903"}],"version-history":[{"count":0,"href":"https:\/\/l21.mx\/index.php?rest_route=\/wp\/v2\/posts\/37903\/revisions"}],"wp:featuredmedia":[{"embeddable":true,"href":"https:\/\/l21.mx\/index.php?rest_route=\/wp\/v2\/media\/37904"}],"wp:attachment":[{"href":"https:\/\/l21.mx\/index.php?rest_route=%2Fwp%2Fv2%2Fmedia&parent=37903"}],"wp:term":[{"taxonomy":"category","embeddable":true,"href":"https:\/\/l21.mx\/index.php?rest_route=%2Fwp%2Fv2%2Fcategories&post=37903"},{"taxonomy":"post_tag","embeddable":true,"href":"https:\/\/l21.mx\/index.php?rest_route=%2Fwp%2Fv2%2Ftags&post=37903"}],"curies":[{"name":"wp","href":"https:\/\/api.w.org\/{rel}","templated":true}]}}