{"id":37906,"date":"2019-05-31T11:08:49","date_gmt":"2019-05-31T16:08:49","guid":{"rendered":"https:\/\/l21.mx\/?p=37906"},"modified":"2019-05-31T11:09:06","modified_gmt":"2019-05-31T16:09:06","slug":"promueve-acotur-el-desarrollo-con-excelencia","status":"publish","type":"post","link":"https:\/\/l21.mx\/?p=37906","title":{"rendered":"Promueve Acotur el desarrollo con excelencia"},"content":{"rendered":"\n<p class=\"wp-block-paragraph\">La Asociaci\u00f3n de Complejos Vacacionales y Tur\u00edsticos (Acotur) tiene como reto para su segundo a\u00f1o de operaciones consolidar el desarrollo y el crecimiento con calidad del tiempo compartido y la propiedad vacacional en el Caribe mexicano por lo que espera elevar en 12% las ventas de intervalos vacacionales, que el a\u00f1o pasado alcanz\u00f3 un monto de 728 mdd, y generar la afluencia de casi 100 mil nuevos visitantes.<\/p>\n\n\n\n<p class=\"wp-block-paragraph\">Al celebrar su Asamblea General Ordinaria 2019, con la participaci\u00f3n de asociados y afiliados, el presidente de la agrupaci\u00f3n tur\u00edstica, Mauricio Carre\u00f3n Lavalle destac\u00f3 los logros alcanzados en el primer a\u00f1o de operaci\u00f3n de Acotur que ha llegado a convertirse en un organismo fomentador de la unidad y de las alianzas estrat\u00e9gicas en el sector tur\u00edstico, as\u00ed como un promotor de la excelencia en la industria vacacional, la cual fue reconocida en la XXXIII Convenci\u00f3n &amp; 29 Expo Amdetur, que reci\u00e9n concluy\u00f3 en el Mazatl\u00e1n.<\/p>\n\n\n\n<p class=\"wp-block-paragraph\">\u201cTenemos el reto de incrementar los organismos empresariales que participan en la Mega Alianza de Distribuci\u00f3n y Generaci\u00f3n, que realizamos originalmente en conjunto con Inverotel y las Asociaciones de Hoteles de la Riviera Maya y Cozumel, para impulsar los temas relacionados con la promoci\u00f3n tur\u00edstica, movilidad, sustentabilidad, seguridad y legalidad para los asociados y sus clientes\u201d, se\u00f1al\u00f3 Carre\u00f3n Lavalle, quien a\u00f1adi\u00f3 que tambi\u00e9n buscar\u00e1n aumentar la participaci\u00f3n y planes de trabajo con los tres niveles de gobierno aprovechando el poder de distribuci\u00f3n de la industria vacacional.<\/p>\n\n\n\n<p class=\"wp-block-paragraph\">Al rendir su informe de actividades, el presidente de Acotur precis\u00f3 que para este a\u00f1o los temas m\u00e1s relevantes ser\u00e1n crecer 15% el n\u00famero de asociados, sin contar a sus dos m\u00e1s recientes incorporaciones Grand Sirenis e International Vacation Club (IVC) y para ello fortalecer\u00e1n las funciones de sus cuatro comit\u00e9s 1) Comit\u00e9 Jur\u00eddico, 2) Comit\u00e9 de Admisi\u00f3n, 3) Comit\u00e9 de Vigilancia y Resoluci\u00f3n de Conflictos y 4) Comit\u00e9 de Desarrollo, Capacitaci\u00f3n, Ventas y Marketing.<\/p>\n\n\n\n<p class=\"wp-block-paragraph\">De igual forma refiri\u00f3 que a un a\u00f1o de operaciones, Acotur cuenta con 33 asociados y afiliados, los cuales operan m\u00e1s de 88 hoteles y 40 mil cuartos de hotel, as\u00ed como generan 55 mil 350 fuentes de empleo, con ventas anuales por m\u00e1s de 728 mdd y agrupan a 711 mil familias (socios) que viajan cada a\u00f1o a los destinos vacacionales del Caribe Mexicano, y que esperan incrementar 12% en los pr\u00f3ximos meses.<\/p>\n","protected":false},"excerpt":{"rendered":"<p>La Asociaci\u00f3n de Complejos Vacacionales y Tur\u00edsticos (Acotur) tiene como reto para su segundo a\u00f1o de&hellip;<\/p>\n","protected":false},"author":69,"featured_media":37907,"comment_status":"open","ping_status":"open","sticky":false,"template":"","format":"standard","meta":{"_acf_changed":false,"_lmt_disableupdate":"","_lmt_disable":"","_mbp_gutenberg_autopost":false,"footnotes":""},"categories":[4,23,8],"tags":[],"class_list":["post-37906","post","type-post","status-publish","format-standard","has-post-thumbnail","hentry","category-empresas-y-negocios","category-noticias","category-turismo"],"acf":[],"_links":{"self":[{"href":"https:\/\/l21.mx\/index.php?rest_route=\/wp\/v2\/posts\/37906","targetHints":{"allow":["GET"]}}],"collection":[{"href":"https:\/\/l21.mx\/index.php?rest_route=\/wp\/v2\/posts"}],"about":[{"href":"https:\/\/l21.mx\/index.php?rest_route=\/wp\/v2\/types\/post"}],"author":[{"embeddable":true,"href":"https:\/\/l21.mx\/index.php?rest_route=\/wp\/v2\/users\/69"}],"replies":[{"embeddable":true,"href":"https:\/\/l21.mx\/index.php?rest_route=%2Fwp%2Fv2%2Fcomments&post=37906"}],"version-history":[{"count":0,"href":"https:\/\/l21.mx\/index.php?rest_route=\/wp\/v2\/posts\/37906\/revisions"}],"wp:featuredmedia":[{"embeddable":true,"href":"https:\/\/l21.mx\/index.php?rest_route=\/wp\/v2\/media\/37907"}],"wp:attachment":[{"href":"https:\/\/l21.mx\/index.php?rest_route=%2Fwp%2Fv2%2Fmedia&parent=37906"}],"wp:term":[{"taxonomy":"category","embeddable":true,"href":"https:\/\/l21.mx\/index.php?rest_route=%2Fwp%2Fv2%2Fcategories&post=37906"},{"taxonomy":"post_tag","embeddable":true,"href":"https:\/\/l21.mx\/index.php?rest_route=%2Fwp%2Fv2%2Ftags&post=37906"}],"curies":[{"name":"wp","href":"https:\/\/api.w.org\/{rel}","templated":true}]}}