{"id":37953,"date":"2019-06-04T09:51:08","date_gmt":"2019-06-04T14:51:08","guid":{"rendered":"https:\/\/l21.mx\/?p=37953"},"modified":"2019-06-04T09:51:11","modified_gmt":"2019-06-04T14:51:11","slug":"grupo-dolphin-celebra-el-dia-del-lobo-marino","status":"publish","type":"post","link":"https:\/\/l21.mx\/?p=37953","title":{"rendered":"Grupo Dolphin celebra el d\u00eda del lobo marino"},"content":{"rendered":"\n<p class=\"wp-block-paragraph\">Grupo Dolphin celebr\u00f3 en d\u00edas pasados el D\u00eda del Lobo Marino con visitas educativas para ni\u00f1os y ni\u00f1as de diversas escuelas y actividades alusivas a la ocasi\u00f3n.<\/p>\n\n\n\n<p class=\"wp-block-paragraph\">Esta celebraci\u00f3n se realiz\u00f3 en algunos de sus parques y h\u00e1bitats ubicados alrededor del mundo, como: Nuevo Vallarta, Isla Mujeres, Puerto Aventuras, Los Cabos, Cozumel y Aquarium en Argentina; esto con el objetivo de transmitir un mensaje de amor y cuidado hacia los lobos marinos y todas las especies que habitan en el mundo.<\/p>\n\n\n\n<p class=\"wp-block-paragraph\">Entre las actividades que organiz\u00f3 el departamento de Educaci\u00f3n Ambiental, los ni\u00f1os y ni\u00f1as tuvieron la oportunidad de hacer un recorrido por el \u00e1rea de lobos marinos con una presentaci\u00f3n educativa acerca de la anatom\u00eda del mam\u00edfero.<\/p>\n\n\n\n<p class=\"wp-block-paragraph\">Adem\u00e1s, participaron en la entrega de un \u2018pastel\u2019 hecho de pescado, jugaron a las preguntas y respuestas con la informaci\u00f3n aprendida, asistieron a la funci\u00f3n de cuenta cuentos de \u201cLas aventuras en el oc\u00e9ano de Pinni, Tursi y Mydas: pl\u00e1stico peligroso\u201d escrito por Donna Kassewitz e ilustrado por N\u00f6el Kassewitz, rompieron pi\u00f1ata, armaron rompecabezas y pintaron sus manitas en el mural especial del d\u00eda del lobo marino.<\/p>\n\n\n\n<p class=\"wp-block-paragraph\">Adem\u00e1s de todas estas actividades, realizaron un interactivo con delfines, donde obtuvieron informaci\u00f3n valiosa acerca de sus cuidados y caracter\u00edsticas, enfatizando en el  respeto que todos debemos tenerles a todas las especies marinas o terrestres.<\/p>\n\n\n\n<p class=\"wp-block-paragraph\">Este evento permiti\u00f3 a los asistentes conocer de una manera interactiva y educativa sobre los lobos marinos, pero sobre todo conocer todas las acciones de cuidado hacia los  mam\u00edferos y su medio ambiente que Grupo Dolphin lleva a cabo con su programa Amar es Educar.<\/p>\n","protected":false},"excerpt":{"rendered":"<p>Grupo Dolphin celebr\u00f3 en d\u00edas pasados el D\u00eda del Lobo Marino con visitas educativas para ni\u00f1os&hellip;<\/p>\n","protected":false},"author":69,"featured_media":37954,"comment_status":"open","ping_status":"open","sticky":false,"template":"","format":"standard","meta":{"_acf_changed":false,"_lmt_disableupdate":"","_lmt_disable":"","_mbp_gutenberg_autopost":false,"footnotes":""},"categories":[4,23,35,8],"tags":[],"class_list":["post-37953","post","type-post","status-publish","format-standard","has-post-thumbnail","hentry","category-empresas-y-negocios","category-noticias","category-responsabilidad-social","category-turismo"],"acf":[],"_links":{"self":[{"href":"https:\/\/l21.mx\/index.php?rest_route=\/wp\/v2\/posts\/37953","targetHints":{"allow":["GET"]}}],"collection":[{"href":"https:\/\/l21.mx\/index.php?rest_route=\/wp\/v2\/posts"}],"about":[{"href":"https:\/\/l21.mx\/index.php?rest_route=\/wp\/v2\/types\/post"}],"author":[{"embeddable":true,"href":"https:\/\/l21.mx\/index.php?rest_route=\/wp\/v2\/users\/69"}],"replies":[{"embeddable":true,"href":"https:\/\/l21.mx\/index.php?rest_route=%2Fwp%2Fv2%2Fcomments&post=37953"}],"version-history":[{"count":0,"href":"https:\/\/l21.mx\/index.php?rest_route=\/wp\/v2\/posts\/37953\/revisions"}],"wp:featuredmedia":[{"embeddable":true,"href":"https:\/\/l21.mx\/index.php?rest_route=\/wp\/v2\/media\/37954"}],"wp:attachment":[{"href":"https:\/\/l21.mx\/index.php?rest_route=%2Fwp%2Fv2%2Fmedia&parent=37953"}],"wp:term":[{"taxonomy":"category","embeddable":true,"href":"https:\/\/l21.mx\/index.php?rest_route=%2Fwp%2Fv2%2Fcategories&post=37953"},{"taxonomy":"post_tag","embeddable":true,"href":"https:\/\/l21.mx\/index.php?rest_route=%2Fwp%2Fv2%2Ftags&post=37953"}],"curies":[{"name":"wp","href":"https:\/\/api.w.org\/{rel}","templated":true}]}}