{"id":38128,"date":"2019-06-18T16:41:11","date_gmt":"2019-06-18T21:41:11","guid":{"rendered":"https:\/\/l21.mx\/?p=38128"},"modified":"2019-06-18T16:41:21","modified_gmt":"2019-06-18T21:41:21","slug":"amlo-insta-a-mark-zuckerberg-a-llevar-internet-a-zonas-marginadas","status":"publish","type":"post","link":"https:\/\/l21.mx\/?p=38128","title":{"rendered":"AMLO insta a Mark Zuckerberg a llevar internet a zonas marginadas"},"content":{"rendered":"\n<p class=\"wp-block-paragraph\">Este martes, el presidente\u00a0<strong>Andr\u00e9s Manuel L\u00f3pez Obrador<\/strong>\u00a0invit\u00f3 a\u00a0<strong>Mark Zuckerberg<\/strong>, CEO de Facebook, a participar en el proyecto del Gobierno federal para llevar internet a zonas marginadas.<\/p>\n\n\n\n<p class=\"wp-block-paragraph\">\u00abSi t\u00fa lo consideras interesante, te invitamos a participar para poder hacer una sociedad. Ser\u00eda algo extraordinario de que\u00a0<strong>Facebook ayudara en la comunicaci\u00f3n<\/strong>, en la conectividad de M\u00e9xico, sobre todo en beneficio de los pobres\u00bb, dijo el mandatario en una videollamada hecha desde Palacio Nacional.<\/p>\n\n\n\n<p class=\"wp-block-paragraph\">L\u00f3pez Obrador dijo que el prop\u00f3sito del proyecto es conectar a 300 mil localidades en todo el pa\u00eds que no tienen comunicaci\u00f3n.<\/p>\n\n\n\n<p class=\"wp-block-paragraph\">\u00abContamos con toda la red el\u00e9ctrica que s\u00ed llega\u00a0<strong>al 95 por ciento del territorio (nacional)<\/strong>\u00a0y queremos aprovechar esa infraestructura para que con fibra \u00f3ptica, y posiblemente antenas, podamos comunicar\u00bb, explic\u00f3 el presidente a Zuckerberg.<\/p>\n\n\n\n<p class=\"wp-block-paragraph\"><strong>M\u00e9xico ocupa el segundo lugar en el uso del espectro radioel\u00e9ctrico para brindar servicios de internet y telefon\u00eda, entre 19 pa\u00edses de Am\u00e9rica Latina,<\/strong>\u00a0seg\u00fan datos del Instituto Federal de Telecomunicaciones (IFT) y la asociaci\u00f3n 5G Am\u00e9ricas.<\/p>\n\n\n\n<p class=\"wp-block-paragraph\">Y a pesar de los grandes esfuerzos del gobierno federal y el sector privado, a\u00fan queda mucho rezago en el rubro de la cibercomunicaci\u00f3n.<\/p>\n\n\n\n<p class=\"wp-block-paragraph\">En nuestro pa\u00eds, hay concesionados 584.3 Megahertz (MHz) de espectro radioel\u00e9ctrico para servicios m\u00f3viles, mientras Brasil cuenta con 609 Mhz, que lo ubican en el primer sitio.<\/p>\n","protected":false},"excerpt":{"rendered":"<p>Este martes, el presidente\u00a0Andr\u00e9s Manuel L\u00f3pez Obrador\u00a0invit\u00f3 a\u00a0Mark Zuckerberg, CEO de Facebook, a participar en el&hellip;<\/p>\n","protected":false},"author":69,"featured_media":38129,"comment_status":"open","ping_status":"open","sticky":false,"template":"","format":"standard","meta":{"_acf_changed":false,"_lmt_disableupdate":"","_lmt_disable":"","_mbp_gutenberg_autopost":false,"footnotes":""},"categories":[4,23],"tags":[],"class_list":["post-38128","post","type-post","status-publish","format-standard","has-post-thumbnail","hentry","category-empresas-y-negocios","category-noticias"],"acf":[],"_links":{"self":[{"href":"https:\/\/l21.mx\/index.php?rest_route=\/wp\/v2\/posts\/38128","targetHints":{"allow":["GET"]}}],"collection":[{"href":"https:\/\/l21.mx\/index.php?rest_route=\/wp\/v2\/posts"}],"about":[{"href":"https:\/\/l21.mx\/index.php?rest_route=\/wp\/v2\/types\/post"}],"author":[{"embeddable":true,"href":"https:\/\/l21.mx\/index.php?rest_route=\/wp\/v2\/users\/69"}],"replies":[{"embeddable":true,"href":"https:\/\/l21.mx\/index.php?rest_route=%2Fwp%2Fv2%2Fcomments&post=38128"}],"version-history":[{"count":0,"href":"https:\/\/l21.mx\/index.php?rest_route=\/wp\/v2\/posts\/38128\/revisions"}],"wp:featuredmedia":[{"embeddable":true,"href":"https:\/\/l21.mx\/index.php?rest_route=\/wp\/v2\/media\/38129"}],"wp:attachment":[{"href":"https:\/\/l21.mx\/index.php?rest_route=%2Fwp%2Fv2%2Fmedia&parent=38128"}],"wp:term":[{"taxonomy":"category","embeddable":true,"href":"https:\/\/l21.mx\/index.php?rest_route=%2Fwp%2Fv2%2Fcategories&post=38128"},{"taxonomy":"post_tag","embeddable":true,"href":"https:\/\/l21.mx\/index.php?rest_route=%2Fwp%2Fv2%2Ftags&post=38128"}],"curies":[{"name":"wp","href":"https:\/\/api.w.org\/{rel}","templated":true}]}}