{"id":38218,"date":"2019-06-26T18:27:42","date_gmt":"2019-06-26T23:27:42","guid":{"rendered":"https:\/\/l21.mx\/?p=38218"},"modified":"2019-06-26T18:27:46","modified_gmt":"2019-06-26T23:27:46","slug":"prohiben-corridas-de-toros-y-peleas-de-gallos-en-quintana-roo","status":"publish","type":"post","link":"https:\/\/l21.mx\/?p=38218","title":{"rendered":"Proh\u00edben corridas de toros y peleas de gallos en Quintana Roo"},"content":{"rendered":"\n<p class=\"wp-block-paragraph\"><\/p>\n\n\n\n<p class=\"wp-block-paragraph\">El Congreso de Quintana Roo aprob\u00f3 en sesi\u00f3n extraordinaria este mi\u00e9rcoles modificaciones a la Ley de Bienestar y Protecci\u00f3n Animal de Quintana Roo, cuyos puntos m\u00e1s importantes tienen que ver con la prohibici\u00f3n de manera oficial de las corridas de toros y peleas de gallos.<\/p>\n\n\n\n<p class=\"wp-block-paragraph\"><br>En el pleno se incluy\u00f3 la fracci\u00f3n XII al art\u00edculo 40 de la mencionada ley, mismo que establece que queda prohibido por cualquier motivo en Quintana Roo la realizaci\u00f3n de corridas de toros, vaquillas, novillos y becerros, adem\u00e1s de las peleas de gallos y el entrenamiento de animales para su utilizaci\u00f3n en espect\u00e1culos.<\/p>\n\n\n\n<p class=\"wp-block-paragraph\"><br>Integrantes de la XVI Legislatura se\u00f1alaron que la modificaci\u00f3n a la Ley de Bienestar y Protecci\u00f3n Animal de Quintana Roo fue un trabajo que se realiz\u00f3 en coordinaci\u00f3n con diversas organizaciones civiles enfocadas a la protecci\u00f3n de animales, investigadores, as\u00ed como autoridades locales y federales y ciudadanos interesados en el tema.<\/p>\n\n\n\n<p class=\"wp-block-paragraph\"><br>Esta ley contempla la expedici\u00f3n de un registro de las mascotas, con el fin de disminuir los casos de abandono.<\/p>\n","protected":false},"excerpt":{"rendered":"<p>El Congreso de Quintana Roo aprob\u00f3 en sesi\u00f3n extraordinaria este mi\u00e9rcoles modificaciones a la Ley de&hellip;<\/p>\n","protected":false},"author":2,"featured_media":38219,"comment_status":"open","ping_status":"open","sticky":false,"template":"","format":"standard","meta":{"_acf_changed":false,"_lmt_disableupdate":"","_lmt_disable":"","_mbp_gutenberg_autopost":false,"footnotes":""},"categories":[4,23,35],"tags":[],"class_list":["post-38218","post","type-post","status-publish","format-standard","has-post-thumbnail","hentry","category-empresas-y-negocios","category-noticias","category-responsabilidad-social"],"acf":[],"_links":{"self":[{"href":"https:\/\/l21.mx\/index.php?rest_route=\/wp\/v2\/posts\/38218","targetHints":{"allow":["GET"]}}],"collection":[{"href":"https:\/\/l21.mx\/index.php?rest_route=\/wp\/v2\/posts"}],"about":[{"href":"https:\/\/l21.mx\/index.php?rest_route=\/wp\/v2\/types\/post"}],"author":[{"embeddable":true,"href":"https:\/\/l21.mx\/index.php?rest_route=\/wp\/v2\/users\/2"}],"replies":[{"embeddable":true,"href":"https:\/\/l21.mx\/index.php?rest_route=%2Fwp%2Fv2%2Fcomments&post=38218"}],"version-history":[{"count":0,"href":"https:\/\/l21.mx\/index.php?rest_route=\/wp\/v2\/posts\/38218\/revisions"}],"wp:featuredmedia":[{"embeddable":true,"href":"https:\/\/l21.mx\/index.php?rest_route=\/wp\/v2\/media\/38219"}],"wp:attachment":[{"href":"https:\/\/l21.mx\/index.php?rest_route=%2Fwp%2Fv2%2Fmedia&parent=38218"}],"wp:term":[{"taxonomy":"category","embeddable":true,"href":"https:\/\/l21.mx\/index.php?rest_route=%2Fwp%2Fv2%2Fcategories&post=38218"},{"taxonomy":"post_tag","embeddable":true,"href":"https:\/\/l21.mx\/index.php?rest_route=%2Fwp%2Fv2%2Ftags&post=38218"}],"curies":[{"name":"wp","href":"https:\/\/api.w.org\/{rel}","templated":true}]}}