{"id":38231,"date":"2019-06-27T16:48:13","date_gmt":"2019-06-27T21:48:13","guid":{"rendered":"https:\/\/l21.mx\/?p=38231"},"modified":"2019-06-27T16:48:17","modified_gmt":"2019-06-27T21:48:17","slug":"aprueban-plan-nacional-de-desarrollo-2019-2024","status":"publish","type":"post","link":"https:\/\/l21.mx\/?p=38231","title":{"rendered":"Aprueban Plan Nacional de Desarrollo 2019-2024"},"content":{"rendered":"\n<p class=\"wp-block-paragraph\">Por primera vez en la historia, este documento fue revisado y votado por el \u00f3rgano legislativo, de acuerdo con el presidente de la C\u00e1mara baja, Porfirio Mu\u00f1oz Ledo.<\/p>\n\n\n\n<p class=\"wp-block-paragraph\">El Plan Nacional de Desarrollo 2019-2024 (PND), contiene los lineamientos generales a seguir en materia de Pol\u00edtica y Gobierno, Pol\u00edtica Social, Econom\u00eda y un Ep\u00edlogo con Visi\u00f3n 2024.<\/p>\n\n\n\n<p class=\"wp-block-paragraph\">Est\u00e1 estructurado por tres ejes generales que agrupan los problemas p\u00fablicos identificados a trav\u00e9s del Sistema Nacional de Planeaci\u00f3n Democr\u00e1tica: 1) Justicia y Estado de Derecho; 2) Bienestar; 3) Desarrollo econ\u00f3mico.<\/p>\n\n\n\n<p class=\"wp-block-paragraph\">Define tres ejes transversales: 1) Igualdad de g\u00e9nero, no discriminaci\u00f3n e inclusi\u00f3n; 2) Combate a la corrupci\u00f3n y mejora de la gesti\u00f3n p\u00fablica; 3) Territorio y desarrollo sostenible.<\/p>\n\n\n\n<p class=\"wp-block-paragraph\">Estos tres ejes se refieren a las caracter\u00edsticas que agudizan los problemas a los que se enfrenta M\u00e9xico y cuya atenci\u00f3n deber\u00e1 estar presente en todo el proceso que siguen las pol\u00edticas p\u00fablicas; es decir, desde su dise\u00f1o hasta su implementaci\u00f3n en el territorio por el Gobierno de M\u00e9xico.<\/p>\n\n\n\n<p class=\"wp-block-paragraph\">El Plan Nacional de Desarrollo 2019-2024 estar\u00e1 regido por 12 principios, entre los que destaca el de la \u2018Econom\u00eda para el bienestar\u2019, en donde reitera que habr\u00e1 austeridad, disciplina fiscal, cese del endeudamiento, respeto a las decisiones aut\u00f3nomas del Banco de M\u00e9xico, creaci\u00f3n de empleos, fortalecimiento del mercado interno, entre otros.<\/p>\n\n\n\n<p class=\"wp-block-paragraph\">En su interior, se destaca que el plan nacional potenciar\u00e1 la capacidad productiva de M\u00e9xico en los siguientes 20 a\u00f1os, asegurando un uso eficiente y responsable de los recursos naturales, y de las capacidades de su poblaci\u00f3n, y facilitando la convergencia de las regiones y sectores rezagados hacia los niveles de crecimiento de las regiones m\u00e1s productivas.<\/p>\n\n\n\n<p class=\"wp-block-paragraph\">Fuente: elfinanciero<\/p>\n","protected":false},"excerpt":{"rendered":"<p>Por primera vez en la historia, este documento fue revisado y votado por el \u00f3rgano legislativo,&hellip;<\/p>\n","protected":false},"author":69,"featured_media":38232,"comment_status":"open","ping_status":"open","sticky":false,"template":"","format":"standard","meta":{"_acf_changed":false,"_lmt_disableupdate":"","_lmt_disable":"","_mbp_gutenberg_autopost":false,"footnotes":""},"categories":[23],"tags":[],"class_list":["post-38231","post","type-post","status-publish","format-standard","has-post-thumbnail","hentry","category-noticias"],"acf":[],"_links":{"self":[{"href":"https:\/\/l21.mx\/index.php?rest_route=\/wp\/v2\/posts\/38231","targetHints":{"allow":["GET"]}}],"collection":[{"href":"https:\/\/l21.mx\/index.php?rest_route=\/wp\/v2\/posts"}],"about":[{"href":"https:\/\/l21.mx\/index.php?rest_route=\/wp\/v2\/types\/post"}],"author":[{"embeddable":true,"href":"https:\/\/l21.mx\/index.php?rest_route=\/wp\/v2\/users\/69"}],"replies":[{"embeddable":true,"href":"https:\/\/l21.mx\/index.php?rest_route=%2Fwp%2Fv2%2Fcomments&post=38231"}],"version-history":[{"count":0,"href":"https:\/\/l21.mx\/index.php?rest_route=\/wp\/v2\/posts\/38231\/revisions"}],"wp:featuredmedia":[{"embeddable":true,"href":"https:\/\/l21.mx\/index.php?rest_route=\/wp\/v2\/media\/38232"}],"wp:attachment":[{"href":"https:\/\/l21.mx\/index.php?rest_route=%2Fwp%2Fv2%2Fmedia&parent=38231"}],"wp:term":[{"taxonomy":"category","embeddable":true,"href":"https:\/\/l21.mx\/index.php?rest_route=%2Fwp%2Fv2%2Fcategories&post=38231"},{"taxonomy":"post_tag","embeddable":true,"href":"https:\/\/l21.mx\/index.php?rest_route=%2Fwp%2Fv2%2Ftags&post=38231"}],"curies":[{"name":"wp","href":"https:\/\/api.w.org\/{rel}","templated":true}]}}