{"id":38445,"date":"2019-07-10T16:20:56","date_gmt":"2019-07-10T21:20:56","guid":{"rendered":"https:\/\/l21.mx\/?p=38445"},"modified":"2019-07-10T16:22:55","modified_gmt":"2019-07-10T21:22:55","slug":"designacion-de-herrera-como-titular-de-hacienda-un-gran-acierto-abm","status":"publish","type":"post","link":"https:\/\/l21.mx\/?p=38445","title":{"rendered":"Designaci\u00f3n de Herrera como titular de Hacienda, un gran acierto: ABM"},"content":{"rendered":"\n<p>La<strong>\u00a0Asociaci\u00f3n de Bancos de M\u00e9xico (ABM)<\/strong>\u00a0declar\u00f3 que la designaci\u00f3n de\u00a0<strong>Arturo Herrera<\/strong>, como Secretario de Hacienda, es un acierto relevante por la preparaci\u00f3n acad\u00e9mica y la experiencia que tiene a nivel internacional y en el sistema bancario.<\/p>\n\n\n\n<p><strong>\u00a0\u00abLa preparaci\u00f3n acad\u00e9mico y profesional lo ponen en un lugar muy adecuado. Entre el a\u00f1o 2000 y 2006, fue Secretario de finanzas de la Ciudad de M\u00e9xico, y por otra parte, trabajar en el Banco Mundial le dio una perspectiva mundial muy valiosa; tambi\u00e9n trabaj\u00f3 en el Grupo Financiero IXE en banca de gobierno y conoce el sector bancario profundamente\u00bb<\/strong>, destac\u00f3 <strong>Luis Ni\u00f1o de Rivera<\/strong>, presidente de la ABM en entrevista<br>\u00a0<br>\u00a0El tambi\u00e9n vicepresidente del Consejo de Administraci\u00f3n de Banco Azteca, se\u00f1al\u00f3 que la ABM ha trabajado estupendamente con Herrera.<br>\u00a0<br><strong>\u00a0\u00abHa habido un di\u00e1logo muy abierto directo y constructivo, por lo tanto estamos muy contentos con su designaci\u00f3n\u00bb,\u00a0<\/strong>insisti\u00f3 el banquero.<br>\u00a0<br>\u00a0Ni\u00f1o de Rivera expuso que la reacci\u00f3n de los inversionistas y del mercado fue positivo tras la designaci\u00f3n de Herrera, debido a que se continuar\u00e1 con el manejo austero del gasto p\u00fablico.<br>\u00a0<br><strong>\u00a0\u00abEso va a continuar y tranquilizar el entorno y la reacci\u00f3n de los mercados\u00bb<\/strong>, asegur\u00f3.<br>\u00a0<br>Cuestionado sobre las peticiones que la ABM har\u00e1 al nuevo Secretario de Hacienda, afirm\u00f3 que la banca no pide, sino que ofrece seguir trabajando como lo ha venido haciendo con todas las autoridades financieras para seguir avanzando en la construcci\u00f3n de un M\u00e9xico con prosperidad e inclusi\u00f3n y de una agenda de crecimiento como catalizador de la actividad econ\u00f3mica.\u00a0<\/p>\n","protected":false},"excerpt":{"rendered":"<p>La\u00a0Asociaci\u00f3n de Bancos de M\u00e9xico (ABM)\u00a0declar\u00f3 que la designaci\u00f3n de\u00a0Arturo Herrera, como Secretario de Hacienda, es&hellip;<\/p>\n","protected":false},"author":69,"featured_media":38446,"comment_status":"open","ping_status":"open","sticky":false,"template":"","format":"standard","meta":{"_acf_changed":false,"_lmt_disableupdate":"","_lmt_disable":"","_mbp_gutenberg_autopost":false,"footnotes":""},"categories":[4,23],"tags":[],"class_list":["post-38445","post","type-post","status-publish","format-standard","has-post-thumbnail","hentry","category-empresas-y-negocios","category-noticias"],"acf":[],"yoast_head":"<!-- This site is optimized with the Yoast SEO plugin v27.3 - https:\/\/yoast.com\/product\/yoast-seo-wordpress\/ -->\n<title>Designaci\u00f3n de Herrera como titular de Hacienda, un gran acierto: ABM | Revista Latitud 21<\/title>\n<meta name=\"description\" content=\"L21, Emprendedores y Negocios en el Caribe Mexicano, es la revista l\u00edder entre el Sector Empresarial y Tur\u00edstico del Caribe Mexicano.\" \/>\n<meta name=\"robots\" content=\"index, follow, max-snippet:-1, max-image-preview:large, max-video-preview:-1\" \/>\n<link rel=\"canonical\" href=\"https:\/\/l21.mx\/?p=38445\" \/>\n<meta name=\"twitter:card\" content=\"summary_large_image\" \/>\n<meta name=\"twitter:title\" content=\"Designaci\u00f3n de Herrera como titular de Hacienda, un gran acierto: ABM | Revista Latitud 21\" \/>\n<meta name=\"twitter:description\" content=\"L21, Emprendedores y Negocios en el Caribe Mexicano, es la revista l\u00edder entre el Sector Empresarial y Tur\u00edstico del Caribe Mexicano.\" \/>\n<meta name=\"twitter:image\" content=\"https:\/\/l21.mx\/wp-content\/uploads\/2019\/07\/AH-Secretario-de-Hacienda.jpg\" \/>\n<meta name=\"twitter:creator\" content=\"@Latitud21mx\" \/>\n<meta name=\"twitter:site\" content=\"@Latitud21mx\" \/>\n<meta name=\"twitter:label1\" content=\"Escrito por\" \/>\n\t<meta name=\"twitter:data1\" content=\"Redacci\u00f3n\" \/>\n\t<meta name=\"twitter:label2\" content=\"Tiempo de lectura\" \/>\n\t<meta name=\"twitter:data2\" content=\"1 minuto\" \/>\n<script type=\"application\/ld+json\" class=\"yoast-schema-graph\">{\"@context\":\"https:\\\/\\\/schema.org\",\"@graph\":[{\"@type\":\"Article\",\"@id\":\"https:\\\/\\\/l21.mx\\\/?p=38445#article\",\"isPartOf\":{\"@id\":\"https:\\\/\\\/l21.mx\\\/?p=38445\"},\"author\":{\"name\":\"Redacci\u00f3n\",\"@id\":\"https:\\\/\\\/l21.mx\\\/#\\\/schema\\\/person\\\/066641669c6ee7227953da2a023ebcde\"},\"headline\":\"Designaci\u00f3n de Herrera como titular de Hacienda, un gran acierto: ABM\",\"datePublished\":\"2019-07-10T21:20:56+00:00\",\"dateModified\":\"2019-07-10T21:22:55+00:00\",\"mainEntityOfPage\":{\"@id\":\"https:\\\/\\\/l21.mx\\\/?p=38445\"},\"wordCount\":291,\"commentCount\":0,\"publisher\":{\"@id\":\"https:\\\/\\\/l21.mx\\\/#organization\"},\"image\":{\"@id\":\"https:\\\/\\\/l21.mx\\\/?p=38445#primaryimage\"},\"thumbnailUrl\":\"https:\\\/\\\/l21.mx\\\/wp-content\\\/uploads\\\/2019\\\/07\\\/AH-Secretario-de-Hacienda.jpg\",\"articleSection\":[\"Empresas y Negocios\",\"Noticias\"],\"inLanguage\":\"es\",\"potentialAction\":[{\"@type\":\"CommentAction\",\"name\":\"Comment\",\"target\":[\"https:\\\/\\\/l21.mx\\\/?p=38445#respond\"]}]},{\"@type\":\"WebPage\",\"@id\":\"https:\\\/\\\/l21.mx\\\/?p=38445\",\"url\":\"https:\\\/\\\/l21.mx\\\/?p=38445\",\"name\":\"Designaci\u00f3n de Herrera como titular de Hacienda, un gran acierto: ABM | Revista Latitud 21\",\"isPartOf\":{\"@id\":\"https:\\\/\\\/l21.mx\\\/#website\"},\"primaryImageOfPage\":{\"@id\":\"https:\\\/\\\/l21.mx\\\/?p=38445#primaryimage\"},\"image\":{\"@id\":\"https:\\\/\\\/l21.mx\\\/?p=38445#primaryimage\"},\"thumbnailUrl\":\"https:\\\/\\\/l21.mx\\\/wp-content\\\/uploads\\\/2019\\\/07\\\/AH-Secretario-de-Hacienda.jpg\",\"datePublished\":\"2019-07-10T21:20:56+00:00\",\"dateModified\":\"2019-07-10T21:22:55+00:00\",\"description\":\"L21, Emprendedores y Negocios en el Caribe Mexicano, es la revista l\u00edder entre el Sector Empresarial y Tur\u00edstico del Caribe Mexicano.\",\"breadcrumb\":{\"@id\":\"https:\\\/\\\/l21.mx\\\/?p=38445#breadcrumb\"},\"inLanguage\":\"es\",\"potentialAction\":[{\"@type\":\"ReadAction\",\"target\":[\"https:\\\/\\\/l21.mx\\\/?p=38445\"]}]},{\"@type\":\"ImageObject\",\"inLanguage\":\"es\",\"@id\":\"https:\\\/\\\/l21.mx\\\/?p=38445#primaryimage\",\"url\":\"https:\\\/\\\/l21.mx\\\/wp-content\\\/uploads\\\/2019\\\/07\\\/AH-Secretario-de-Hacienda.jpg\",\"contentUrl\":\"https:\\\/\\\/l21.mx\\\/wp-content\\\/uploads\\\/2019\\\/07\\\/AH-Secretario-de-Hacienda.jpg\",\"width\":1140,\"height\":712},{\"@type\":\"BreadcrumbList\",\"@id\":\"https:\\\/\\\/l21.mx\\\/?p=38445#breadcrumb\",\"itemListElement\":[{\"@type\":\"ListItem\",\"position\":1,\"name\":\"Portada\",\"item\":\"https:\\\/\\\/l21.mx\\\/\"},{\"@type\":\"ListItem\",\"position\":2,\"name\":\"Designaci\u00f3n de Herrera como titular de Hacienda, un gran acierto: ABM\"}]},{\"@type\":\"WebSite\",\"@id\":\"https:\\\/\\\/l21.mx\\\/#website\",\"url\":\"https:\\\/\\\/l21.mx\\\/\",\"name\":\"Revista Latitud 21\",\"description\":\"Emprendedores  y negocios en el Caribe Mexicano\",\"publisher\":{\"@id\":\"https:\\\/\\\/l21.mx\\\/#organization\"},\"potentialAction\":[{\"@type\":\"SearchAction\",\"target\":{\"@type\":\"EntryPoint\",\"urlTemplate\":\"https:\\\/\\\/l21.mx\\\/?s={search_term_string}\"},\"query-input\":{\"@type\":\"PropertyValueSpecification\",\"valueRequired\":true,\"valueName\":\"search_term_string\"}}],\"inLanguage\":\"es\"},{\"@type\":\"Organization\",\"@id\":\"https:\\\/\\\/l21.mx\\\/#organization\",\"name\":\"Grupo Editorial Latitud 21 SA de CV\",\"url\":\"https:\\\/\\\/l21.mx\\\/\",\"logo\":{\"@type\":\"ImageObject\",\"inLanguage\":\"es\",\"@id\":\"https:\\\/\\\/l21.mx\\\/#\\\/schema\\\/logo\\\/image\\\/\",\"url\":\"https:\\\/\\\/l21.mx\\\/wp-content\\\/uploads\\\/2020\\\/10\\\/logo-l21-baja.jpg\",\"contentUrl\":\"https:\\\/\\\/l21.mx\\\/wp-content\\\/uploads\\\/2020\\\/10\\\/logo-l21-baja.jpg\",\"width\":250,\"height\":250,\"caption\":\"Grupo Editorial Latitud 21 SA de CV\"},\"image\":{\"@id\":\"https:\\\/\\\/l21.mx\\\/#\\\/schema\\\/logo\\\/image\\\/\"},\"sameAs\":[\"https:\\\/\\\/www.facebook.com\\\/RevistaLatitud21\\\/\",\"https:\\\/\\\/x.com\\\/Latitud21mx\"]},{\"@type\":\"Person\",\"@id\":\"https:\\\/\\\/l21.mx\\\/#\\\/schema\\\/person\\\/066641669c6ee7227953da2a023ebcde\",\"name\":\"Redacci\u00f3n\",\"url\":\"https:\\\/\\\/l21.mx\\\/?author=69\"}]}<\/script>\n<!-- \/ Yoast SEO plugin. -->","yoast_head_json":{"title":"Designaci\u00f3n de Herrera como titular de Hacienda, un gran acierto: ABM | Revista Latitud 21","description":"L21, Emprendedores y Negocios en el Caribe Mexicano, es la revista l\u00edder entre el Sector Empresarial y Tur\u00edstico del Caribe Mexicano.","robots":{"index":"index","follow":"follow","max-snippet":"max-snippet:-1","max-image-preview":"max-image-preview:large","max-video-preview":"max-video-preview:-1"},"canonical":"https:\/\/l21.mx\/?p=38445","twitter_card":"summary_large_image","twitter_title":"Designaci\u00f3n de Herrera como titular de Hacienda, un gran acierto: ABM | Revista Latitud 21","twitter_description":"L21, Emprendedores y Negocios en el Caribe Mexicano, es la revista l\u00edder entre el Sector Empresarial y Tur\u00edstico del Caribe Mexicano.","twitter_image":"https:\/\/l21.mx\/wp-content\/uploads\/2019\/07\/AH-Secretario-de-Hacienda.jpg","twitter_creator":"@Latitud21mx","twitter_site":"@Latitud21mx","twitter_misc":{"Escrito por":"Redacci\u00f3n","Tiempo de lectura":"1 minuto"},"schema":{"@context":"https:\/\/schema.org","@graph":[{"@type":"Article","@id":"https:\/\/l21.mx\/?p=38445#article","isPartOf":{"@id":"https:\/\/l21.mx\/?p=38445"},"author":{"name":"Redacci\u00f3n","@id":"https:\/\/l21.mx\/#\/schema\/person\/066641669c6ee7227953da2a023ebcde"},"headline":"Designaci\u00f3n de Herrera como titular de Hacienda, un gran acierto: ABM","datePublished":"2019-07-10T21:20:56+00:00","dateModified":"2019-07-10T21:22:55+00:00","mainEntityOfPage":{"@id":"https:\/\/l21.mx\/?p=38445"},"wordCount":291,"commentCount":0,"publisher":{"@id":"https:\/\/l21.mx\/#organization"},"image":{"@id":"https:\/\/l21.mx\/?p=38445#primaryimage"},"thumbnailUrl":"https:\/\/l21.mx\/wp-content\/uploads\/2019\/07\/AH-Secretario-de-Hacienda.jpg","articleSection":["Empresas y Negocios","Noticias"],"inLanguage":"es","potentialAction":[{"@type":"CommentAction","name":"Comment","target":["https:\/\/l21.mx\/?p=38445#respond"]}]},{"@type":"WebPage","@id":"https:\/\/l21.mx\/?p=38445","url":"https:\/\/l21.mx\/?p=38445","name":"Designaci\u00f3n de Herrera como titular de Hacienda, un gran acierto: ABM | Revista Latitud 21","isPartOf":{"@id":"https:\/\/l21.mx\/#website"},"primaryImageOfPage":{"@id":"https:\/\/l21.mx\/?p=38445#primaryimage"},"image":{"@id":"https:\/\/l21.mx\/?p=38445#primaryimage"},"thumbnailUrl":"https:\/\/l21.mx\/wp-content\/uploads\/2019\/07\/AH-Secretario-de-Hacienda.jpg","datePublished":"2019-07-10T21:20:56+00:00","dateModified":"2019-07-10T21:22:55+00:00","description":"L21, Emprendedores y Negocios en el Caribe Mexicano, es la revista l\u00edder entre el Sector Empresarial y Tur\u00edstico del Caribe Mexicano.","breadcrumb":{"@id":"https:\/\/l21.mx\/?p=38445#breadcrumb"},"inLanguage":"es","potentialAction":[{"@type":"ReadAction","target":["https:\/\/l21.mx\/?p=38445"]}]},{"@type":"ImageObject","inLanguage":"es","@id":"https:\/\/l21.mx\/?p=38445#primaryimage","url":"https:\/\/l21.mx\/wp-content\/uploads\/2019\/07\/AH-Secretario-de-Hacienda.jpg","contentUrl":"https:\/\/l21.mx\/wp-content\/uploads\/2019\/07\/AH-Secretario-de-Hacienda.jpg","width":1140,"height":712},{"@type":"BreadcrumbList","@id":"https:\/\/l21.mx\/?p=38445#breadcrumb","itemListElement":[{"@type":"ListItem","position":1,"name":"Portada","item":"https:\/\/l21.mx\/"},{"@type":"ListItem","position":2,"name":"Designaci\u00f3n de Herrera como titular de Hacienda, un gran acierto: ABM"}]},{"@type":"WebSite","@id":"https:\/\/l21.mx\/#website","url":"https:\/\/l21.mx\/","name":"Revista Latitud 21","description":"Emprendedores  y negocios en el Caribe Mexicano","publisher":{"@id":"https:\/\/l21.mx\/#organization"},"potentialAction":[{"@type":"SearchAction","target":{"@type":"EntryPoint","urlTemplate":"https:\/\/l21.mx\/?s={search_term_string}"},"query-input":{"@type":"PropertyValueSpecification","valueRequired":true,"valueName":"search_term_string"}}],"inLanguage":"es"},{"@type":"Organization","@id":"https:\/\/l21.mx\/#organization","name":"Grupo Editorial Latitud 21 SA de CV","url":"https:\/\/l21.mx\/","logo":{"@type":"ImageObject","inLanguage":"es","@id":"https:\/\/l21.mx\/#\/schema\/logo\/image\/","url":"https:\/\/l21.mx\/wp-content\/uploads\/2020\/10\/logo-l21-baja.jpg","contentUrl":"https:\/\/l21.mx\/wp-content\/uploads\/2020\/10\/logo-l21-baja.jpg","width":250,"height":250,"caption":"Grupo Editorial Latitud 21 SA de CV"},"image":{"@id":"https:\/\/l21.mx\/#\/schema\/logo\/image\/"},"sameAs":["https:\/\/www.facebook.com\/RevistaLatitud21\/","https:\/\/x.com\/Latitud21mx"]},{"@type":"Person","@id":"https:\/\/l21.mx\/#\/schema\/person\/066641669c6ee7227953da2a023ebcde","name":"Redacci\u00f3n","url":"https:\/\/l21.mx\/?author=69"}]}},"amp_enabled":true,"_links":{"self":[{"href":"https:\/\/l21.mx\/index.php?rest_route=\/wp\/v2\/posts\/38445","targetHints":{"allow":["GET"]}}],"collection":[{"href":"https:\/\/l21.mx\/index.php?rest_route=\/wp\/v2\/posts"}],"about":[{"href":"https:\/\/l21.mx\/index.php?rest_route=\/wp\/v2\/types\/post"}],"author":[{"embeddable":true,"href":"https:\/\/l21.mx\/index.php?rest_route=\/wp\/v2\/users\/69"}],"replies":[{"embeddable":true,"href":"https:\/\/l21.mx\/index.php?rest_route=%2Fwp%2Fv2%2Fcomments&post=38445"}],"version-history":[{"count":0,"href":"https:\/\/l21.mx\/index.php?rest_route=\/wp\/v2\/posts\/38445\/revisions"}],"wp:featuredmedia":[{"embeddable":true,"href":"https:\/\/l21.mx\/index.php?rest_route=\/wp\/v2\/media\/38446"}],"wp:attachment":[{"href":"https:\/\/l21.mx\/index.php?rest_route=%2Fwp%2Fv2%2Fmedia&parent=38445"}],"wp:term":[{"taxonomy":"category","embeddable":true,"href":"https:\/\/l21.mx\/index.php?rest_route=%2Fwp%2Fv2%2Fcategories&post=38445"},{"taxonomy":"post_tag","embeddable":true,"href":"https:\/\/l21.mx\/index.php?rest_route=%2Fwp%2Fv2%2Ftags&post=38445"}],"curies":[{"name":"wp","href":"https:\/\/api.w.org\/{rel}","templated":true}]}}