{"id":38461,"date":"2019-07-11T17:05:45","date_gmt":"2019-07-11T22:05:45","guid":{"rendered":"https:\/\/l21.mx\/?p=38461"},"modified":"2021-03-01T11:45:34","modified_gmt":"2021-03-01T16:45:34","slug":"caravana-de-promocion-turistica-en-lima-peru","status":"publish","type":"post","link":"https:\/\/l21.mx\/?p=38461","title":{"rendered":"Caravana de promoci\u00f3n tur\u00edstica en Lima, Per\u00fa"},"content":{"rendered":"\n<p class=\"wp-block-paragraph\">La Asociaci\u00f3n de Hoteles de Canc\u00fan, Puerto Morelos &amp; Isla Mujeres realiza una Caravana de Promoci\u00f3n en Lima, Per\u00fa en conjunto con la l\u00ednea a\u00e9rea Interjet, dado el nuevo vuelo directo Canc\u00fan-Lima-Canc\u00fan, del 09 al 12 de julio del presente.<\/p>\n\n\n\n<p class=\"wp-block-paragraph\">Participan 23 hoteles asociados, iniciando estas acciones de promoci\u00f3n el d\u00eda de ayer con blitz a las principales agencias de viajes y el d\u00eda de hoy se realiz\u00f3 con gran \u00e9xito un Trade show\/Desayuno de Trabajo en el que se present\u00f3 la oferta hotelera, pr\u00f3ximos eventos y atracciones de los destinos del Caribe Mexicano.<\/p>\n\n\n\n<p class=\"wp-block-paragraph\">Asistieron, el Embajador de M\u00e9xico en Per\u00fa,  Lic. V\u00edctor Hugo Morales y el Sr. Mario Dur\u00e1n, Gerente de Ventas de Interjet Per\u00fa, adem\u00e1s de 80 agentes de viajes y diversos medios de comunicaci\u00f3n.<\/p>\n","protected":false},"excerpt":{"rendered":"<p>La Asociaci\u00f3n de Hoteles de Canc\u00fan, Puerto Morelos &amp; Isla Mujeres realiza una Caravana de Promoci\u00f3n&hellip;<\/p>\n","protected":false},"author":69,"featured_media":38462,"comment_status":"open","ping_status":"open","sticky":false,"template":"","format":"standard","meta":{"_acf_changed":false,"_lmt_disableupdate":"","_lmt_disable":"","_mbp_gutenberg_autopost":false,"footnotes":""},"categories":[23,8],"tags":[],"class_list":["post-38461","post","type-post","status-publish","format-standard","has-post-thumbnail","hentry","category-noticias","category-turismo"],"acf":[],"_links":{"self":[{"href":"https:\/\/l21.mx\/index.php?rest_route=\/wp\/v2\/posts\/38461","targetHints":{"allow":["GET"]}}],"collection":[{"href":"https:\/\/l21.mx\/index.php?rest_route=\/wp\/v2\/posts"}],"about":[{"href":"https:\/\/l21.mx\/index.php?rest_route=\/wp\/v2\/types\/post"}],"author":[{"embeddable":true,"href":"https:\/\/l21.mx\/index.php?rest_route=\/wp\/v2\/users\/69"}],"replies":[{"embeddable":true,"href":"https:\/\/l21.mx\/index.php?rest_route=%2Fwp%2Fv2%2Fcomments&post=38461"}],"version-history":[{"count":0,"href":"https:\/\/l21.mx\/index.php?rest_route=\/wp\/v2\/posts\/38461\/revisions"}],"wp:featuredmedia":[{"embeddable":true,"href":"https:\/\/l21.mx\/index.php?rest_route=\/wp\/v2\/media\/38462"}],"wp:attachment":[{"href":"https:\/\/l21.mx\/index.php?rest_route=%2Fwp%2Fv2%2Fmedia&parent=38461"}],"wp:term":[{"taxonomy":"category","embeddable":true,"href":"https:\/\/l21.mx\/index.php?rest_route=%2Fwp%2Fv2%2Fcategories&post=38461"},{"taxonomy":"post_tag","embeddable":true,"href":"https:\/\/l21.mx\/index.php?rest_route=%2Fwp%2Fv2%2Ftags&post=38461"}],"curies":[{"name":"wp","href":"https:\/\/api.w.org\/{rel}","templated":true}]}}