{"id":38484,"date":"2019-07-15T16:41:50","date_gmt":"2019-07-15T21:41:50","guid":{"rendered":"https:\/\/l21.mx\/?p=38484"},"modified":"2021-03-01T11:45:34","modified_gmt":"2021-03-01T16:45:34","slug":"presentan-programa-de-la-3a-edicion-del-cancun-travel-forum","status":"publish","type":"post","link":"https:\/\/l21.mx\/?p=38484","title":{"rendered":"Presentan programa de la 3\u00aa. Edici\u00f3n del Cancun Travel Forum"},"content":{"rendered":"\n<p class=\"wp-block-paragraph\">Directivos de la Fundaci\u00f3n Ciudad de la Alegr\u00eda, presentaron la 3\u00aa. Edici\u00f3n del \u201cCancun Travel Forum\u201d, uno de los principales foros de capacitaci\u00f3n de alta calidad del destino, en estrategias de innovaci\u00f3n para la industria tur\u00edstica el cual tiene dos objetivos principales:<\/p>\n\n\n\n<ol class=\"wp-block-list\"><li>Ofrecer a los integrantes del sector tur\u00edstico de nuestro pa\u00eds un espacio en el que se den a conocer tendencias y programas de acci\u00f3n; adem\u00e1s de ofrecer capacitaci\u00f3n para CEO\u00b4s, directivos, gerentes, empresarios y p\u00fablico en general, todo en voz de los mejores l\u00edderes del sector.<\/li><li>Recaudar fondos para apoyar a los 13 hogares y diferentes programas y servicios que alberga la<\/li><\/ol>\n\n\n\n<p class=\"wp-block-paragraph\">Fundaci\u00f3n Ciudad de la Alegr\u00eda A.C. El Cancun Travel Forum 2019 se llevar\u00e1 a cabo el 26 y 27 de septiembre en el Hotel ATELIER ESTUDIO Playa Mujeres de Canc\u00fan, y se espera la asistencia de m\u00e1s de 750 participantes del sector tur\u00edstico, acad\u00e9mico y p\u00fablico en general de todo el pa\u00eds y el Caribe.<\/p>\n\n\n\n<p class=\"wp-block-paragraph\">\u201cLos conferencistas que participar\u00e1n tienen una reconocida trayectoria profesional y sus casos de \u00e9xito los coloca hoy como l\u00edderes en las estrategias de marketing y creatividad.<\/p>\n\n\n\n<p class=\"wp-block-paragraph\">\u00abAdem\u00e1s, son personas comprometidas con las causas sociales por lo que quienes somos parte de la Fundaci\u00f3n le estamos muy agradecidos por compartir su tiempo y talento como parte de nuestro foro\u201d, expres\u00f3 Katty Rosado, directora de la Fundaci\u00f3n Ciudad de la Alegr\u00eda.<\/p>\n\n\n\n<p class=\"wp-block-paragraph\">La Fundaci\u00f3n Ciudad de la Alegr\u00eda apoya a m\u00e1s de 48 mil personas al a\u00f1o, a trav\u00e9s de sus 8 hogares, 3 programas y 2 servicios; que atienden a sectores de la poblaci\u00f3n vulnerables como personas de la tercera edad en desamparo; mujeres que han sufrido violencia; ni\u00f1os, adolescentes y j\u00f3venes en situaci\u00f3n de riesgo como agresiones, pandillerismo y adicciones; personas con enfermedades terminales; estancia infantil para hijos de madres o padres solteros con trabajos informales; <\/p>\n\n\n\n<p class=\"wp-block-paragraph\">Adem\u00e1s de atender, a trav\u00e9s de servicios m\u00e9dicos, a habitantes de 30 colonias irregulares o de escasos recursos; entre otros programas. A lo largo de 17 a\u00f1os se han atendido a m\u00e1s de 500 mil habitantes de la zona norte de Quintana Roo.<\/p>\n","protected":false},"excerpt":{"rendered":"<p>Directivos de la Fundaci\u00f3n Ciudad de la Alegr\u00eda, presentaron la 3\u00aa. Edici\u00f3n del \u201cCancun Travel Forum\u201d,&hellip;<\/p>\n","protected":false},"author":69,"featured_media":38485,"comment_status":"open","ping_status":"open","sticky":false,"template":"","format":"standard","meta":{"_acf_changed":false,"_lmt_disableupdate":"","_lmt_disable":"","_mbp_gutenberg_autopost":false,"footnotes":""},"categories":[4,23,8],"tags":[],"class_list":["post-38484","post","type-post","status-publish","format-standard","has-post-thumbnail","hentry","category-empresas-y-negocios","category-noticias","category-turismo"],"acf":[],"_links":{"self":[{"href":"https:\/\/l21.mx\/index.php?rest_route=\/wp\/v2\/posts\/38484","targetHints":{"allow":["GET"]}}],"collection":[{"href":"https:\/\/l21.mx\/index.php?rest_route=\/wp\/v2\/posts"}],"about":[{"href":"https:\/\/l21.mx\/index.php?rest_route=\/wp\/v2\/types\/post"}],"author":[{"embeddable":true,"href":"https:\/\/l21.mx\/index.php?rest_route=\/wp\/v2\/users\/69"}],"replies":[{"embeddable":true,"href":"https:\/\/l21.mx\/index.php?rest_route=%2Fwp%2Fv2%2Fcomments&post=38484"}],"version-history":[{"count":0,"href":"https:\/\/l21.mx\/index.php?rest_route=\/wp\/v2\/posts\/38484\/revisions"}],"wp:featuredmedia":[{"embeddable":true,"href":"https:\/\/l21.mx\/index.php?rest_route=\/wp\/v2\/media\/38485"}],"wp:attachment":[{"href":"https:\/\/l21.mx\/index.php?rest_route=%2Fwp%2Fv2%2Fmedia&parent=38484"}],"wp:term":[{"taxonomy":"category","embeddable":true,"href":"https:\/\/l21.mx\/index.php?rest_route=%2Fwp%2Fv2%2Fcategories&post=38484"},{"taxonomy":"post_tag","embeddable":true,"href":"https:\/\/l21.mx\/index.php?rest_route=%2Fwp%2Fv2%2Ftags&post=38484"}],"curies":[{"name":"wp","href":"https:\/\/api.w.org\/{rel}","templated":true}]}}