{"id":38488,"date":"2019-07-16T15:36:28","date_gmt":"2019-07-16T20:36:28","guid":{"rendered":"https:\/\/l21.mx\/?p=38488"},"modified":"2021-03-01T11:45:34","modified_gmt":"2021-03-01T16:45:34","slug":"best-day-presenta-su-campana-retoverano","status":"publish","type":"post","link":"https:\/\/l21.mx\/?p=38488","title":{"rendered":"Best Day presenta su campa\u00f1a #RetoVerano"},"content":{"rendered":"\n<p class=\"wp-block-paragraph\"><strong>Con el objetivo de promover el turismo nacional, la agencia en l\u00ednea Best Day present\u00f3 su campa\u00f1a #RetoVerano.<\/strong><\/p>\n\n\n\n<p class=\"wp-block-paragraph\">Esta innovadora estrategia de promoci\u00f3n contempla tres elementos: <br>una promoci\u00f3n de venta dura, con precios preferenciales y beneficios con bancos una estrategia de contenido en materia de promoci\u00f3n de <strong>actividades que se pueden realizar en diversos estados<\/strong>, para promover los viajes o atractivos locales y una din\u00e1mica en la que el ganador podr\u00e1 viajar a Canc\u00fan con todos los gastos pagados.<\/p>\n\n\n\n<p class=\"wp-block-paragraph\">\u201cEn Best Day estamos comprometidos con <strong>crear experiencias de viaje \u00fanicas<\/strong> para todos nuestros usuarios, por lo que es un gusto presentar la nueva campa\u00f1a: #RetoVerano, que incentiva a las personas para salir de su rutina y viajar durante este verano, ya sea dentro de su mismo estado de residencia o en destinos diferentes. <\/p>\n\n\n\n<p class=\"wp-block-paragraph\">\u00abAdem\u00e1s, #RetoVerano exhorta a los viajeros para disfrutar los atractivos que ofrece el lugar donde radica. Sin duda, <strong>al impulsar el turismo nacional,<\/strong> <strong>impulsamos tambi\u00e9n la econom\u00eda de nuestro pa\u00eds<\/strong>\u201d, coment\u00f3 Alejandro Calligaris, CEO de Best Day Travel Group.<\/p>\n\n\n\n<p class=\"wp-block-paragraph\">La mec\u00e1nica para la din\u00e1mica es sencilla: quienes se registren en el #RetoVerano deber\u00e1n subir una fotograf\u00eda a la plataforma, ubicada en www.bestday.com.mx\/retoverano. <\/p>\n\n\n\n<p class=\"wp-block-paragraph\">Posteriormente, tendr\u00e1n que cumplir los retos que se anuncien en las redes sociales de Best Day y v\u00eda correo electr\u00f3nico, mismas que les dar\u00e1n acceso a las eliminatorias para conseguir el gran premio.  #RetoVerano de Best Day premiar\u00e1 al ganador con <strong>un viaje todo incluido a Canc\u00fan<\/strong>, el cual, mientras m\u00e1s personas se registren, incluir\u00e1 mejores premisas. <\/p>\n\n\n\n<p class=\"wp-block-paragraph\">En su mejor expresi\u00f3n, el viaje incluir\u00eda un vuelo redondo para cuatro personas, cinco d\u00edas de hospedaje en hotel cinco estrellas, todo incluido y entradas a dos actividades o parques.<\/p>\n\n\n\n<p class=\"wp-block-paragraph\">La din\u00e1mica del #RetoVerano se desarrollar\u00e1 durante las primeras tres semanas de julio y <strong>el ganador se anunciar\u00e1 el 6 de agosto<\/strong>.<\/p>\n","protected":false},"excerpt":{"rendered":"<p>Con el objetivo de promover el turismo nacional, la agencia en l\u00ednea Best Day present\u00f3 su&hellip;<\/p>\n","protected":false},"author":69,"featured_media":38492,"comment_status":"open","ping_status":"open","sticky":false,"template":"","format":"standard","meta":{"_acf_changed":false,"_lmt_disableupdate":"","_lmt_disable":"","_mbp_gutenberg_autopost":false,"footnotes":""},"categories":[4,23,8],"tags":[],"class_list":["post-38488","post","type-post","status-publish","format-standard","has-post-thumbnail","hentry","category-empresas-y-negocios","category-noticias","category-turismo"],"acf":[],"_links":{"self":[{"href":"https:\/\/l21.mx\/index.php?rest_route=\/wp\/v2\/posts\/38488","targetHints":{"allow":["GET"]}}],"collection":[{"href":"https:\/\/l21.mx\/index.php?rest_route=\/wp\/v2\/posts"}],"about":[{"href":"https:\/\/l21.mx\/index.php?rest_route=\/wp\/v2\/types\/post"}],"author":[{"embeddable":true,"href":"https:\/\/l21.mx\/index.php?rest_route=\/wp\/v2\/users\/69"}],"replies":[{"embeddable":true,"href":"https:\/\/l21.mx\/index.php?rest_route=%2Fwp%2Fv2%2Fcomments&post=38488"}],"version-history":[{"count":0,"href":"https:\/\/l21.mx\/index.php?rest_route=\/wp\/v2\/posts\/38488\/revisions"}],"wp:featuredmedia":[{"embeddable":true,"href":"https:\/\/l21.mx\/index.php?rest_route=\/wp\/v2\/media\/38492"}],"wp:attachment":[{"href":"https:\/\/l21.mx\/index.php?rest_route=%2Fwp%2Fv2%2Fmedia&parent=38488"}],"wp:term":[{"taxonomy":"category","embeddable":true,"href":"https:\/\/l21.mx\/index.php?rest_route=%2Fwp%2Fv2%2Fcategories&post=38488"},{"taxonomy":"post_tag","embeddable":true,"href":"https:\/\/l21.mx\/index.php?rest_route=%2Fwp%2Fv2%2Ftags&post=38488"}],"curies":[{"name":"wp","href":"https:\/\/api.w.org\/{rel}","templated":true}]}}