{"id":40016,"date":"2019-10-24T10:43:31","date_gmt":"2019-10-24T15:43:31","guid":{"rendered":"https:\/\/l21.mx\/?p=40016"},"modified":"2020-02-04T13:29:06","modified_gmt":"2020-02-04T18:29:06","slug":"cubana-de-aviacion-cancela-vuelos-a-cancun-por-sanciones-de-eu","status":"publish","type":"post","link":"https:\/\/l21.mx\/?p=40016","title":{"rendered":"Cubana de Aviaci\u00f3n cancela vuelos a Canc\u00fan por sanciones de EU"},"content":{"rendered":"<p>Siete destinos, entre ellos Canc\u00fan, quedaron fuera de los vuelos de Cubana de Aviaci\u00f3n, como da\u00f1o colateral de las sanciones del gobierno de Estados Unidos.<\/p>\n<p>Seg\u00fan las nuevas sanciones a Cuba por su apoyo a Venezuela, el gobierno de Donald Trump restringi\u00f3 el acceso a la isla de aviones comerciales y revoc\u00f3 licencias de alquiler de aerol\u00edneas estatales cubanas.<\/p>\n<p>Y no conforme con es, deneg\u00f3 solicitudes futuras de arrendamiento.<\/p>\n<p>De ello inform\u00f3 Cubana de Aviaci\u00f3n a trav\u00e9s de sus redes sociales, mediante el siguiente comunicado:<\/p>\n<blockquote class=\"twitter-tweet\">\n<p dir=\"ltr\" lang=\"und\"><a href=\"https:\/\/t.co\/A9O3BrbhjI\">pic.twitter.com\/A9O3BrbhjI<\/a><\/p>\n<p>\u2014 Cubana_de_Aviacion (@aviacion_cubana) <a href=\"https:\/\/twitter.com\/aviacion_cubana\/status\/1187096601090777093?ref_src=twsrc%5Etfw\" target=\"_blank\" rel=\"noopener\">October 23, 2019<\/a><\/p><\/blockquote>\n<p><script async=\"\" src=\"https:\/\/platform.twitter.com\/widgets.js\" charset=\"utf-8\"><\/script><br \/>\nLos destinos de los vuelos internacionales cancelados son:<\/p>\n<ul>\n<li>Santo Domingo<\/li>\n<li>M\u00e9xico<\/li>\n<li>Canc\u00fan<\/li>\n<li>Caracas<\/li>\n<li>Puerto Principe<\/li>\n<li>Fort de France<\/li>\n<li>Point de Pitre<\/li>\n<\/ul>\n<h2>Efectos de la pol\u00edtica agresiva de Trump<\/h2>\n<p>Arsenio Arocha, director adjunto de la compa\u00f1\u00eda, dijo que estos destinos recientemente se hab\u00edan reaperturado y ahora de repente est\u00e1n cancelando.<\/p>\n<blockquote><p>\u201cCubana de Aviaci\u00f3n \u00abfue notificada del cierre de dos contratos de arrendamiento de aeronaves por compa\u00f1\u00edas de terceros pa\u00edses\u00bb.<\/p><\/blockquote>\n<p>Se\u00f1al\u00f3 que esto es prueba del recrudecimiento y agresividad del bloqueo econ\u00f3mico, comercial y financiero de Estados Unidos hacia Cuba.<\/p>\n<p><a href=\"https:\/\/l21.mx\/wp-content\/uploads\/2019\/10\/cubana.jpg\" data-rel=\"penci-gallery-image-content\" ><img fetchpriority=\"high\" decoding=\"async\" class=\"alignnone size-large wp-image-40018\" src=\"https:\/\/l21.mx\/wp-content\/uploads\/2019\/10\/cubana-1024x538.jpg\" alt=\"\" width=\"640\" height=\"336\" srcset=\"https:\/\/l21.mx\/wp-content\/uploads\/2019\/10\/cubana-1024x538.jpg 1024w, https:\/\/l21.mx\/wp-content\/uploads\/2019\/10\/cubana-300x158.jpg 300w, https:\/\/l21.mx\/wp-content\/uploads\/2019\/10\/cubana-768x403.jpg 768w, https:\/\/l21.mx\/wp-content\/uploads\/2019\/10\/cubana-1170x614.jpg 1170w, https:\/\/l21.mx\/wp-content\/uploads\/2019\/10\/cubana-585x307.jpg 585w, https:\/\/l21.mx\/wp-content\/uploads\/2019\/10\/cubana.jpg 1200w\" sizes=\"(max-width: 640px) 100vw, 640px\" \/><\/a><\/p>\n<p>Adem\u00e1s de esos destinos, los vuelos dom\u00e9sticos a Holgu\u00edn y Santiago de Cuba, en la regi\u00f3n oriental, tambi\u00e9n est\u00e1n afectados.<\/p>\n<h2>P\u00e9rdidas para Cubana de Aviaci\u00f3n<\/h2>\n<p>Al menos 40 mil pasajeros dejar\u00e1n de transportarse en estos vuelos hasta el 31 de diciembre.<\/p>\n<p>Las p\u00e9rdidas por estas decisiones en el resto del a\u00f1o ser\u00e1n de al menos 10 millones de d\u00f3lares.<\/p>\n<p>En Cuba el arrendamiento es una pr\u00e1ctica com\u00fan, por la falta de aeronaves propias y la imposibilidad de adquirirlas debido al embargo que Washington aplica desde 1962.<\/p>\n<p>Pero adem\u00e1s, Trump ha intensificado el embargo comercial de casi seis d\u00e9cadas a la isla y ha impuesto m\u00e1s sanciones.<\/p>\n","protected":false},"excerpt":{"rendered":"<p>Siete destinos, entre ellos Canc\u00fan, quedaron fuera de los vuelos de Cubana de Aviaci\u00f3n, como da\u00f1o&hellip;<\/p>\n","protected":false},"author":95,"featured_media":40018,"comment_status":"open","ping_status":"open","sticky":false,"template":"","format":"standard","meta":{"_acf_changed":false,"_lmt_disableupdate":"","_lmt_disable":"","_mbp_gutenberg_autopost":false,"footnotes":""},"categories":[23],"tags":[48,654],"class_list":["post-40016","post","type-post","status-publish","format-standard","has-post-thumbnail","hentry","category-noticias","tag-cancun","tag-cubana"],"acf":[],"_links":{"self":[{"href":"https:\/\/l21.mx\/index.php?rest_route=\/wp\/v2\/posts\/40016","targetHints":{"allow":["GET"]}}],"collection":[{"href":"https:\/\/l21.mx\/index.php?rest_route=\/wp\/v2\/posts"}],"about":[{"href":"https:\/\/l21.mx\/index.php?rest_route=\/wp\/v2\/types\/post"}],"author":[{"embeddable":true,"href":"https:\/\/l21.mx\/index.php?rest_route=\/wp\/v2\/users\/95"}],"replies":[{"embeddable":true,"href":"https:\/\/l21.mx\/index.php?rest_route=%2Fwp%2Fv2%2Fcomments&post=40016"}],"version-history":[{"count":0,"href":"https:\/\/l21.mx\/index.php?rest_route=\/wp\/v2\/posts\/40016\/revisions"}],"wp:featuredmedia":[{"embeddable":true,"href":"https:\/\/l21.mx\/index.php?rest_route=\/wp\/v2\/media\/40018"}],"wp:attachment":[{"href":"https:\/\/l21.mx\/index.php?rest_route=%2Fwp%2Fv2%2Fmedia&parent=40016"}],"wp:term":[{"taxonomy":"category","embeddable":true,"href":"https:\/\/l21.mx\/index.php?rest_route=%2Fwp%2Fv2%2Fcategories&post=40016"},{"taxonomy":"post_tag","embeddable":true,"href":"https:\/\/l21.mx\/index.php?rest_route=%2Fwp%2Fv2%2Ftags&post=40016"}],"curies":[{"name":"wp","href":"https:\/\/api.w.org\/{rel}","templated":true}]}}