{"id":40025,"date":"2019-10-24T16:41:43","date_gmt":"2019-10-24T21:41:43","guid":{"rendered":"https:\/\/l21.mx\/?p=40025"},"modified":"2020-02-04T13:28:59","modified_gmt":"2020-02-04T18:28:59","slug":"fonatur-promueve-en-cancun-tradicion-de-dia-de-muertos-y-reciclaje","status":"publish","type":"post","link":"https:\/\/l21.mx\/?p=40025","title":{"rendered":"Fonatur promueve en Canc\u00fan tradici\u00f3n de D\u00eda de Muertos y reciclaje"},"content":{"rendered":"<p>Para promover las tradiciones del D\u00eda de Muertos, el <span style=\"color: #ff00ff;\"><a style=\"color: #ff00ff;\" href=\"https:\/\/www.gob.mx\/fonatur\" target=\"_blank\" rel=\"noopener\">Fondo Nacional de Fomento al Turismo (Fonatur)<\/a><\/span> coloc\u00f3 una escenograf\u00eda especial en la zona hotelera de Canc\u00fan.<\/p>\n<p>Esto, con el fin de recuperar la identidad y las tradiciones del pa\u00eds.<\/p>\n<p>La escenograf\u00eda est\u00e1 realizada con materiales de desechos a nuevos productos o en materia prima para su posterior utilizaci\u00f3n.<\/p>\n<p>Los materiales reutilizados para la creaci\u00f3n de la escenograf\u00eda son:<\/p>\n<ul>\n<li>Postes en desuso<\/li>\n<li>L\u00e1mparas<\/li>\n<li>Madera<\/li>\n<li>Cubos de pinturas<\/li>\n<li>Postes de se\u00f1alizaci\u00f3n chocados<\/li>\n<li>Material vegetal del corte de las palmas<\/li>\n<li>Decoraciones navide\u00f1as<\/li>\n<li>Cajas de pl\u00e1stico de archivo<\/li>\n<li>Frijol, ma\u00edz y arroz<\/li>\n<li>Materiales de decoraciones anteriores.<\/li>\n<\/ul>\n<p><a href=\"https:\/\/l21.mx\/wp-content\/uploads\/2019\/10\/dia-muertos-fonatur-2.jpeg\" data-rel=\"penci-gallery-image-content\" ><img fetchpriority=\"high\" decoding=\"async\" class=\"alignnone size-large wp-image-40026\" src=\"https:\/\/l21.mx\/wp-content\/uploads\/2019\/10\/dia-muertos-fonatur-2-768x1024.jpeg\" alt=\"\" width=\"640\" height=\"853\" srcset=\"https:\/\/l21.mx\/wp-content\/uploads\/2019\/10\/dia-muertos-fonatur-2-768x1024.jpeg 768w, https:\/\/l21.mx\/wp-content\/uploads\/2019\/10\/dia-muertos-fonatur-2-225x300.jpeg 225w, https:\/\/l21.mx\/wp-content\/uploads\/2019\/10\/dia-muertos-fonatur-2-585x780.jpeg 585w, https:\/\/l21.mx\/wp-content\/uploads\/2019\/10\/dia-muertos-fonatur-2.jpeg 780w\" sizes=\"(max-width: 640px) 100vw, 640px\" \/><\/a><\/p>\n<p>El resultado son bellas catrinas que alargan el ciclo de vida de esos producto, ahorrando materiales y beneficiando al medio ambiente al generar menos residuos.<\/p>\n<p>La muerte ha sido en todas las culturas y a trav\u00e9s de la historia, un evento que invita a la reflexi\u00f3n, a rituales, a ceremonias, a la b\u00fasqueda de respuestas, que causa temor, admiraci\u00f3n e incertidumbre.<\/p>\n<p>Las culturas prehisp\u00e1nicas compart\u00edan la creencia de que existe una entidad an\u00edmica e inmortal que da conciencia al ser humano y que despu\u00e9s de la muerte contin\u00faa su camino en el mundo de los muertos, donde sigue necesitando de utensilios, herramientas y alimentos.<\/p>\n<p><a href=\"https:\/\/l21.mx\/wp-content\/uploads\/2019\/10\/dia-muertos-fonatur-6.jpeg\" data-rel=\"penci-gallery-image-content\" ><img decoding=\"async\" class=\"alignnone size-large wp-image-40030\" src=\"https:\/\/l21.mx\/wp-content\/uploads\/2019\/10\/dia-muertos-fonatur-6-1024x768.jpeg\" alt=\"\" width=\"640\" height=\"480\" srcset=\"https:\/\/l21.mx\/wp-content\/uploads\/2019\/10\/dia-muertos-fonatur-6-1024x768.jpeg 1024w, https:\/\/l21.mx\/wp-content\/uploads\/2019\/10\/dia-muertos-fonatur-6-300x225.jpeg 300w, https:\/\/l21.mx\/wp-content\/uploads\/2019\/10\/dia-muertos-fonatur-6-768x576.jpeg 768w, https:\/\/l21.mx\/wp-content\/uploads\/2019\/10\/dia-muertos-fonatur-6-585x439.jpeg 585w, https:\/\/l21.mx\/wp-content\/uploads\/2019\/10\/dia-muertos-fonatur-6.jpeg 1040w\" sizes=\"(max-width: 640px) 100vw, 640px\" \/><\/a><\/p>\n<h2>\u00bfDe d\u00f3nde viene el D\u00eda de Muertos?<\/h2>\n<p>Los or\u00edgenes de la celebraci\u00f3n del D\u00eda de Muertos en M\u00e9xico, pueden ser trazados hasta la \u00e9poca de los ind\u00edgenas de Mesoam\u00e9rica, tales como los Aztecas, Mayas, Pur\u00e9pechas, Nahuas y Totonacas.<\/p>\n<p>Estos rituales que celebran las vidas de los ancestros se realizaron por estas civilizaciones por lo menos durante los \u00faltimos 3,000 a\u00f1os.<\/p>\n<p>En la era prehisp\u00e1nica era com\u00fan la pr\u00e1ctica de conservar los cr\u00e1neos como trofeos y mostrarlos durante los rituales que simbolizaban la muerte y el renacimiento.<\/p>\n<p><a href=\"https:\/\/l21.mx\/wp-content\/uploads\/2019\/10\/dia-muertos-fonatur-5.jpeg\" data-rel=\"penci-gallery-image-content\" ><img decoding=\"async\" class=\"alignnone size-large wp-image-40029\" src=\"https:\/\/l21.mx\/wp-content\/uploads\/2019\/10\/dia-muertos-fonatur-5-768x1024.jpeg\" alt=\"\" width=\"640\" height=\"853\" srcset=\"https:\/\/l21.mx\/wp-content\/uploads\/2019\/10\/dia-muertos-fonatur-5-768x1024.jpeg 768w, https:\/\/l21.mx\/wp-content\/uploads\/2019\/10\/dia-muertos-fonatur-5-225x300.jpeg 225w, https:\/\/l21.mx\/wp-content\/uploads\/2019\/10\/dia-muertos-fonatur-5-585x780.jpeg 585w, https:\/\/l21.mx\/wp-content\/uploads\/2019\/10\/dia-muertos-fonatur-5.jpeg 780w\" sizes=\"(max-width: 640px) 100vw, 640px\" \/><\/a><\/p>\n<p>El festival que se convirti\u00f3 en el D\u00eda de Muertos cay\u00f3 en el noveno mes del calendario solar azteca, cerca del inicio de agosto; duraba un mes.<\/p>\n<p>Las festividades eran presididas por el dios Mictecacihuatl, conocido como la \u201cDama de la muerte\u201d (actualmente \u201cla Catrina\u201d).<\/p>\n<p>Esas fiestas eran dedicadas a la celebraci\u00f3n de los ni\u00f1os y las vidas de parientes fallecidos.<\/p>\n<p>Cuando los conquistadores espa\u00f1oles llegaron a Am\u00e9rica en el siglo XV, ellos estuvieron aterrados por las pr\u00e1cticas paganas de los ind\u00edgenas.<\/p>\n<p>Y para convertir a los nativos americanos al catolicismo movieron el festival hacia noviembre para que coincidieran con las festividades cat\u00f3licas del D\u00eda de todos los Santos y Todas las Almas.<\/p>\n<p><a href=\"https:\/\/l21.mx\/wp-content\/uploads\/2019\/10\/dia-muertos-fonatur-4.jpeg\" data-rel=\"penci-gallery-image-content\" ><img loading=\"lazy\" decoding=\"async\" class=\"alignnone size-large wp-image-40028\" src=\"https:\/\/l21.mx\/wp-content\/uploads\/2019\/10\/dia-muertos-fonatur-4-768x1024.jpeg\" alt=\"\" width=\"640\" height=\"853\" srcset=\"https:\/\/l21.mx\/wp-content\/uploads\/2019\/10\/dia-muertos-fonatur-4-768x1024.jpeg 768w, https:\/\/l21.mx\/wp-content\/uploads\/2019\/10\/dia-muertos-fonatur-4-225x300.jpeg 225w, https:\/\/l21.mx\/wp-content\/uploads\/2019\/10\/dia-muertos-fonatur-4-585x780.jpeg 585w, https:\/\/l21.mx\/wp-content\/uploads\/2019\/10\/dia-muertos-fonatur-4.jpeg 780w\" sizes=\"(max-width: 640px) 100vw, 640px\" \/><\/a><\/p>\n","protected":false},"excerpt":{"rendered":"<p>Para promover las tradiciones del D\u00eda de Muertos, el Fondo Nacional de Fomento al Turismo (Fonatur)&hellip;<\/p>\n","protected":false},"author":95,"featured_media":40032,"comment_status":"open","ping_status":"open","sticky":false,"template":"","format":"standard","meta":{"_acf_changed":false,"_lmt_disableupdate":"","_lmt_disable":"","_mbp_gutenberg_autopost":false,"footnotes":""},"categories":[23],"tags":[48,577],"class_list":["post-40025","post","type-post","status-publish","format-standard","has-post-thumbnail","hentry","category-noticias","tag-cancun","tag-muertos"],"acf":[],"_links":{"self":[{"href":"https:\/\/l21.mx\/index.php?rest_route=\/wp\/v2\/posts\/40025","targetHints":{"allow":["GET"]}}],"collection":[{"href":"https:\/\/l21.mx\/index.php?rest_route=\/wp\/v2\/posts"}],"about":[{"href":"https:\/\/l21.mx\/index.php?rest_route=\/wp\/v2\/types\/post"}],"author":[{"embeddable":true,"href":"https:\/\/l21.mx\/index.php?rest_route=\/wp\/v2\/users\/95"}],"replies":[{"embeddable":true,"href":"https:\/\/l21.mx\/index.php?rest_route=%2Fwp%2Fv2%2Fcomments&post=40025"}],"version-history":[{"count":0,"href":"https:\/\/l21.mx\/index.php?rest_route=\/wp\/v2\/posts\/40025\/revisions"}],"wp:featuredmedia":[{"embeddable":true,"href":"https:\/\/l21.mx\/index.php?rest_route=\/wp\/v2\/media\/40032"}],"wp:attachment":[{"href":"https:\/\/l21.mx\/index.php?rest_route=%2Fwp%2Fv2%2Fmedia&parent=40025"}],"wp:term":[{"taxonomy":"category","embeddable":true,"href":"https:\/\/l21.mx\/index.php?rest_route=%2Fwp%2Fv2%2Fcategories&post=40025"},{"taxonomy":"post_tag","embeddable":true,"href":"https:\/\/l21.mx\/index.php?rest_route=%2Fwp%2Fv2%2Ftags&post=40025"}],"curies":[{"name":"wp","href":"https:\/\/api.w.org\/{rel}","templated":true}]}}