{"id":40561,"date":"2019-12-03T11:33:50","date_gmt":"2019-12-03T16:33:50","guid":{"rendered":"https:\/\/l21.mx\/?p=40561"},"modified":"2020-02-04T12:57:22","modified_gmt":"2020-02-04T17:57:22","slug":"playas-y-destinos-coloniales-lo-que-prefieren-los-mexicanos-en-navidad","status":"publish","type":"post","link":"https:\/\/l21.mx\/?p=40561","title":{"rendered":"Playas y destinos coloniales, lo que prefieren los mexicanos en Navidad"},"content":{"rendered":"<p>M\u00e1s del 50% de las reservas de mexicanos para vacaciones de Navidad son a playas y destinos coloniales del pa\u00eds.<\/p>\n<p>Un an\u00e1lisis realizado por <span style=\"color: #3366ff;\"><a style=\"color: #3366ff;\" href=\"http:\/\/despegar.com\" target=\"_blank\" rel=\"noopener\">Despegar,<\/a><\/span> la empresa de viajes online l\u00edder de Latinoam\u00e9rica, revel\u00f3 as reservas anticipadas de paquetes de viaje para Navidad<\/p>\n<ul>\n<li>70% son para playas<\/li>\n<li>22% para destinos coloniales<\/li>\n<li>6% para ciudades<\/li>\n<li>2% para pueblos m\u00e1gicos<\/li>\n<\/ul>\n<h2>Canc\u00fan, preferido en Navidad<\/h2>\n<p>Seg\u00fan el informe, Canc\u00fan es el destino de playa que lidera las reservas de paquetes de viaje para viajar en la semana del 23 al 27 de diciembre.<\/p>\n<p>Le sigue Puerto Vallarta, Huatulco, Los Cabos e Ixtapa-Zihuatanejo.<\/p>\n<p>As\u00ed mismo, los destinos coloniales preferidos por los mexicanos para visitar en Navidad son M\u00e9rida, Tuxtla Guti\u00e9rrez, Guadalajara, Campeche y Oaxaca.<\/p>\n<p>Por otro lado, las ciudades m\u00e1s solicitadas para esta fecha son Ciudad de M\u00e9xico, Monterrey, Tijuana, Mexicali y Le\u00f3n.<\/p>\n<p>Mientras que San Crist\u00f3bal de las Casases es el pueblo m\u00e1gico m\u00e1s reservado, seguido por Bacalar, Sayulita e Isla Mujeres.<\/p>\n<h2>Recorriendo M\u00e9xico<\/h2>\n<p>Ezequiel Rubin, Country Manager de <span style=\"color: #3366ff;\"><a style=\"color: #3366ff;\" href=\"http:\/\/despegar.com\" target=\"_blank\" rel=\"noopener\">Despegar<\/a><\/span> en M\u00e9xico, dijo que \u00abla tendencia para las vacaciones de invierno se centra en los viajes por el interior del pa\u00eds\u201d.<\/p>\n<p><a href=\"https:\/\/l21.mx\/wp-content\/uploads\/2019\/12\/PuebloS-M\u00e1gicos-Navidad.jpg\" data-rel=\"penci-gallery-image-content\" ><img fetchpriority=\"high\" decoding=\"async\" class=\"alignnone size-full wp-image-40562\" src=\"https:\/\/l21.mx\/wp-content\/uploads\/2019\/12\/PuebloS-M\u00e1gicos-Navidad.jpg\" alt=\"\" width=\"690\" height=\"408\" srcset=\"https:\/\/l21.mx\/wp-content\/uploads\/2019\/12\/PuebloS-M\u00e1gicos-Navidad.jpg 690w, https:\/\/l21.mx\/wp-content\/uploads\/2019\/12\/PuebloS-M\u00e1gicos-Navidad-300x177.jpg 300w, https:\/\/l21.mx\/wp-content\/uploads\/2019\/12\/PuebloS-M\u00e1gicos-Navidad-585x346.jpg 585w\" sizes=\"(max-width: 690px) 100vw, 690px\" \/><\/a><\/p>\n<p>Agreg\u00f3 que m\u00e1s de 50% de las reservas para la temporada decembrina corresponden a destinos nacionales.<\/p>\n<p>Adem\u00e1s, los lugares c\u00e1lidos son los m\u00e1s solicitados, principalmente porque los viajeros mexicanos buscan escapar del fr\u00edo en esta temporada.<\/p>\n<p>De acuerdo con datos de la Secretar\u00eda de Turismo, durante el periodo vacacional de invierno, se espera una ocupaci\u00f3n hotelera de m\u00e1s de 7 millones de viajeros.<\/p>\n","protected":false},"excerpt":{"rendered":"<p>M\u00e1s del 50% de las reservas de mexicanos para vacaciones de Navidad son a playas y&hellip;<\/p>\n","protected":false},"author":95,"featured_media":40563,"comment_status":"open","ping_status":"open","sticky":false,"template":"","format":"standard","meta":{"_acf_changed":false,"_lmt_disableupdate":"","_lmt_disable":"","_mbp_gutenberg_autopost":false,"footnotes":""},"categories":[23],"tags":[353],"class_list":["post-40561","post","type-post","status-publish","format-standard","has-post-thumbnail","hentry","category-noticias","tag-vacaciones"],"acf":[],"_links":{"self":[{"href":"https:\/\/l21.mx\/index.php?rest_route=\/wp\/v2\/posts\/40561","targetHints":{"allow":["GET"]}}],"collection":[{"href":"https:\/\/l21.mx\/index.php?rest_route=\/wp\/v2\/posts"}],"about":[{"href":"https:\/\/l21.mx\/index.php?rest_route=\/wp\/v2\/types\/post"}],"author":[{"embeddable":true,"href":"https:\/\/l21.mx\/index.php?rest_route=\/wp\/v2\/users\/95"}],"replies":[{"embeddable":true,"href":"https:\/\/l21.mx\/index.php?rest_route=%2Fwp%2Fv2%2Fcomments&post=40561"}],"version-history":[{"count":0,"href":"https:\/\/l21.mx\/index.php?rest_route=\/wp\/v2\/posts\/40561\/revisions"}],"wp:featuredmedia":[{"embeddable":true,"href":"https:\/\/l21.mx\/index.php?rest_route=\/wp\/v2\/media\/40563"}],"wp:attachment":[{"href":"https:\/\/l21.mx\/index.php?rest_route=%2Fwp%2Fv2%2Fmedia&parent=40561"}],"wp:term":[{"taxonomy":"category","embeddable":true,"href":"https:\/\/l21.mx\/index.php?rest_route=%2Fwp%2Fv2%2Fcategories&post=40561"},{"taxonomy":"post_tag","embeddable":true,"href":"https:\/\/l21.mx\/index.php?rest_route=%2Fwp%2Fv2%2Ftags&post=40561"}],"curies":[{"name":"wp","href":"https:\/\/api.w.org\/{rel}","templated":true}]}}