{"id":40759,"date":"2020-01-08T15:39:48","date_gmt":"2020-01-08T20:39:48","guid":{"rendered":"https:\/\/l21.mx\/?p=40759"},"modified":"2020-01-09T13:27:11","modified_gmt":"2020-01-09T18:27:11","slug":"emprendedor-e-indigena-ejemplar-de-chiapas-a-nueva-york","status":"publish","type":"post","link":"https:\/\/l21.mx\/?p=40759","title":{"rendered":"Emprendedor e ind\u00edgena ejemplar: De Chiapas a Nueva York"},"content":{"rendered":"<p>En Chiapas, un ind\u00edgena demostr\u00f3 que cuando se quiere, se puede. Es un ejemplo de emprendedor que incluso sali\u00f3 adelante, a pesar de las limitaciones en su pueblo.<\/p>\n<p>Su nombre es Alberto L\u00f3pez G\u00f3mez y tiene una l\u00ednea de ropa artesanal llamada <span style=\"color: #ff00ff;\"><a style=\"color: #ff00ff;\" href=\"https:\/\/www.facebook.com\/Kuxul-Pok-314013012645327\/?eid=ARBGY1DBQ2_g5Iz4-J5J_zGlsk88R5Ugqv1Q-q-sYx_HpphW5VDx--lbNu9GaZYVuH_Husiqk7IKMkjj&amp;timeline_context_item_type=intro_card_work&amp;timeline_context_item_source=100030145838138&amp;fref=tag\" target=\"_blank\" rel=\"noopener\">K\u2019uxul Pok.<\/a><\/span><\/p>\n<p>Lo m\u00e1s dif\u00edcil para \u00e9l al iniciar en esto fue el luchar contra corriente, porque en su natal Aldama, Chiapas, tejer no es para hombres.<\/p>\n<div id=\"attachment_40765\" style=\"width: 550px\" class=\"wp-caption alignnone\"><a href=\"https:\/\/l21.mx\/wp-content\/uploads\/2020\/01\/tejedor3.jpg\" data-rel=\"penci-gallery-image-content\" ><img fetchpriority=\"high\" decoding=\"async\" aria-describedby=\"caption-attachment-40765\" class=\"wp-image-40765 size-full\" src=\"https:\/\/l21.mx\/wp-content\/uploads\/2020\/01\/tejedor3.jpg\" alt=\"Talento desde el bello estado de Chiapas. (Facebook de Alberto L\u00f3pez)\" width=\"540\" height=\"542\" srcset=\"https:\/\/l21.mx\/wp-content\/uploads\/2020\/01\/tejedor3.jpg 540w, https:\/\/l21.mx\/wp-content\/uploads\/2020\/01\/tejedor3-300x300.jpg 300w, https:\/\/l21.mx\/wp-content\/uploads\/2020\/01\/tejedor3-150x150.jpg 150w\" sizes=\"(max-width: 540px) 100vw, 540px\" \/><\/a><p id=\"caption-attachment-40765\" class=\"wp-caption-text\">Talento desde el bello estado de Chiapas. (Facebook de Alberto L\u00f3pez)<\/p><\/div>\n<h3>Contra viento y marea<\/h3>\n<p>En ese municipio del sureste de M\u00e9xico, con habitantes de la etnia tzotzil, los hombres deben dedicarse a la agricultura.<\/p>\n<p>Sin embargo, \u00e9l no hizo caso a las cr\u00edticas y limitantes y sali\u00f3 adelante. Aprendi\u00f3 a tejer el telar de cintura y se dedic\u00f3 a crear hermosos dise\u00f1os.<\/p>\n<p>Dej\u00f3 atr\u00e1s los estereotipos y ech\u00f3 a volar su ingenio e inspiraci\u00f3n, transform\u00e1ndolos en huipiles, vestidos y bordados que ya le est\u00e1n dando la vuelta al mundo.<\/p>\n<div id=\"attachment_40764\" style=\"width: 586px\" class=\"wp-caption alignnone\"><a href=\"https:\/\/l21.mx\/wp-content\/uploads\/2020\/01\/tejedor2.jpg\" data-rel=\"penci-gallery-image-content\" ><img decoding=\"async\" aria-describedby=\"caption-attachment-40764\" class=\"size-full wp-image-40764\" src=\"https:\/\/l21.mx\/wp-content\/uploads\/2020\/01\/tejedor2.jpg\" alt=\"Con su mam\u00e1, quien siempre le ha apoyado (Facebook de Alberto L\u00f3pez)\" width=\"576\" height=\"578\" srcset=\"https:\/\/l21.mx\/wp-content\/uploads\/2020\/01\/tejedor2.jpg 576w, https:\/\/l21.mx\/wp-content\/uploads\/2020\/01\/tejedor2-300x300.jpg 300w, https:\/\/l21.mx\/wp-content\/uploads\/2020\/01\/tejedor2-150x150.jpg 150w\" sizes=\"(max-width: 576px) 100vw, 576px\" \/><\/a><p id=\"caption-attachment-40764\" class=\"wp-caption-text\">Con su mam\u00e1, quien siempre le ha apoyado (Facebook de Alberto L\u00f3pez)<\/p><\/div>\n<h3>Genera empleo<\/h3>\n<p>Y lo mejor de todo, es que cre\u00f3 un negocio en el que da empleo a varias mujeres ind\u00edgenas.<\/p>\n<p>Son alrededor de 150 mujeres tejedoras que le ayudan a crear las prendas y tiene un cat\u00e1logo extenso de dise\u00f1os t\u00edpicos mexicanos.<\/p>\n<div id=\"attachment_40767\" style=\"width: 970px\" class=\"wp-caption alignnone\"><a href=\"https:\/\/l21.mx\/wp-content\/uploads\/2020\/01\/tejedor-mujeres.jpg\" data-rel=\"penci-gallery-image-content\" ><img decoding=\"async\" aria-describedby=\"caption-attachment-40767\" class=\"wp-image-40767 size-full\" src=\"https:\/\/l21.mx\/wp-content\/uploads\/2020\/01\/tejedor-mujeres.jpg\" alt=\"Un gran equipo lo acompa\u00f1a en su importante labor (Facebook de Alberto L\u00f3pez)\" width=\"960\" height=\"720\" srcset=\"https:\/\/l21.mx\/wp-content\/uploads\/2020\/01\/tejedor-mujeres.jpg 960w, https:\/\/l21.mx\/wp-content\/uploads\/2020\/01\/tejedor-mujeres-300x225.jpg 300w, https:\/\/l21.mx\/wp-content\/uploads\/2020\/01\/tejedor-mujeres-768x576.jpg 768w, https:\/\/l21.mx\/wp-content\/uploads\/2020\/01\/tejedor-mujeres-585x439.jpg 585w\" sizes=\"(max-width: 960px) 100vw, 960px\" \/><\/a><p id=\"caption-attachment-40767\" class=\"wp-caption-text\">Un gran equipo lo acompa\u00f1a en su importante labor. (Facebook de Alberto L\u00f3pez)<\/p><\/div>\n<p>Su historia es ya mundialmente conocida gracias a una asociaci\u00f3n alemana de derechos humanos en M\u00e9xico, que le hizo videos y lo dio a conocer al mundo.<\/p>\n<p>Gracias a eso, Alberto, ind\u00edgena tzotzil, dar\u00e1 una charla en Harvard y participar\u00e1 en la Semana de la Moda en Nueva York 2020, donde compartir\u00e1 su experiencia.<\/p>\n<p>As\u00ed que hoy Alberto se siente muy orgulloso de ser ind\u00edgena, chiapaneco, hombre y exitoso emprendedor.<\/p>\n<p>\u00a1Felicidades Alberto! \u00a1M\u00e1s historias como esta!<\/p>\n<div id=\"attachment_40763\" style=\"width: 730px\" class=\"wp-caption alignnone\"><a href=\"https:\/\/l21.mx\/wp-content\/uploads\/2020\/01\/tejedor.jpg\" data-rel=\"penci-gallery-image-content\" ><img loading=\"lazy\" decoding=\"async\" aria-describedby=\"caption-attachment-40763\" class=\"wp-image-40763 size-full\" src=\"https:\/\/l21.mx\/wp-content\/uploads\/2020\/01\/tejedor.jpg\" alt=\"(Facebook de Alberto L\u00f3pez)\" width=\"720\" height=\"725\" srcset=\"https:\/\/l21.mx\/wp-content\/uploads\/2020\/01\/tejedor.jpg 720w, https:\/\/l21.mx\/wp-content\/uploads\/2020\/01\/tejedor-298x300.jpg 298w, https:\/\/l21.mx\/wp-content\/uploads\/2020\/01\/tejedor-150x150.jpg 150w, https:\/\/l21.mx\/wp-content\/uploads\/2020\/01\/tejedor-585x589.jpg 585w\" sizes=\"(max-width: 720px) 100vw, 720px\" \/><\/a><p id=\"caption-attachment-40763\" class=\"wp-caption-text\">(Facebook de Alberto L\u00f3pez)<\/p><\/div>\n","protected":false},"excerpt":{"rendered":"<p>En Chiapas, un ind\u00edgena demostr\u00f3 que cuando se quiere, se puede. Es un ejemplo de emprendedor&hellip;<\/p>\n","protected":false},"author":95,"featured_media":40762,"comment_status":"open","ping_status":"open","sticky":false,"template":"","format":"standard","meta":{"_acf_changed":false,"_lmt_disableupdate":"","_lmt_disable":"","_mbp_gutenberg_autopost":false,"footnotes":""},"categories":[23],"tags":[745],"class_list":["post-40759","post","type-post","status-publish","format-standard","has-post-thumbnail","hentry","category-noticias","tag-chiapas"],"acf":[],"_links":{"self":[{"href":"https:\/\/l21.mx\/index.php?rest_route=\/wp\/v2\/posts\/40759","targetHints":{"allow":["GET"]}}],"collection":[{"href":"https:\/\/l21.mx\/index.php?rest_route=\/wp\/v2\/posts"}],"about":[{"href":"https:\/\/l21.mx\/index.php?rest_route=\/wp\/v2\/types\/post"}],"author":[{"embeddable":true,"href":"https:\/\/l21.mx\/index.php?rest_route=\/wp\/v2\/users\/95"}],"replies":[{"embeddable":true,"href":"https:\/\/l21.mx\/index.php?rest_route=%2Fwp%2Fv2%2Fcomments&post=40759"}],"version-history":[{"count":0,"href":"https:\/\/l21.mx\/index.php?rest_route=\/wp\/v2\/posts\/40759\/revisions"}],"wp:featuredmedia":[{"embeddable":true,"href":"https:\/\/l21.mx\/index.php?rest_route=\/wp\/v2\/media\/40762"}],"wp:attachment":[{"href":"https:\/\/l21.mx\/index.php?rest_route=%2Fwp%2Fv2%2Fmedia&parent=40759"}],"wp:term":[{"taxonomy":"category","embeddable":true,"href":"https:\/\/l21.mx\/index.php?rest_route=%2Fwp%2Fv2%2Fcategories&post=40759"},{"taxonomy":"post_tag","embeddable":true,"href":"https:\/\/l21.mx\/index.php?rest_route=%2Fwp%2Fv2%2Ftags&post=40759"}],"curies":[{"name":"wp","href":"https:\/\/api.w.org\/{rel}","templated":true}]}}