{"id":40883,"date":"2020-01-13T12:26:58","date_gmt":"2020-01-13T17:26:58","guid":{"rendered":"https:\/\/l21.mx\/?p=40883"},"modified":"2020-02-04T12:52:31","modified_gmt":"2020-02-04T17:52:31","slug":"dice-semarnat-que-holbox-no-ha-perdido-proteccion","status":"publish","type":"post","link":"https:\/\/l21.mx\/?p=40883","title":{"rendered":"Dice Semarnat que Holbox no ha perdido protecci\u00f3n"},"content":{"rendered":"<p>A principios de este a\u00f1o, Holbox sufri\u00f3 un rev\u00e9s, derivado de un fallo por el que, al parecer, perder\u00eda m\u00e1s de 53 hect\u00e1reas protegidas.<\/p>\n<p>Sin embargo, la Secretar\u00eda de Medio Ambiente y Recursos Naturales (Semarnat) asegura que no todo est\u00e1 perdido.<\/p>\n<p>Se trata de la disputa de tierras de la zona conocida como Isla Grande, en Holbox, municipio de L\u00e1zaro C\u00e1rdenas, Quintana Roo.<\/p>\n<p><a href=\"https:\/\/l21.mx\/wp-content\/uploads\/2020\/01\/holbox3.jpg\" data-rel=\"penci-gallery-image-content\" ><img fetchpriority=\"high\" decoding=\"async\" class=\"alignnone size-full wp-image-40891\" src=\"https:\/\/l21.mx\/wp-content\/uploads\/2020\/01\/holbox3.jpg\" alt=\"\" width=\"1000\" height=\"600\" srcset=\"https:\/\/l21.mx\/wp-content\/uploads\/2020\/01\/holbox3.jpg 1000w, https:\/\/l21.mx\/wp-content\/uploads\/2020\/01\/holbox3-300x180.jpg 300w, https:\/\/l21.mx\/wp-content\/uploads\/2020\/01\/holbox3-768x461.jpg 768w, https:\/\/l21.mx\/wp-content\/uploads\/2020\/01\/holbox3-585x351.jpg 585w\" sizes=\"(max-width: 1000px) 100vw, 1000px\" \/><\/a><\/p>\n<h3>Fallo de a\u00f1o nuevo<\/h3>\n<p>Un tribunal fall\u00f3 a favor del desarrollador hotelero Pen\u00ednsula Maya Development, para que se realice una nueva medici\u00f3n de la franja de playa en el \u00c1rea de Protecci\u00f3n de Flora y Fauna Yum Balam.<\/p>\n<p>Ante la preocupaci\u00f3n que esto desat\u00f3, la Semarnat emiti\u00f3 un comunicado en el que se\u00f1ala que la zona no pierde protecci\u00f3n:<\/p>\n<blockquote><p>\u00abNo queda desprotegida ninguna porci\u00f3n de la Isla Grande de Holbox porque forma parte del \u00c1rea de Protecci\u00f3n de Flora y Fauna Yum Balam y se rige por un Plan de Manejo\u00bb.<\/p><\/blockquote>\n<p>Lo que ocurri\u00f3 es que qued\u00f3 un fallo del 2 de mayo de 2016 por el que se destina al servicio de la Comisi\u00f3n Nacional de \u00c1reas Naturales Protegidas la superficie de 538,762.20 m2 de zona federal mar\u00edtimo terrestre (zofemat).<\/p>\n<h3>Esto alega Semarnat<\/h3>\n<p>Seg\u00fan Semarnat, \u00absigue firme el acuerdo de destino de la Conanp en m\u00e1s del 95% de la zofemat de Holbox (53.8 hect\u00e1reas).<\/p>\n<p>Agrega que \u00abmenos de 5% de la superficie (2.5 hect\u00e1reas aprox.) est\u00e1 en revisi\u00f3n por traslape con terrenos privados\u00bb.<\/p>\n<p>Reitera que tras el acuerdo del 2 de enero la Semarnat dar\u00e1 cumplimiento a la determinaci\u00f3n de la autoridad judicial y realizar\u00e1 una nueva medici\u00f3n.<\/p>\n<p>Documento del diario<br \/>\nhttps:\/\/www.dof.gob.mx\/nota_detalle.php?codigo=5583335&#038;fecha=02\/01\/2020<\/p>\n<h3><a href=\"https:\/\/l21.mx\/wp-content\/uploads\/2020\/01\/Holbox03.jpg\" data-rel=\"penci-gallery-image-content\" ><img decoding=\"async\" class=\"alignnone size-full wp-image-40892\" src=\"https:\/\/l21.mx\/wp-content\/uploads\/2020\/01\/Holbox03.jpg\" alt=\"\" width=\"863\" height=\"1280\" srcset=\"https:\/\/l21.mx\/wp-content\/uploads\/2020\/01\/Holbox03.jpg 863w, https:\/\/l21.mx\/wp-content\/uploads\/2020\/01\/Holbox03-202x300.jpg 202w, https:\/\/l21.mx\/wp-content\/uploads\/2020\/01\/Holbox03-690x1024.jpg 690w, https:\/\/l21.mx\/wp-content\/uploads\/2020\/01\/Holbox03-768x1139.jpg 768w, https:\/\/l21.mx\/wp-content\/uploads\/2020\/01\/Holbox03-585x868.jpg 585w\" sizes=\"(max-width: 863px) 100vw, 863px\" \/><\/a><\/h3>\n<h3>El gobernador tambi\u00e9n dice que no hay problema<\/h3>\n<p>Por su parte, el gobernador de Quintana Roo asegur\u00f3 que la zona sigue en protecci\u00f3n dentro de un plan de manejo.<\/p>\n<h3>Quieren hacer un desarrollo<\/h3>\n<p>Mientras que el desarrollador hotelero Pen\u00ednsula Maya Development asegura que esas tierras le pertenecen, pues las adquirieron antes de los litigios que empezaron en 2016.<\/p>\n<p><iframe style=\"border: none; overflow: hidden;\" src=\"https:\/\/www.facebook.com\/plugins\/post.php?href=https%3A%2F%2Fwww.facebook.com%2FPeninsulaMayaDevelopments%2Fposts%2F2470777429838184&amp;width=500\" width=\"500\" height=\"293\" frameborder=\"0\" scrolling=\"no\"><\/iframe><\/p>\n<p>Ya veremos en qu\u00e9 acaba el asunto, pues los empresarios quieren instalar ah\u00ed un gran desarrollo hotelero y residencial.<\/p>\n","protected":false},"excerpt":{"rendered":"<p>A principios de este a\u00f1o, Holbox sufri\u00f3 un rev\u00e9s, derivado de un fallo por el que,&hellip;<\/p>\n","protected":false},"author":95,"featured_media":40890,"comment_status":"open","ping_status":"open","sticky":false,"template":"","format":"standard","meta":{"_acf_changed":false,"_lmt_disableupdate":"","_lmt_disable":"","_mbp_gutenberg_autopost":false,"footnotes":""},"categories":[23],"tags":[449,585],"class_list":["post-40883","post","type-post","status-publish","format-standard","has-post-thumbnail","hentry","category-noticias","tag-holbox","tag-semarnat"],"acf":[],"yoast_head":"<!-- This site is optimized with the Yoast SEO plugin v27.3 - https:\/\/yoast.com\/product\/yoast-seo-wordpress\/ -->\n<title>Dice Semarnat que Holbox no ha perdido protecci\u00f3n<\/title>\n<meta name=\"description\" content=\"A principios de este a\u00f1o, Holbox sufri\u00f3 un rev\u00e9s, derivado de un fallo por el que, al parecer, perder\u00eda m\u00e1s de 53 hect\u00e1reas protegidas.\" \/>\n<meta name=\"robots\" content=\"index, follow, max-snippet:-1, max-image-preview:large, max-video-preview:-1\" \/>\n<link rel=\"canonical\" href=\"https:\/\/l21.mx\/?p=40883\" \/>\n<meta name=\"twitter:card\" content=\"summary_large_image\" \/>\n<meta name=\"twitter:title\" content=\"Dice Semarnat que Holbox no ha perdido protecci\u00f3n\" \/>\n<meta name=\"twitter:description\" content=\"A principios de este a\u00f1o, Holbox sufri\u00f3 un rev\u00e9s, derivado de un fallo por el que, al parecer, perder\u00eda m\u00e1s de 53 hect\u00e1reas protegidas.\" \/>\n<meta name=\"twitter:image\" content=\"https:\/\/l21.mx\/wp-content\/uploads\/2020\/01\/holbox2.jpg\" \/>\n<meta name=\"twitter:creator\" content=\"@Latitud21mx\" \/>\n<meta name=\"twitter:site\" content=\"@Latitud21mx\" \/>\n<meta name=\"twitter:label1\" content=\"Escrito por\" \/>\n\t<meta name=\"twitter:data1\" content=\"ahernandez@latitud21.com.mx\" \/>\n\t<meta name=\"twitter:label2\" content=\"Tiempo de lectura\" \/>\n\t<meta name=\"twitter:data2\" content=\"2 minutos\" \/>\n<script type=\"application\/ld+json\" class=\"yoast-schema-graph\">{\"@context\":\"https:\\\/\\\/schema.org\",\"@graph\":[{\"@type\":\"Article\",\"@id\":\"https:\\\/\\\/l21.mx\\\/?p=40883#article\",\"isPartOf\":{\"@id\":\"https:\\\/\\\/l21.mx\\\/?p=40883\"},\"author\":{\"name\":\"ahernandez@latitud21.com.mx\",\"@id\":\"https:\\\/\\\/l21.mx\\\/#\\\/schema\\\/person\\\/b3cb342bb947a88e1fc27e05770479da\"},\"headline\":\"Dice Semarnat que Holbox no ha perdido protecci\u00f3n\",\"datePublished\":\"2020-01-13T17:26:58+00:00\",\"dateModified\":\"2020-02-04T17:52:31+00:00\",\"mainEntityOfPage\":{\"@id\":\"https:\\\/\\\/l21.mx\\\/?p=40883\"},\"wordCount\":382,\"commentCount\":0,\"publisher\":{\"@id\":\"https:\\\/\\\/l21.mx\\\/#organization\"},\"image\":{\"@id\":\"https:\\\/\\\/l21.mx\\\/?p=40883#primaryimage\"},\"thumbnailUrl\":\"https:\\\/\\\/l21.mx\\\/wp-content\\\/uploads\\\/2020\\\/01\\\/holbox2.jpg\",\"keywords\":[\"Holbox\",\"Semarnat\"],\"articleSection\":[\"Noticias\"],\"inLanguage\":\"es\",\"potentialAction\":[{\"@type\":\"CommentAction\",\"name\":\"Comment\",\"target\":[\"https:\\\/\\\/l21.mx\\\/?p=40883#respond\"]}]},{\"@type\":\"WebPage\",\"@id\":\"https:\\\/\\\/l21.mx\\\/?p=40883\",\"url\":\"https:\\\/\\\/l21.mx\\\/?p=40883\",\"name\":\"Dice Semarnat que Holbox no ha perdido protecci\u00f3n\",\"isPartOf\":{\"@id\":\"https:\\\/\\\/l21.mx\\\/#website\"},\"primaryImageOfPage\":{\"@id\":\"https:\\\/\\\/l21.mx\\\/?p=40883#primaryimage\"},\"image\":{\"@id\":\"https:\\\/\\\/l21.mx\\\/?p=40883#primaryimage\"},\"thumbnailUrl\":\"https:\\\/\\\/l21.mx\\\/wp-content\\\/uploads\\\/2020\\\/01\\\/holbox2.jpg\",\"datePublished\":\"2020-01-13T17:26:58+00:00\",\"dateModified\":\"2020-02-04T17:52:31+00:00\",\"description\":\"A principios de este a\u00f1o, Holbox sufri\u00f3 un rev\u00e9s, derivado de un fallo por el que, al parecer, perder\u00eda m\u00e1s de 53 hect\u00e1reas protegidas.\",\"breadcrumb\":{\"@id\":\"https:\\\/\\\/l21.mx\\\/?p=40883#breadcrumb\"},\"inLanguage\":\"es\",\"potentialAction\":[{\"@type\":\"ReadAction\",\"target\":[\"https:\\\/\\\/l21.mx\\\/?p=40883\"]}]},{\"@type\":\"ImageObject\",\"inLanguage\":\"es\",\"@id\":\"https:\\\/\\\/l21.mx\\\/?p=40883#primaryimage\",\"url\":\"https:\\\/\\\/l21.mx\\\/wp-content\\\/uploads\\\/2020\\\/01\\\/holbox2.jpg\",\"contentUrl\":\"https:\\\/\\\/l21.mx\\\/wp-content\\\/uploads\\\/2020\\\/01\\\/holbox2.jpg\",\"width\":700,\"height\":432},{\"@type\":\"BreadcrumbList\",\"@id\":\"https:\\\/\\\/l21.mx\\\/?p=40883#breadcrumb\",\"itemListElement\":[{\"@type\":\"ListItem\",\"position\":1,\"name\":\"Portada\",\"item\":\"https:\\\/\\\/l21.mx\\\/\"},{\"@type\":\"ListItem\",\"position\":2,\"name\":\"Dice Semarnat que Holbox no ha perdido protecci\u00f3n\"}]},{\"@type\":\"WebSite\",\"@id\":\"https:\\\/\\\/l21.mx\\\/#website\",\"url\":\"https:\\\/\\\/l21.mx\\\/\",\"name\":\"Revista Latitud 21\",\"description\":\"Emprendedores  y negocios en el Caribe Mexicano\",\"publisher\":{\"@id\":\"https:\\\/\\\/l21.mx\\\/#organization\"},\"potentialAction\":[{\"@type\":\"SearchAction\",\"target\":{\"@type\":\"EntryPoint\",\"urlTemplate\":\"https:\\\/\\\/l21.mx\\\/?s={search_term_string}\"},\"query-input\":{\"@type\":\"PropertyValueSpecification\",\"valueRequired\":true,\"valueName\":\"search_term_string\"}}],\"inLanguage\":\"es\"},{\"@type\":\"Organization\",\"@id\":\"https:\\\/\\\/l21.mx\\\/#organization\",\"name\":\"Grupo Editorial Latitud 21 SA de CV\",\"url\":\"https:\\\/\\\/l21.mx\\\/\",\"logo\":{\"@type\":\"ImageObject\",\"inLanguage\":\"es\",\"@id\":\"https:\\\/\\\/l21.mx\\\/#\\\/schema\\\/logo\\\/image\\\/\",\"url\":\"https:\\\/\\\/l21.mx\\\/wp-content\\\/uploads\\\/2020\\\/10\\\/logo-l21-baja.jpg\",\"contentUrl\":\"https:\\\/\\\/l21.mx\\\/wp-content\\\/uploads\\\/2020\\\/10\\\/logo-l21-baja.jpg\",\"width\":250,\"height\":250,\"caption\":\"Grupo Editorial Latitud 21 SA de CV\"},\"image\":{\"@id\":\"https:\\\/\\\/l21.mx\\\/#\\\/schema\\\/logo\\\/image\\\/\"},\"sameAs\":[\"https:\\\/\\\/www.facebook.com\\\/RevistaLatitud21\\\/\",\"https:\\\/\\\/x.com\\\/Latitud21mx\"]},{\"@type\":\"Person\",\"@id\":\"https:\\\/\\\/l21.mx\\\/#\\\/schema\\\/person\\\/b3cb342bb947a88e1fc27e05770479da\",\"name\":\"ahernandez@latitud21.com.mx\",\"url\":\"https:\\\/\\\/l21.mx\\\/?author=95\"}]}<\/script>\n<!-- \/ Yoast SEO plugin. -->","yoast_head_json":{"title":"Dice Semarnat que Holbox no ha perdido protecci\u00f3n","description":"A principios de este a\u00f1o, Holbox sufri\u00f3 un rev\u00e9s, derivado de un fallo por el que, al parecer, perder\u00eda m\u00e1s de 53 hect\u00e1reas protegidas.","robots":{"index":"index","follow":"follow","max-snippet":"max-snippet:-1","max-image-preview":"max-image-preview:large","max-video-preview":"max-video-preview:-1"},"canonical":"https:\/\/l21.mx\/?p=40883","twitter_card":"summary_large_image","twitter_title":"Dice Semarnat que Holbox no ha perdido protecci\u00f3n","twitter_description":"A principios de este a\u00f1o, Holbox sufri\u00f3 un rev\u00e9s, derivado de un fallo por el que, al parecer, perder\u00eda m\u00e1s de 53 hect\u00e1reas protegidas.","twitter_image":"https:\/\/l21.mx\/wp-content\/uploads\/2020\/01\/holbox2.jpg","twitter_creator":"@Latitud21mx","twitter_site":"@Latitud21mx","twitter_misc":{"Escrito por":"ahernandez@latitud21.com.mx","Tiempo de lectura":"2 minutos"},"schema":{"@context":"https:\/\/schema.org","@graph":[{"@type":"Article","@id":"https:\/\/l21.mx\/?p=40883#article","isPartOf":{"@id":"https:\/\/l21.mx\/?p=40883"},"author":{"name":"ahernandez@latitud21.com.mx","@id":"https:\/\/l21.mx\/#\/schema\/person\/b3cb342bb947a88e1fc27e05770479da"},"headline":"Dice Semarnat que Holbox no ha perdido protecci\u00f3n","datePublished":"2020-01-13T17:26:58+00:00","dateModified":"2020-02-04T17:52:31+00:00","mainEntityOfPage":{"@id":"https:\/\/l21.mx\/?p=40883"},"wordCount":382,"commentCount":0,"publisher":{"@id":"https:\/\/l21.mx\/#organization"},"image":{"@id":"https:\/\/l21.mx\/?p=40883#primaryimage"},"thumbnailUrl":"https:\/\/l21.mx\/wp-content\/uploads\/2020\/01\/holbox2.jpg","keywords":["Holbox","Semarnat"],"articleSection":["Noticias"],"inLanguage":"es","potentialAction":[{"@type":"CommentAction","name":"Comment","target":["https:\/\/l21.mx\/?p=40883#respond"]}]},{"@type":"WebPage","@id":"https:\/\/l21.mx\/?p=40883","url":"https:\/\/l21.mx\/?p=40883","name":"Dice Semarnat que Holbox no ha perdido protecci\u00f3n","isPartOf":{"@id":"https:\/\/l21.mx\/#website"},"primaryImageOfPage":{"@id":"https:\/\/l21.mx\/?p=40883#primaryimage"},"image":{"@id":"https:\/\/l21.mx\/?p=40883#primaryimage"},"thumbnailUrl":"https:\/\/l21.mx\/wp-content\/uploads\/2020\/01\/holbox2.jpg","datePublished":"2020-01-13T17:26:58+00:00","dateModified":"2020-02-04T17:52:31+00:00","description":"A principios de este a\u00f1o, Holbox sufri\u00f3 un rev\u00e9s, derivado de un fallo por el que, al parecer, perder\u00eda m\u00e1s de 53 hect\u00e1reas protegidas.","breadcrumb":{"@id":"https:\/\/l21.mx\/?p=40883#breadcrumb"},"inLanguage":"es","potentialAction":[{"@type":"ReadAction","target":["https:\/\/l21.mx\/?p=40883"]}]},{"@type":"ImageObject","inLanguage":"es","@id":"https:\/\/l21.mx\/?p=40883#primaryimage","url":"https:\/\/l21.mx\/wp-content\/uploads\/2020\/01\/holbox2.jpg","contentUrl":"https:\/\/l21.mx\/wp-content\/uploads\/2020\/01\/holbox2.jpg","width":700,"height":432},{"@type":"BreadcrumbList","@id":"https:\/\/l21.mx\/?p=40883#breadcrumb","itemListElement":[{"@type":"ListItem","position":1,"name":"Portada","item":"https:\/\/l21.mx\/"},{"@type":"ListItem","position":2,"name":"Dice Semarnat que Holbox no ha perdido protecci\u00f3n"}]},{"@type":"WebSite","@id":"https:\/\/l21.mx\/#website","url":"https:\/\/l21.mx\/","name":"Revista Latitud 21","description":"Emprendedores  y negocios en el Caribe Mexicano","publisher":{"@id":"https:\/\/l21.mx\/#organization"},"potentialAction":[{"@type":"SearchAction","target":{"@type":"EntryPoint","urlTemplate":"https:\/\/l21.mx\/?s={search_term_string}"},"query-input":{"@type":"PropertyValueSpecification","valueRequired":true,"valueName":"search_term_string"}}],"inLanguage":"es"},{"@type":"Organization","@id":"https:\/\/l21.mx\/#organization","name":"Grupo Editorial Latitud 21 SA de CV","url":"https:\/\/l21.mx\/","logo":{"@type":"ImageObject","inLanguage":"es","@id":"https:\/\/l21.mx\/#\/schema\/logo\/image\/","url":"https:\/\/l21.mx\/wp-content\/uploads\/2020\/10\/logo-l21-baja.jpg","contentUrl":"https:\/\/l21.mx\/wp-content\/uploads\/2020\/10\/logo-l21-baja.jpg","width":250,"height":250,"caption":"Grupo Editorial Latitud 21 SA de CV"},"image":{"@id":"https:\/\/l21.mx\/#\/schema\/logo\/image\/"},"sameAs":["https:\/\/www.facebook.com\/RevistaLatitud21\/","https:\/\/x.com\/Latitud21mx"]},{"@type":"Person","@id":"https:\/\/l21.mx\/#\/schema\/person\/b3cb342bb947a88e1fc27e05770479da","name":"ahernandez@latitud21.com.mx","url":"https:\/\/l21.mx\/?author=95"}]}},"amp_enabled":true,"_links":{"self":[{"href":"https:\/\/l21.mx\/index.php?rest_route=\/wp\/v2\/posts\/40883","targetHints":{"allow":["GET"]}}],"collection":[{"href":"https:\/\/l21.mx\/index.php?rest_route=\/wp\/v2\/posts"}],"about":[{"href":"https:\/\/l21.mx\/index.php?rest_route=\/wp\/v2\/types\/post"}],"author":[{"embeddable":true,"href":"https:\/\/l21.mx\/index.php?rest_route=\/wp\/v2\/users\/95"}],"replies":[{"embeddable":true,"href":"https:\/\/l21.mx\/index.php?rest_route=%2Fwp%2Fv2%2Fcomments&post=40883"}],"version-history":[{"count":1,"href":"https:\/\/l21.mx\/index.php?rest_route=\/wp\/v2\/posts\/40883\/revisions"}],"predecessor-version":[{"id":40893,"href":"https:\/\/l21.mx\/index.php?rest_route=\/wp\/v2\/posts\/40883\/revisions\/40893"}],"wp:featuredmedia":[{"embeddable":true,"href":"https:\/\/l21.mx\/index.php?rest_route=\/wp\/v2\/media\/40890"}],"wp:attachment":[{"href":"https:\/\/l21.mx\/index.php?rest_route=%2Fwp%2Fv2%2Fmedia&parent=40883"}],"wp:term":[{"taxonomy":"category","embeddable":true,"href":"https:\/\/l21.mx\/index.php?rest_route=%2Fwp%2Fv2%2Fcategories&post=40883"},{"taxonomy":"post_tag","embeddable":true,"href":"https:\/\/l21.mx\/index.php?rest_route=%2Fwp%2Fv2%2Ftags&post=40883"}],"curies":[{"name":"wp","href":"https:\/\/api.w.org\/{rel}","templated":true}]}}