{"id":4140,"date":"2013-08-12T18:46:51","date_gmt":"2013-08-12T23:46:51","guid":{"rendered":"http:\/\/innovatori.space\/lat21\/?p=4140"},"modified":"2013-08-12T18:46:51","modified_gmt":"2013-08-12T23:46:51","slug":"repuntan-10-tarifas-de-hoteles-en-cancun","status":"publish","type":"post","link":"https:\/\/l21.mx\/?p=4140","title":{"rendered":"Repuntan 10% tarifas de hoteles en Canc\u00fan"},"content":{"rendered":"<p><a href=\"http:\/\/l21.mx\/wp-content\/uploads\/2013\/08\/Repuntan-10-por-ciento-tarifas-de-hoteles-en-Canc\u00fan.jpg\" data-rel=\"penci-gallery-image-content\" ><img fetchpriority=\"high\" decoding=\"async\" class=\"alignleft size-medium wp-image-4141\" title=\"Repuntan 10 por ciento tarifas de hoteles en Canc\u00fan\" src=\"http:\/\/l21.mx\/wp-content\/uploads\/2013\/08\/Repuntan-10-por-ciento-tarifas-de-hoteles-en-Canc\u00fan-300x179.jpg\" alt=\"\" width=\"300\" height=\"179\" srcset=\"https:\/\/l21.mx\/wp-content\/uploads\/2013\/08\/Repuntan-10-por-ciento-tarifas-de-hoteles-en-Canc\u00fan-300x179.jpg 300w, https:\/\/l21.mx\/wp-content\/uploads\/2013\/08\/Repuntan-10-por-ciento-tarifas-de-hoteles-en-Canc\u00fan-1024x611.jpg 1024w, https:\/\/l21.mx\/wp-content\/uploads\/2013\/08\/Repuntan-10-por-ciento-tarifas-de-hoteles-en-Canc\u00fan-142x85.jpg 142w, https:\/\/l21.mx\/wp-content\/uploads\/2013\/08\/Repuntan-10-por-ciento-tarifas-de-hoteles-en-Canc\u00fan-600x358.jpg 600w, https:\/\/l21.mx\/wp-content\/uploads\/2013\/08\/Repuntan-10-por-ciento-tarifas-de-hoteles-en-Canc\u00fan-167x99.jpg 167w, https:\/\/l21.mx\/wp-content\/uploads\/2013\/08\/Repuntan-10-por-ciento-tarifas-de-hoteles-en-Canc\u00fan-80x47.jpg 80w\" sizes=\"(max-width: 300px) 100vw, 300px\" \/><\/a>A unos d\u00edas que concluya la temporada vacacional de verano, hoteleros de Canc\u00fan destacan el 90 por ciento de ocupaci\u00f3n de cuartos promedio, aproximadamente, y el aumento del 10 por ciento en la tarifa de los centros de hospedaje durante julio y en lo que va del presente mes, cifras tur\u00edsticas excelentes que superan los n\u00fameros de otros a\u00f1os.<\/p>\n<p>Abelardo Vara Rivera, empresario hotelero y presidente del Grupo Canc\u00fan, inform\u00f3 que el Hotel Omni report\u00f3 95 por ciento de ocupaci\u00f3n; mientras que Canc\u00fan Bay Resorts, fue del 93 por ciento, y el Marriot Courtyard, alrededor de un 80 por ciento.<\/p>\n<p>\u201cLos n\u00fameros de este verano son magn\u00edficos \u2014dijo\u2014. Canc\u00fan se perfila para tener un excelente a\u00f1o tur\u00edstico e inclusive el mejor comparado con a\u00f1os anteriores.<\/p>\n<p>Se\u00f1al\u00f3 que son dos los factores principales que originaron el repunte tur\u00edstico del destino en este verano.<\/p>\n<p>\u201cLas reservaciones anticipadas de cuartos, que a su vez permiti\u00f3 el aumento de la tarifa y la apertura de vuelos econ\u00f3micos a nivel nacional, favorecieron en gran medida que Canc\u00fan presente los mejores n\u00fameros tur\u00edsticos en el pa\u00eds, e inclusive que se encuentre por arriba de la mayor\u00eda de los destinos del Caribe en la actual temporada vacacional\u201d, expres\u00f3.<\/p>\n<p>Por otra parte, Rodrigo de la Pe\u00f1a Segura, ex presidente de la Asociaci\u00f3n de Hoteles de Canc\u00fan y quien dirige el Hotel Temptation, subray\u00f3 que el 85 por ciento de ocupaci\u00f3n de cuartos que registra este centro de hospedaje en el verano, alcanza 5 puntos arriba en comparaci\u00f3n con el 2012 cuando registr\u00f3 alrededor del 80 por ciento. \u201cTenemos un verano muy bueno, no s\u00f3lo mejor que el a\u00f1o pasado, mejor que cualquier otro\u201d, enfatiz\u00f3.<\/p>\n<p>\u201cEn este periodo tuvimos un aumento del 10 por ciento en la tarifa, algo que no se hab\u00eda presentando desde hace mucho tiempo\u201d, a\u00f1adi\u00f3.<\/p>\n<p>En tanto, Fernando Garc\u00eda Zalvidea, fundador de Best Day, y due\u00f1o del hotel Gran Caribe Real, indic\u00f3 que el 92 por ciento de ocupaci\u00f3n de cuartos que reportan estos d\u00edas, es la mejor ocupaci\u00f3n del a\u00f1o, hasta el momento.<\/p>\n<p>\u201cEl turista norteamericano presenta un aumento significativo en estas fechas. Sin embargo, el mercado nacional es el que, temporada tras temporada, crece en gran medida y se ha convertido en el visitante fundamental para el repunte de la industria tur\u00edstica de Canc\u00fan y el resto de los destinos de Quintana Roo\u201d, concluy\u00f3.<\/p>\n<p>&nbsp;<\/p>\n","protected":false},"excerpt":{"rendered":"<p>A unos d\u00edas que concluya la temporada vacacional de verano, hoteleros de Canc\u00fan destacan el 90&hellip;<\/p>\n","protected":false},"author":2,"featured_media":4144,"comment_status":"open","ping_status":"open","sticky":false,"template":"","format":"standard","meta":{"_acf_changed":false,"_lmt_disableupdate":"","_lmt_disable":"","_mbp_gutenberg_autopost":false,"footnotes":""},"categories":[23,8],"tags":[],"class_list":["post-4140","post","type-post","status-publish","format-standard","has-post-thumbnail","hentry","category-noticias","category-turismo"],"acf":[],"yoast_head":"<!-- This site is optimized with the Yoast SEO plugin v27.3 - https:\/\/yoast.com\/product\/yoast-seo-wordpress\/ -->\n<title>Repuntan 10% tarifas de hoteles en Canc\u00fan | Revista Latitud 21<\/title>\n<meta name=\"description\" content=\"L21, Emprendedores y Negocios en el Caribe Mexicano, es la revista l\u00edder entre el Sector Empresarial y Tur\u00edstico del Caribe Mexicano.\" \/>\n<meta name=\"robots\" content=\"index, follow, max-snippet:-1, max-image-preview:large, max-video-preview:-1\" \/>\n<link rel=\"canonical\" href=\"https:\/\/l21.mx\/?p=4140\" \/>\n<meta name=\"twitter:card\" content=\"summary_large_image\" \/>\n<meta name=\"twitter:title\" content=\"Repuntan 10% tarifas de hoteles en Canc\u00fan | Revista Latitud 21\" \/>\n<meta name=\"twitter:description\" content=\"L21, Emprendedores y Negocios en el Caribe Mexicano, es la revista l\u00edder entre el Sector Empresarial y Tur\u00edstico del Caribe Mexicano.\" \/>\n<meta name=\"twitter:image\" content=\"https:\/\/l21.mx\/wp-content\/uploads\/2013\/08\/Repuntan-10-por-ciento-tarifas-de-hoteles-en-Canc\u00fan-n.jpg\" \/>\n<meta name=\"twitter:creator\" content=\"@Latitud21mx\" \/>\n<meta name=\"twitter:site\" content=\"@Latitud21mx\" \/>\n<meta name=\"twitter:label1\" content=\"Escrito por\" \/>\n\t<meta name=\"twitter:data1\" content=\"Latitud21 Redacci\u00f3n\" \/>\n\t<meta name=\"twitter:label2\" content=\"Tiempo de lectura\" \/>\n\t<meta name=\"twitter:data2\" content=\"2 minutos\" \/>\n<script type=\"application\/ld+json\" class=\"yoast-schema-graph\">{\"@context\":\"https:\\\/\\\/schema.org\",\"@graph\":[{\"@type\":\"Article\",\"@id\":\"https:\\\/\\\/l21.mx\\\/?p=4140#article\",\"isPartOf\":{\"@id\":\"https:\\\/\\\/l21.mx\\\/?p=4140\"},\"author\":{\"name\":\"Latitud21 Redacci\u00f3n\",\"@id\":\"https:\\\/\\\/l21.mx\\\/#\\\/schema\\\/person\\\/4b571cc212089f95579f3b66253728f1\"},\"headline\":\"Repuntan 10% tarifas de hoteles en Canc\u00fan\",\"datePublished\":\"2013-08-12T23:46:51+00:00\",\"mainEntityOfPage\":{\"@id\":\"https:\\\/\\\/l21.mx\\\/?p=4140\"},\"wordCount\":428,\"commentCount\":0,\"publisher\":{\"@id\":\"https:\\\/\\\/l21.mx\\\/#organization\"},\"image\":{\"@id\":\"https:\\\/\\\/l21.mx\\\/?p=4140#primaryimage\"},\"thumbnailUrl\":\"https:\\\/\\\/l21.mx\\\/wp-content\\\/uploads\\\/2013\\\/08\\\/Repuntan-10-por-ciento-tarifas-de-hoteles-en-Canc\u00fan-n.jpg\",\"articleSection\":[\"Noticias\",\"Turismo\"],\"inLanguage\":\"es\",\"potentialAction\":[{\"@type\":\"CommentAction\",\"name\":\"Comment\",\"target\":[\"https:\\\/\\\/l21.mx\\\/?p=4140#respond\"]}]},{\"@type\":\"WebPage\",\"@id\":\"https:\\\/\\\/l21.mx\\\/?p=4140\",\"url\":\"https:\\\/\\\/l21.mx\\\/?p=4140\",\"name\":\"Repuntan 10% tarifas de hoteles en Canc\u00fan | Revista Latitud 21\",\"isPartOf\":{\"@id\":\"https:\\\/\\\/l21.mx\\\/#website\"},\"primaryImageOfPage\":{\"@id\":\"https:\\\/\\\/l21.mx\\\/?p=4140#primaryimage\"},\"image\":{\"@id\":\"https:\\\/\\\/l21.mx\\\/?p=4140#primaryimage\"},\"thumbnailUrl\":\"https:\\\/\\\/l21.mx\\\/wp-content\\\/uploads\\\/2013\\\/08\\\/Repuntan-10-por-ciento-tarifas-de-hoteles-en-Canc\u00fan-n.jpg\",\"datePublished\":\"2013-08-12T23:46:51+00:00\",\"description\":\"L21, Emprendedores y Negocios en el Caribe Mexicano, es la revista l\u00edder entre el Sector Empresarial y Tur\u00edstico del Caribe Mexicano.\",\"breadcrumb\":{\"@id\":\"https:\\\/\\\/l21.mx\\\/?p=4140#breadcrumb\"},\"inLanguage\":\"es\",\"potentialAction\":[{\"@type\":\"ReadAction\",\"target\":[\"https:\\\/\\\/l21.mx\\\/?p=4140\"]}]},{\"@type\":\"ImageObject\",\"inLanguage\":\"es\",\"@id\":\"https:\\\/\\\/l21.mx\\\/?p=4140#primaryimage\",\"url\":\"https:\\\/\\\/l21.mx\\\/wp-content\\\/uploads\\\/2013\\\/08\\\/Repuntan-10-por-ciento-tarifas-de-hoteles-en-Canc\u00fan-n.jpg\",\"contentUrl\":\"https:\\\/\\\/l21.mx\\\/wp-content\\\/uploads\\\/2013\\\/08\\\/Repuntan-10-por-ciento-tarifas-de-hoteles-en-Canc\u00fan-n.jpg\",\"width\":\"90\",\"height\":\"60\"},{\"@type\":\"BreadcrumbList\",\"@id\":\"https:\\\/\\\/l21.mx\\\/?p=4140#breadcrumb\",\"itemListElement\":[{\"@type\":\"ListItem\",\"position\":1,\"name\":\"Portada\",\"item\":\"https:\\\/\\\/l21.mx\\\/\"},{\"@type\":\"ListItem\",\"position\":2,\"name\":\"Repuntan 10% tarifas de hoteles en Canc\u00fan\"}]},{\"@type\":\"WebSite\",\"@id\":\"https:\\\/\\\/l21.mx\\\/#website\",\"url\":\"https:\\\/\\\/l21.mx\\\/\",\"name\":\"Revista Latitud 21\",\"description\":\"Emprendedores  y negocios en el Caribe Mexicano\",\"publisher\":{\"@id\":\"https:\\\/\\\/l21.mx\\\/#organization\"},\"potentialAction\":[{\"@type\":\"SearchAction\",\"target\":{\"@type\":\"EntryPoint\",\"urlTemplate\":\"https:\\\/\\\/l21.mx\\\/?s={search_term_string}\"},\"query-input\":{\"@type\":\"PropertyValueSpecification\",\"valueRequired\":true,\"valueName\":\"search_term_string\"}}],\"inLanguage\":\"es\"},{\"@type\":\"Organization\",\"@id\":\"https:\\\/\\\/l21.mx\\\/#organization\",\"name\":\"Grupo Editorial Latitud 21 SA de CV\",\"url\":\"https:\\\/\\\/l21.mx\\\/\",\"logo\":{\"@type\":\"ImageObject\",\"inLanguage\":\"es\",\"@id\":\"https:\\\/\\\/l21.mx\\\/#\\\/schema\\\/logo\\\/image\\\/\",\"url\":\"https:\\\/\\\/l21.mx\\\/wp-content\\\/uploads\\\/2020\\\/10\\\/logo-l21-baja.jpg\",\"contentUrl\":\"https:\\\/\\\/l21.mx\\\/wp-content\\\/uploads\\\/2020\\\/10\\\/logo-l21-baja.jpg\",\"width\":250,\"height\":250,\"caption\":\"Grupo Editorial Latitud 21 SA de CV\"},\"image\":{\"@id\":\"https:\\\/\\\/l21.mx\\\/#\\\/schema\\\/logo\\\/image\\\/\"},\"sameAs\":[\"https:\\\/\\\/www.facebook.com\\\/RevistaLatitud21\\\/\",\"https:\\\/\\\/x.com\\\/Latitud21mx\"]},{\"@type\":\"Person\",\"@id\":\"https:\\\/\\\/l21.mx\\\/#\\\/schema\\\/person\\\/4b571cc212089f95579f3b66253728f1\",\"name\":\"Latitud21 Redacci\u00f3n\",\"url\":\"https:\\\/\\\/l21.mx\\\/?author=2\"}]}<\/script>\n<!-- \/ Yoast SEO plugin. -->","yoast_head_json":{"title":"Repuntan 10% tarifas de hoteles en Canc\u00fan | Revista Latitud 21","description":"L21, Emprendedores y Negocios en el Caribe Mexicano, es la revista l\u00edder entre el Sector Empresarial y Tur\u00edstico del Caribe Mexicano.","robots":{"index":"index","follow":"follow","max-snippet":"max-snippet:-1","max-image-preview":"max-image-preview:large","max-video-preview":"max-video-preview:-1"},"canonical":"https:\/\/l21.mx\/?p=4140","twitter_card":"summary_large_image","twitter_title":"Repuntan 10% tarifas de hoteles en Canc\u00fan | Revista Latitud 21","twitter_description":"L21, Emprendedores y Negocios en el Caribe Mexicano, es la revista l\u00edder entre el Sector Empresarial y Tur\u00edstico del Caribe Mexicano.","twitter_image":"https:\/\/l21.mx\/wp-content\/uploads\/2013\/08\/Repuntan-10-por-ciento-tarifas-de-hoteles-en-Canc\u00fan-n.jpg","twitter_creator":"@Latitud21mx","twitter_site":"@Latitud21mx","twitter_misc":{"Escrito por":"Latitud21 Redacci\u00f3n","Tiempo de lectura":"2 minutos"},"schema":{"@context":"https:\/\/schema.org","@graph":[{"@type":"Article","@id":"https:\/\/l21.mx\/?p=4140#article","isPartOf":{"@id":"https:\/\/l21.mx\/?p=4140"},"author":{"name":"Latitud21 Redacci\u00f3n","@id":"https:\/\/l21.mx\/#\/schema\/person\/4b571cc212089f95579f3b66253728f1"},"headline":"Repuntan 10% tarifas de hoteles en Canc\u00fan","datePublished":"2013-08-12T23:46:51+00:00","mainEntityOfPage":{"@id":"https:\/\/l21.mx\/?p=4140"},"wordCount":428,"commentCount":0,"publisher":{"@id":"https:\/\/l21.mx\/#organization"},"image":{"@id":"https:\/\/l21.mx\/?p=4140#primaryimage"},"thumbnailUrl":"https:\/\/l21.mx\/wp-content\/uploads\/2013\/08\/Repuntan-10-por-ciento-tarifas-de-hoteles-en-Canc\u00fan-n.jpg","articleSection":["Noticias","Turismo"],"inLanguage":"es","potentialAction":[{"@type":"CommentAction","name":"Comment","target":["https:\/\/l21.mx\/?p=4140#respond"]}]},{"@type":"WebPage","@id":"https:\/\/l21.mx\/?p=4140","url":"https:\/\/l21.mx\/?p=4140","name":"Repuntan 10% tarifas de hoteles en Canc\u00fan | Revista Latitud 21","isPartOf":{"@id":"https:\/\/l21.mx\/#website"},"primaryImageOfPage":{"@id":"https:\/\/l21.mx\/?p=4140#primaryimage"},"image":{"@id":"https:\/\/l21.mx\/?p=4140#primaryimage"},"thumbnailUrl":"https:\/\/l21.mx\/wp-content\/uploads\/2013\/08\/Repuntan-10-por-ciento-tarifas-de-hoteles-en-Canc\u00fan-n.jpg","datePublished":"2013-08-12T23:46:51+00:00","description":"L21, Emprendedores y Negocios en el Caribe Mexicano, es la revista l\u00edder entre el Sector Empresarial y Tur\u00edstico del Caribe Mexicano.","breadcrumb":{"@id":"https:\/\/l21.mx\/?p=4140#breadcrumb"},"inLanguage":"es","potentialAction":[{"@type":"ReadAction","target":["https:\/\/l21.mx\/?p=4140"]}]},{"@type":"ImageObject","inLanguage":"es","@id":"https:\/\/l21.mx\/?p=4140#primaryimage","url":"https:\/\/l21.mx\/wp-content\/uploads\/2013\/08\/Repuntan-10-por-ciento-tarifas-de-hoteles-en-Canc\u00fan-n.jpg","contentUrl":"https:\/\/l21.mx\/wp-content\/uploads\/2013\/08\/Repuntan-10-por-ciento-tarifas-de-hoteles-en-Canc\u00fan-n.jpg","width":"90","height":"60"},{"@type":"BreadcrumbList","@id":"https:\/\/l21.mx\/?p=4140#breadcrumb","itemListElement":[{"@type":"ListItem","position":1,"name":"Portada","item":"https:\/\/l21.mx\/"},{"@type":"ListItem","position":2,"name":"Repuntan 10% tarifas de hoteles en Canc\u00fan"}]},{"@type":"WebSite","@id":"https:\/\/l21.mx\/#website","url":"https:\/\/l21.mx\/","name":"Revista Latitud 21","description":"Emprendedores  y negocios en el Caribe Mexicano","publisher":{"@id":"https:\/\/l21.mx\/#organization"},"potentialAction":[{"@type":"SearchAction","target":{"@type":"EntryPoint","urlTemplate":"https:\/\/l21.mx\/?s={search_term_string}"},"query-input":{"@type":"PropertyValueSpecification","valueRequired":true,"valueName":"search_term_string"}}],"inLanguage":"es"},{"@type":"Organization","@id":"https:\/\/l21.mx\/#organization","name":"Grupo Editorial Latitud 21 SA de CV","url":"https:\/\/l21.mx\/","logo":{"@type":"ImageObject","inLanguage":"es","@id":"https:\/\/l21.mx\/#\/schema\/logo\/image\/","url":"https:\/\/l21.mx\/wp-content\/uploads\/2020\/10\/logo-l21-baja.jpg","contentUrl":"https:\/\/l21.mx\/wp-content\/uploads\/2020\/10\/logo-l21-baja.jpg","width":250,"height":250,"caption":"Grupo Editorial Latitud 21 SA de CV"},"image":{"@id":"https:\/\/l21.mx\/#\/schema\/logo\/image\/"},"sameAs":["https:\/\/www.facebook.com\/RevistaLatitud21\/","https:\/\/x.com\/Latitud21mx"]},{"@type":"Person","@id":"https:\/\/l21.mx\/#\/schema\/person\/4b571cc212089f95579f3b66253728f1","name":"Latitud21 Redacci\u00f3n","url":"https:\/\/l21.mx\/?author=2"}]}},"amp_enabled":true,"_links":{"self":[{"href":"https:\/\/l21.mx\/index.php?rest_route=\/wp\/v2\/posts\/4140","targetHints":{"allow":["GET"]}}],"collection":[{"href":"https:\/\/l21.mx\/index.php?rest_route=\/wp\/v2\/posts"}],"about":[{"href":"https:\/\/l21.mx\/index.php?rest_route=\/wp\/v2\/types\/post"}],"author":[{"embeddable":true,"href":"https:\/\/l21.mx\/index.php?rest_route=\/wp\/v2\/users\/2"}],"replies":[{"embeddable":true,"href":"https:\/\/l21.mx\/index.php?rest_route=%2Fwp%2Fv2%2Fcomments&post=4140"}],"version-history":[{"count":0,"href":"https:\/\/l21.mx\/index.php?rest_route=\/wp\/v2\/posts\/4140\/revisions"}],"wp:featuredmedia":[{"embeddable":true,"href":"https:\/\/l21.mx\/index.php?rest_route=\/wp\/v2\/media\/4144"}],"wp:attachment":[{"href":"https:\/\/l21.mx\/index.php?rest_route=%2Fwp%2Fv2%2Fmedia&parent=4140"}],"wp:term":[{"taxonomy":"category","embeddable":true,"href":"https:\/\/l21.mx\/index.php?rest_route=%2Fwp%2Fv2%2Fcategories&post=4140"},{"taxonomy":"post_tag","embeddable":true,"href":"https:\/\/l21.mx\/index.php?rest_route=%2Fwp%2Fv2%2Ftags&post=4140"}],"curies":[{"name":"wp","href":"https:\/\/api.w.org\/{rel}","templated":true}]}}