{"id":41460,"date":"2020-01-31T15:46:18","date_gmt":"2020-01-31T20:46:18","guid":{"rendered":"https:\/\/l21.mx\/?p=41460"},"modified":"2020-02-07T10:34:29","modified_gmt":"2020-02-07T15:34:29","slug":"conrad-bergwerf-renuncia-a-paradisus-playa-del-carmen","status":"publish","type":"post","link":"https:\/\/l21.mx\/?p=41460","title":{"rendered":"Conrad Bergwerf renuncia a Paradisus Playa del Carmen"},"content":{"rendered":"<p>Para Conrad Bergwerf vienen nuevos tiempos, luego de estar al frente del hotel <span style=\"color: #ff00ff;\"><a style=\"color: #ff00ff;\" href=\"https:\/\/www.melia.com\/es\/hoteles\/mexico\/playa-del-carmen\/paradisus-playa-del-carmen-la-esmeralda\/index.htm\" target=\"_blank\" rel=\"noopener\">Paradisus Playa del Carmen La Perla &amp; La Esmeralda.<\/a><\/span><\/p>\n<p>Estuvo como director de este complejo en la Riviera Maya, donde dej\u00f3 su mejor esfuerzo.<\/p>\n<p>Por ahora, continuar\u00e1 como presidente de la <span style=\"color: #ff00ff;\"><a style=\"color: #ff00ff;\" href=\"https:\/\/www.rivieramaya.org.mx\" target=\"_blank\" rel=\"noopener\">Asociaci\u00f3n de Hoteles de la Riviera Maya<\/a><\/span>, al tiempo que alternar\u00e1 con nuevos proyectos.<\/p>\n<h3>S\u00f3lida trayectoria en hoteles<\/h3>\n<p>Conrad Bergwerf tiene una carrera muy importante en el rubro hotelero, de m\u00e1s de 23 a\u00f1os de trayectoria.<\/p>\n<p>Durante este tiempo ha sido parte de varios resorts y desarrollos tur\u00edsticos de Meli\u00e1 Hotels Internacional en Am\u00e9rica Latina, Caribe y Asia.<\/p>\n<p>Trascendi\u00f3 que tom\u00f3 la decisi\u00f3n \u201cen mutuo acuerdo con el consorcio hotelero espa\u00f1ol\u201d.<\/p>\n<p>La idea es asumir nuevos retos y responsabilidades en otras empresas.<\/p>\n<p>Incluso, se dio a conocer que tendr\u00e1 un porcentaje de las acciones de firmas relacionadas con plataformas digitales de promoci\u00f3n y venta para el sector tur\u00edstico.<\/p>\n<p>Bergwerf agradeci\u00f3 a los directivos y colaboradores de Paradisus la confianza y el apoyo brindado durante estos a\u00f1os.<\/p>\n","protected":false},"excerpt":{"rendered":"<p>Para Conrad Bergwerf vienen nuevos tiempos, luego de estar al frente del hotel Paradisus Playa del&hellip;<\/p>\n","protected":false},"author":100,"featured_media":41461,"comment_status":"open","ping_status":"open","sticky":false,"template":"","format":"standard","meta":{"_acf_changed":false,"_lmt_disableupdate":"","_lmt_disable":"","_mbp_gutenberg_autopost":false,"footnotes":""},"categories":[23],"tags":[623,599,243],"class_list":["post-41460","post","type-post","status-publish","format-standard","has-post-thumbnail","hentry","category-noticias","tag-conrad","tag-paradisus","tag-riviera-maya"],"acf":[],"_links":{"self":[{"href":"https:\/\/l21.mx\/index.php?rest_route=\/wp\/v2\/posts\/41460","targetHints":{"allow":["GET"]}}],"collection":[{"href":"https:\/\/l21.mx\/index.php?rest_route=\/wp\/v2\/posts"}],"about":[{"href":"https:\/\/l21.mx\/index.php?rest_route=\/wp\/v2\/types\/post"}],"author":[{"embeddable":true,"href":"https:\/\/l21.mx\/index.php?rest_route=\/wp\/v2\/users\/100"}],"replies":[{"embeddable":true,"href":"https:\/\/l21.mx\/index.php?rest_route=%2Fwp%2Fv2%2Fcomments&post=41460"}],"version-history":[{"count":0,"href":"https:\/\/l21.mx\/index.php?rest_route=\/wp\/v2\/posts\/41460\/revisions"}],"wp:featuredmedia":[{"embeddable":true,"href":"https:\/\/l21.mx\/index.php?rest_route=\/wp\/v2\/media\/41461"}],"wp:attachment":[{"href":"https:\/\/l21.mx\/index.php?rest_route=%2Fwp%2Fv2%2Fmedia&parent=41460"}],"wp:term":[{"taxonomy":"category","embeddable":true,"href":"https:\/\/l21.mx\/index.php?rest_route=%2Fwp%2Fv2%2Fcategories&post=41460"},{"taxonomy":"post_tag","embeddable":true,"href":"https:\/\/l21.mx\/index.php?rest_route=%2Fwp%2Fv2%2Ftags&post=41460"}],"curies":[{"name":"wp","href":"https:\/\/api.w.org\/{rel}","templated":true}]}}