{"id":4152,"date":"2013-08-13T12:35:38","date_gmt":"2013-08-13T17:35:38","guid":{"rendered":"http:\/\/innovatori.space\/lat21\/?p=4152"},"modified":"2013-08-13T12:35:38","modified_gmt":"2013-08-13T17:35:38","slug":"preven-excelente-cierre-de-verano-en-cancun-y-puerto-morelos","status":"publish","type":"post","link":"https:\/\/l21.mx\/?p=4152","title":{"rendered":"Prev\u00e9n excelente cierre de verano en Canc\u00fan y Puerto Morelos"},"content":{"rendered":"<p>Los centros de hospedaje de la zona hotelera de Canc\u00fan y de Puerto Morelos promediaron 85 por ciento de ocupaci\u00f3n en sus habitaciones el pasado fin de semana, inform\u00f3 Roberto Cintr\u00f3n D\u00edaz del Castillo, presidente de la Asociaci\u00f3n de Hoteles de Canc\u00fan (AHC).<\/p>\n<p>\u201cDespu\u00e9s de cerrar julio con 90 por ciento de ocupaci\u00f3n, continuamos con buenos n\u00fameros tur\u00edsticos en agosto\u201d, apunt\u00f3. El primer fin de semana tuvimos m\u00e1s de 80 puntos y en el segundo promediamos 85 por ciento de ocupaci\u00f3n de cuartos.<\/p>\n<p>Detall\u00f3 que el viernes 9 de agosto tuvieron 87.7; el s\u00e1bado, 87.5; y el domingo, 79.8 puntos porcentuales.<\/p>\n<p>En ese contexto, dijo que en lo que va del presente mes la zona hotelera de Canc\u00fan y Puerto Morelos promedian 86.4 de ocupaci\u00f3n hotelera.<\/p>\n<p>Destac\u00f3 que el 50 por ciento de los visitantes que se hospedaron en los hoteles de ambos destinos, durante la actual temporada vacacional de verano, proviene del mercado nacional, y el pr\u00f3ximo fin de semana seguir\u00e1 \u201ceste excelente verano\u201d.<\/p>\n<p>\u201cEn las \u00faltimas dos semanas del mes tendremos un decremento en la ocupaci\u00f3n, sin embargo, con lo bueno que fueron las primeras, nos alcanzar\u00e1 para cerrar agosto con 75 puntos\u201d, concluy\u00f3.<\/p>\n<p>[editor]turismo[\/editor]<\/p>\n<div><\/div>\n<p>&nbsp;<\/p>\n","protected":false},"excerpt":{"rendered":"<p>Los centros de hospedaje de la zona hotelera de Canc\u00fan y de Puerto Morelos promediaron 85&hellip;<\/p>\n","protected":false},"author":2,"featured_media":4154,"comment_status":"open","ping_status":"open","sticky":false,"template":"","format":"standard","meta":{"_acf_changed":false,"_lmt_disableupdate":"","_lmt_disable":"","_mbp_gutenberg_autopost":false,"footnotes":""},"categories":[23,8],"tags":[],"class_list":["post-4152","post","type-post","status-publish","format-standard","has-post-thumbnail","hentry","category-noticias","category-turismo"],"acf":[],"_links":{"self":[{"href":"https:\/\/l21.mx\/index.php?rest_route=\/wp\/v2\/posts\/4152","targetHints":{"allow":["GET"]}}],"collection":[{"href":"https:\/\/l21.mx\/index.php?rest_route=\/wp\/v2\/posts"}],"about":[{"href":"https:\/\/l21.mx\/index.php?rest_route=\/wp\/v2\/types\/post"}],"author":[{"embeddable":true,"href":"https:\/\/l21.mx\/index.php?rest_route=\/wp\/v2\/users\/2"}],"replies":[{"embeddable":true,"href":"https:\/\/l21.mx\/index.php?rest_route=%2Fwp%2Fv2%2Fcomments&post=4152"}],"version-history":[{"count":0,"href":"https:\/\/l21.mx\/index.php?rest_route=\/wp\/v2\/posts\/4152\/revisions"}],"wp:featuredmedia":[{"embeddable":true,"href":"https:\/\/l21.mx\/index.php?rest_route=\/wp\/v2\/media\/4154"}],"wp:attachment":[{"href":"https:\/\/l21.mx\/index.php?rest_route=%2Fwp%2Fv2%2Fmedia&parent=4152"}],"wp:term":[{"taxonomy":"category","embeddable":true,"href":"https:\/\/l21.mx\/index.php?rest_route=%2Fwp%2Fv2%2Fcategories&post=4152"},{"taxonomy":"post_tag","embeddable":true,"href":"https:\/\/l21.mx\/index.php?rest_route=%2Fwp%2Fv2%2Ftags&post=4152"}],"curies":[{"name":"wp","href":"https:\/\/api.w.org\/{rel}","templated":true}]}}