{"id":42062,"date":"2020-03-20T13:55:00","date_gmt":"2020-03-20T18:55:00","guid":{"rendered":"https:\/\/l21.mx\/?p=42062"},"modified":"2021-04-28T12:28:07","modified_gmt":"2021-04-28T17:28:07","slug":"cptq-informa-al-congreso-acciones-de-promocion-turistica","status":"publish","type":"post","link":"https:\/\/l21.mx\/?p=42062","title":{"rendered":"CPTQ informa al Congreso acciones de promoci\u00f3n tur\u00edstica"},"content":{"rendered":"<p>El director general del Consejo de Promocio\u0301n Turi\u0301stica de Quintana Roo (CPTQ), Dari\u0301o Flota Ocampo, presento\u0301 un informe a la Comisio\u0301n de Turismo y Asuntos Internacionales del Congreso del Estado, sobre las estrategias y mecanismos de promoci\u00f3n que el CPTQ, est\u00e1 realizando.<\/p>\n<p>La reunio\u0301n sirvio\u0301 para ofrecer un reporte sobre las tareas que se han establecido para este a\u00f1o.<\/p>\n<p>Adem\u00e1s, las nuevas proyecciones, agenda y propuestas de innovaci\u00f3n en materia tur\u00edstica.<\/p>\n<p>Establecio\u0301 que ante el COVID 19, la coordinacio\u0301n de atencio\u0301n a turistas estara\u0301 a cargo de la Secretari\u0301a de Turismo de Quintana Roo.<\/p>\n<p>Dijo que la prioridad del CPTQ es mantener una estrecha comunicacio\u0301n con:<\/p>\n<ul>\n<li>Li\u0301neas ae\u0301reas<\/li>\n<li>Agencias de viajes<\/li>\n<li>Tour operadores y mayoristas<\/li>\n<\/ul>\n<p>Todo esto para conocer su situacio\u0301n, posibles cancelaciones o fechas de operacio\u0301n.<\/p>\n<blockquote><p>\u201cEstamos informando a los integrantes de la industria turi\u0301stica del estado la situacio\u0301n para privilegiar la tranquilidad, la consulta de informacio\u0301n oficial y la proteccio\u0301n de las fuentes de empleo\u201d.<\/p><\/blockquote>\n<h3>Planes a mediano plazo<\/h3>\n<p>Coment\u00f3 que tambie\u0301n alistan planes de promocio\u0301n para que, al concluir la contingencia se reactive la actividad econo\u0301mica lo m\u00e1s pronto posible.<\/p>\n<p>Flota Ocampo enfatizo\u0301 que Quintana Roo tiene la confianza, como en otras ocasiones, en el turismo nacional para que juegue un papel importante en la recuperacio\u0301n del sector.<\/p>\n<p>Por ello trabajan desde ahora en mecanismos viables y alternativas para relanzar los espacios de promocio\u0301n en las ciudades del pai\u0301s.<\/p>\n<p><a href=\"https:\/\/l21.mx\/wp-content\/uploads\/2020\/03\/CPTQ-2.jpeg\" data-rel=\"penci-gallery-image-content\" ><img fetchpriority=\"high\" decoding=\"async\" class=\"alignnone size-large wp-image-42064\" src=\"https:\/\/l21.mx\/wp-content\/uploads\/2020\/03\/CPTQ-2-1024x404.jpeg\" alt=\"\" width=\"640\" height=\"253\" srcset=\"https:\/\/l21.mx\/wp-content\/uploads\/2020\/03\/CPTQ-2-1024x404.jpeg 1024w, https:\/\/l21.mx\/wp-content\/uploads\/2020\/03\/CPTQ-2-300x118.jpeg 300w, https:\/\/l21.mx\/wp-content\/uploads\/2020\/03\/CPTQ-2-768x303.jpeg 768w, https:\/\/l21.mx\/wp-content\/uploads\/2020\/03\/CPTQ-2-1170x462.jpeg 1170w, https:\/\/l21.mx\/wp-content\/uploads\/2020\/03\/CPTQ-2-585x231.jpeg 585w, https:\/\/l21.mx\/wp-content\/uploads\/2020\/03\/CPTQ-2.jpeg 1280w\" sizes=\"(max-width: 640px) 100vw, 640px\" \/><\/a><\/p>\n<p>Finalmente expuso que las estrategias de promocio\u0301n ira\u0301n cambiando de acuerdo al avance de este tema a nivel mundial.<\/p>\n<p>Sobre todo, enfocadas hacia el segundo semestre del an\u0303o, para impulsar la promocio\u0301n de los destinos turi\u0301sticos del estado de Quintana Roo.<\/p>\n<p>Estuvieron los diputados:<\/p>\n<p>Carlos Herna\u0301ndez Blanco, presidente de la Comisio\u0301n de Turismo y Asuntos Internacionales<\/p>\n<ul>\n<li>Euterpe Gutie\u0301rrez Valasis<\/li>\n<li>Ana Pamplona Rami\u0301rez<\/li>\n<li>Erika Castillo Acosta<\/li>\n<li>Erick Miranda Garci\u0301a<\/li>\n<li>Fernando Cha\u0301vez Zepeda<\/li>\n<li>Herna\u0301n Villatoro Barrios<\/li>\n<\/ul>\n","protected":false},"excerpt":{"rendered":"<p>El director general del Consejo de Promocio\u0301n Turi\u0301stica de Quintana Roo (CPTQ), Dari\u0301o Flota Ocampo, presento\u0301&hellip;<\/p>\n","protected":false},"author":100,"featured_media":42063,"comment_status":"open","ping_status":"open","sticky":false,"template":"","format":"standard","meta":{"_acf_changed":false,"_lmt_disableupdate":"","_lmt_disable":"","_mbp_gutenberg_autopost":false,"footnotes":""},"categories":[23],"tags":[],"class_list":["post-42062","post","type-post","status-publish","format-standard","has-post-thumbnail","hentry","category-noticias"],"acf":[],"yoast_head":"<!-- This site is optimized with the Yoast SEO plugin v27.3 - https:\/\/yoast.com\/product\/yoast-seo-wordpress\/ -->\n<title>CPTQ informa al Congreso acciones de promoci\u00f3n tur\u00edstica<\/title>\n<meta name=\"description\" content=\"El director general del CPTQ, Dari\u0301o Flota Ocampo, presento\u0301 un informe al Congreso del Estado, sobre las estrategias y mecanismos de promoci\u00f3n\" \/>\n<meta name=\"robots\" content=\"index, follow, max-snippet:-1, max-image-preview:large, max-video-preview:-1\" \/>\n<link rel=\"canonical\" href=\"https:\/\/l21.mx\/?p=42062\" \/>\n<meta name=\"twitter:card\" content=\"summary_large_image\" \/>\n<meta name=\"twitter:title\" content=\"CPTQ informa al Congreso acciones de promoci\u00f3n tur\u00edstica\" \/>\n<meta name=\"twitter:description\" content=\"El director general del CPTQ, Dari\u0301o Flota Ocampo, presento\u0301 un informe al Congreso del Estado, sobre las estrategias y mecanismos de promoci\u00f3n\" \/>\n<meta name=\"twitter:image\" content=\"https:\/\/l21.mx\/wp-content\/uploads\/2020\/03\/CPTQ-1.jpeg\" \/>\n<meta name=\"twitter:creator\" content=\"@Latitud21mx\" \/>\n<meta name=\"twitter:site\" content=\"@Latitud21mx\" \/>\n<meta name=\"twitter:label1\" content=\"Escrito por\" \/>\n\t<meta name=\"twitter:data1\" content=\"NellyG\" \/>\n\t<meta name=\"twitter:label2\" content=\"Tiempo de lectura\" \/>\n\t<meta name=\"twitter:data2\" content=\"2 minutos\" \/>\n<script type=\"application\/ld+json\" class=\"yoast-schema-graph\">{\"@context\":\"https:\\\/\\\/schema.org\",\"@graph\":[{\"@type\":\"Article\",\"@id\":\"https:\\\/\\\/l21.mx\\\/?p=42062#article\",\"isPartOf\":{\"@id\":\"https:\\\/\\\/l21.mx\\\/?p=42062\"},\"author\":{\"name\":\"NellyG\",\"@id\":\"https:\\\/\\\/l21.mx\\\/#\\\/schema\\\/person\\\/cca68595b80b2f6c4c55a8b254bfbb2a\"},\"headline\":\"CPTQ informa al Congreso acciones de promoci\u00f3n tur\u00edstica\",\"datePublished\":\"2020-03-20T18:55:00+00:00\",\"dateModified\":\"2021-04-28T17:28:07+00:00\",\"mainEntityOfPage\":{\"@id\":\"https:\\\/\\\/l21.mx\\\/?p=42062\"},\"wordCount\":356,\"commentCount\":0,\"publisher\":{\"@id\":\"https:\\\/\\\/l21.mx\\\/#organization\"},\"image\":{\"@id\":\"https:\\\/\\\/l21.mx\\\/?p=42062#primaryimage\"},\"thumbnailUrl\":\"https:\\\/\\\/l21.mx\\\/wp-content\\\/uploads\\\/2020\\\/03\\\/CPTQ-1.jpeg\",\"articleSection\":[\"Noticias\"],\"inLanguage\":\"es\",\"potentialAction\":[{\"@type\":\"CommentAction\",\"name\":\"Comment\",\"target\":[\"https:\\\/\\\/l21.mx\\\/?p=42062#respond\"]}]},{\"@type\":\"WebPage\",\"@id\":\"https:\\\/\\\/l21.mx\\\/?p=42062\",\"url\":\"https:\\\/\\\/l21.mx\\\/?p=42062\",\"name\":\"CPTQ informa al Congreso acciones de promoci\u00f3n tur\u00edstica\",\"isPartOf\":{\"@id\":\"https:\\\/\\\/l21.mx\\\/#website\"},\"primaryImageOfPage\":{\"@id\":\"https:\\\/\\\/l21.mx\\\/?p=42062#primaryimage\"},\"image\":{\"@id\":\"https:\\\/\\\/l21.mx\\\/?p=42062#primaryimage\"},\"thumbnailUrl\":\"https:\\\/\\\/l21.mx\\\/wp-content\\\/uploads\\\/2020\\\/03\\\/CPTQ-1.jpeg\",\"datePublished\":\"2020-03-20T18:55:00+00:00\",\"dateModified\":\"2021-04-28T17:28:07+00:00\",\"description\":\"El director general del CPTQ, Dari\u0301o Flota Ocampo, presento\u0301 un informe al Congreso del Estado, sobre las estrategias y mecanismos de promoci\u00f3n\",\"breadcrumb\":{\"@id\":\"https:\\\/\\\/l21.mx\\\/?p=42062#breadcrumb\"},\"inLanguage\":\"es\",\"potentialAction\":[{\"@type\":\"ReadAction\",\"target\":[\"https:\\\/\\\/l21.mx\\\/?p=42062\"]}]},{\"@type\":\"ImageObject\",\"inLanguage\":\"es\",\"@id\":\"https:\\\/\\\/l21.mx\\\/?p=42062#primaryimage\",\"url\":\"https:\\\/\\\/l21.mx\\\/wp-content\\\/uploads\\\/2020\\\/03\\\/CPTQ-1.jpeg\",\"contentUrl\":\"https:\\\/\\\/l21.mx\\\/wp-content\\\/uploads\\\/2020\\\/03\\\/CPTQ-1.jpeg\",\"width\":1280,\"height\":642},{\"@type\":\"BreadcrumbList\",\"@id\":\"https:\\\/\\\/l21.mx\\\/?p=42062#breadcrumb\",\"itemListElement\":[{\"@type\":\"ListItem\",\"position\":1,\"name\":\"Portada\",\"item\":\"https:\\\/\\\/l21.mx\\\/\"},{\"@type\":\"ListItem\",\"position\":2,\"name\":\"CPTQ informa al Congreso acciones de promoci\u00f3n tur\u00edstica\"}]},{\"@type\":\"WebSite\",\"@id\":\"https:\\\/\\\/l21.mx\\\/#website\",\"url\":\"https:\\\/\\\/l21.mx\\\/\",\"name\":\"Revista Latitud 21\",\"description\":\"Emprendedores  y negocios en el Caribe Mexicano\",\"publisher\":{\"@id\":\"https:\\\/\\\/l21.mx\\\/#organization\"},\"potentialAction\":[{\"@type\":\"SearchAction\",\"target\":{\"@type\":\"EntryPoint\",\"urlTemplate\":\"https:\\\/\\\/l21.mx\\\/?s={search_term_string}\"},\"query-input\":{\"@type\":\"PropertyValueSpecification\",\"valueRequired\":true,\"valueName\":\"search_term_string\"}}],\"inLanguage\":\"es\"},{\"@type\":\"Organization\",\"@id\":\"https:\\\/\\\/l21.mx\\\/#organization\",\"name\":\"Grupo Editorial Latitud 21 SA de CV\",\"url\":\"https:\\\/\\\/l21.mx\\\/\",\"logo\":{\"@type\":\"ImageObject\",\"inLanguage\":\"es\",\"@id\":\"https:\\\/\\\/l21.mx\\\/#\\\/schema\\\/logo\\\/image\\\/\",\"url\":\"https:\\\/\\\/l21.mx\\\/wp-content\\\/uploads\\\/2020\\\/10\\\/logo-l21-baja.jpg\",\"contentUrl\":\"https:\\\/\\\/l21.mx\\\/wp-content\\\/uploads\\\/2020\\\/10\\\/logo-l21-baja.jpg\",\"width\":250,\"height\":250,\"caption\":\"Grupo Editorial Latitud 21 SA de CV\"},\"image\":{\"@id\":\"https:\\\/\\\/l21.mx\\\/#\\\/schema\\\/logo\\\/image\\\/\"},\"sameAs\":[\"https:\\\/\\\/www.facebook.com\\\/RevistaLatitud21\\\/\",\"https:\\\/\\\/x.com\\\/Latitud21mx\"]},{\"@type\":\"Person\",\"@id\":\"https:\\\/\\\/l21.mx\\\/#\\\/schema\\\/person\\\/cca68595b80b2f6c4c55a8b254bfbb2a\",\"name\":\"NellyG\",\"url\":\"https:\\\/\\\/l21.mx\\\/?author=100\"}]}<\/script>\n<!-- \/ Yoast SEO plugin. -->","yoast_head_json":{"title":"CPTQ informa al Congreso acciones de promoci\u00f3n tur\u00edstica","description":"El director general del CPTQ, Dari\u0301o Flota Ocampo, presento\u0301 un informe al Congreso del Estado, sobre las estrategias y mecanismos de promoci\u00f3n","robots":{"index":"index","follow":"follow","max-snippet":"max-snippet:-1","max-image-preview":"max-image-preview:large","max-video-preview":"max-video-preview:-1"},"canonical":"https:\/\/l21.mx\/?p=42062","twitter_card":"summary_large_image","twitter_title":"CPTQ informa al Congreso acciones de promoci\u00f3n tur\u00edstica","twitter_description":"El director general del CPTQ, Dari\u0301o Flota Ocampo, presento\u0301 un informe al Congreso del Estado, sobre las estrategias y mecanismos de promoci\u00f3n","twitter_image":"https:\/\/l21.mx\/wp-content\/uploads\/2020\/03\/CPTQ-1.jpeg","twitter_creator":"@Latitud21mx","twitter_site":"@Latitud21mx","twitter_misc":{"Escrito por":"NellyG","Tiempo de lectura":"2 minutos"},"schema":{"@context":"https:\/\/schema.org","@graph":[{"@type":"Article","@id":"https:\/\/l21.mx\/?p=42062#article","isPartOf":{"@id":"https:\/\/l21.mx\/?p=42062"},"author":{"name":"NellyG","@id":"https:\/\/l21.mx\/#\/schema\/person\/cca68595b80b2f6c4c55a8b254bfbb2a"},"headline":"CPTQ informa al Congreso acciones de promoci\u00f3n tur\u00edstica","datePublished":"2020-03-20T18:55:00+00:00","dateModified":"2021-04-28T17:28:07+00:00","mainEntityOfPage":{"@id":"https:\/\/l21.mx\/?p=42062"},"wordCount":356,"commentCount":0,"publisher":{"@id":"https:\/\/l21.mx\/#organization"},"image":{"@id":"https:\/\/l21.mx\/?p=42062#primaryimage"},"thumbnailUrl":"https:\/\/l21.mx\/wp-content\/uploads\/2020\/03\/CPTQ-1.jpeg","articleSection":["Noticias"],"inLanguage":"es","potentialAction":[{"@type":"CommentAction","name":"Comment","target":["https:\/\/l21.mx\/?p=42062#respond"]}]},{"@type":"WebPage","@id":"https:\/\/l21.mx\/?p=42062","url":"https:\/\/l21.mx\/?p=42062","name":"CPTQ informa al Congreso acciones de promoci\u00f3n tur\u00edstica","isPartOf":{"@id":"https:\/\/l21.mx\/#website"},"primaryImageOfPage":{"@id":"https:\/\/l21.mx\/?p=42062#primaryimage"},"image":{"@id":"https:\/\/l21.mx\/?p=42062#primaryimage"},"thumbnailUrl":"https:\/\/l21.mx\/wp-content\/uploads\/2020\/03\/CPTQ-1.jpeg","datePublished":"2020-03-20T18:55:00+00:00","dateModified":"2021-04-28T17:28:07+00:00","description":"El director general del CPTQ, Dari\u0301o Flota Ocampo, presento\u0301 un informe al Congreso del Estado, sobre las estrategias y mecanismos de promoci\u00f3n","breadcrumb":{"@id":"https:\/\/l21.mx\/?p=42062#breadcrumb"},"inLanguage":"es","potentialAction":[{"@type":"ReadAction","target":["https:\/\/l21.mx\/?p=42062"]}]},{"@type":"ImageObject","inLanguage":"es","@id":"https:\/\/l21.mx\/?p=42062#primaryimage","url":"https:\/\/l21.mx\/wp-content\/uploads\/2020\/03\/CPTQ-1.jpeg","contentUrl":"https:\/\/l21.mx\/wp-content\/uploads\/2020\/03\/CPTQ-1.jpeg","width":1280,"height":642},{"@type":"BreadcrumbList","@id":"https:\/\/l21.mx\/?p=42062#breadcrumb","itemListElement":[{"@type":"ListItem","position":1,"name":"Portada","item":"https:\/\/l21.mx\/"},{"@type":"ListItem","position":2,"name":"CPTQ informa al Congreso acciones de promoci\u00f3n tur\u00edstica"}]},{"@type":"WebSite","@id":"https:\/\/l21.mx\/#website","url":"https:\/\/l21.mx\/","name":"Revista Latitud 21","description":"Emprendedores  y negocios en el Caribe Mexicano","publisher":{"@id":"https:\/\/l21.mx\/#organization"},"potentialAction":[{"@type":"SearchAction","target":{"@type":"EntryPoint","urlTemplate":"https:\/\/l21.mx\/?s={search_term_string}"},"query-input":{"@type":"PropertyValueSpecification","valueRequired":true,"valueName":"search_term_string"}}],"inLanguage":"es"},{"@type":"Organization","@id":"https:\/\/l21.mx\/#organization","name":"Grupo Editorial Latitud 21 SA de CV","url":"https:\/\/l21.mx\/","logo":{"@type":"ImageObject","inLanguage":"es","@id":"https:\/\/l21.mx\/#\/schema\/logo\/image\/","url":"https:\/\/l21.mx\/wp-content\/uploads\/2020\/10\/logo-l21-baja.jpg","contentUrl":"https:\/\/l21.mx\/wp-content\/uploads\/2020\/10\/logo-l21-baja.jpg","width":250,"height":250,"caption":"Grupo Editorial Latitud 21 SA de CV"},"image":{"@id":"https:\/\/l21.mx\/#\/schema\/logo\/image\/"},"sameAs":["https:\/\/www.facebook.com\/RevistaLatitud21\/","https:\/\/x.com\/Latitud21mx"]},{"@type":"Person","@id":"https:\/\/l21.mx\/#\/schema\/person\/cca68595b80b2f6c4c55a8b254bfbb2a","name":"NellyG","url":"https:\/\/l21.mx\/?author=100"}]}},"amp_enabled":true,"_links":{"self":[{"href":"https:\/\/l21.mx\/index.php?rest_route=\/wp\/v2\/posts\/42062","targetHints":{"allow":["GET"]}}],"collection":[{"href":"https:\/\/l21.mx\/index.php?rest_route=\/wp\/v2\/posts"}],"about":[{"href":"https:\/\/l21.mx\/index.php?rest_route=\/wp\/v2\/types\/post"}],"author":[{"embeddable":true,"href":"https:\/\/l21.mx\/index.php?rest_route=\/wp\/v2\/users\/100"}],"replies":[{"embeddable":true,"href":"https:\/\/l21.mx\/index.php?rest_route=%2Fwp%2Fv2%2Fcomments&post=42062"}],"version-history":[{"count":1,"href":"https:\/\/l21.mx\/index.php?rest_route=\/wp\/v2\/posts\/42062\/revisions"}],"predecessor-version":[{"id":42065,"href":"https:\/\/l21.mx\/index.php?rest_route=\/wp\/v2\/posts\/42062\/revisions\/42065"}],"wp:featuredmedia":[{"embeddable":true,"href":"https:\/\/l21.mx\/index.php?rest_route=\/wp\/v2\/media\/42063"}],"wp:attachment":[{"href":"https:\/\/l21.mx\/index.php?rest_route=%2Fwp%2Fv2%2Fmedia&parent=42062"}],"wp:term":[{"taxonomy":"category","embeddable":true,"href":"https:\/\/l21.mx\/index.php?rest_route=%2Fwp%2Fv2%2Fcategories&post=42062"},{"taxonomy":"post_tag","embeddable":true,"href":"https:\/\/l21.mx\/index.php?rest_route=%2Fwp%2Fv2%2Ftags&post=42062"}],"curies":[{"name":"wp","href":"https:\/\/api.w.org\/{rel}","templated":true}]}}