{"id":42067,"date":"2020-03-26T12:40:44","date_gmt":"2020-03-26T17:40:44","guid":{"rendered":"https:\/\/l21.mx\/?p=42067"},"modified":"2021-04-28T12:28:00","modified_gmt":"2021-04-28T17:28:00","slug":"restaurantes-de-cancun-piden-apoyos-al-gobierno-federal-ante-la-emergencia","status":"publish","type":"post","link":"https:\/\/l21.mx\/?p=42067","title":{"rendered":"Restaurantes de Canc\u00fan piden apoyos al gobierno federal ante la emergencia"},"content":{"rendered":"<p>Ante la emergencia por el coronavirus covid19, restaurantes de Canc\u00fan, Puerto Morelos e Isla Mujeres piden al gobierno federal apoyos.<\/p>\n<p>La C\u00e1mara Nacional de la Industria Restaurantera (Canirac) delegaci\u00f3n Canc\u00fan, envi\u00f3 un documento al presidente Andr\u00e9s Manuel L\u00f3pez Obrador.<\/p>\n<blockquote><p>\u00abHacemos llegar nuestra preocupaci\u00f3n, consternaci\u00f3n y en algunos casos desesperaci\u00f3n\u00bb.<\/p><\/blockquote>\n<p>En el oficio firmado por Marcy Bezaleel, l\u00edder de Canirac Canc\u00fan, destacan que por emergencia hay baja afluencia y nulo turismo.<\/p>\n<h3>Reclaman falta de apoyos<\/h3>\n<p>Reconocen que ante la falta de apoyos, se ha creado entre la ciudadan\u00eda y empresarios, un sentir de desolaci\u00f3n.<\/p>\n<blockquote><p>\u00abHemos visto acciones casi nulas por parte de las autoridades federales, que se resumen en exhortos y buenas intenciones, mismas que se agradecen, pero no resuelven\u00bb.<\/p><\/blockquote>\n<p>Canirac Canc\u00fan agrupa a m\u00e1s de 300 agremiados que dan trabajo a directo a m\u00e1s de 5 mil personas.<\/p>\n<p>Indirectamente, son m\u00e1s de 50 mil beneficiados en rubros comercial, industrial, agr\u00edcola, etc..<\/p>\n<p>Dicen que les preocupa que con exhortos y buenos deseos \u00abno podremos mantener la econom\u00eda de todos ellos, por un tiempo prolongado\u00bb.<\/p>\n<p>Marcy Bezaleel dice que como portavoz de todos estos empresarios y colaboradores, transmiten algunas peticiones.<\/p>\n<p><a href=\"https:\/\/l21.mx\/wp-content\/uploads\/2020\/03\/Marcy-bezaleel.jpeg\" data-rel=\"penci-gallery-image-content\" ><img fetchpriority=\"high\" decoding=\"async\" class=\"alignnone size-large wp-image-42069\" src=\"https:\/\/l21.mx\/wp-content\/uploads\/2020\/03\/Marcy-bezaleel-1024x618.jpeg\" alt=\"\" width=\"640\" height=\"386\" srcset=\"https:\/\/l21.mx\/wp-content\/uploads\/2020\/03\/Marcy-bezaleel-1024x618.jpeg 1024w, https:\/\/l21.mx\/wp-content\/uploads\/2020\/03\/Marcy-bezaleel-300x181.jpeg 300w, https:\/\/l21.mx\/wp-content\/uploads\/2020\/03\/Marcy-bezaleel-768x463.jpeg 768w, https:\/\/l21.mx\/wp-content\/uploads\/2020\/03\/Marcy-bezaleel-585x353.jpeg 585w, https:\/\/l21.mx\/wp-content\/uploads\/2020\/03\/Marcy-bezaleel.jpeg 1160w\" sizes=\"(max-width: 640px) 100vw, 640px\" \/><\/a><\/p>\n<p>Reiteran que como mexicanos tienen derechos que marca la Constituci\u00f3n y el\u00a0Plan Nacional de Desarrollo del Gobierno de M\u00e9xico 2019-2024<\/p>\n<h3>Las solicitudes de los restaurantes son:<\/h3>\n<h3>1. Pagos provisionales y definitivos de IVA e ISR<\/h3>\n<ul>\n<li>Pr\u00f3rroga de 120 d\u00edas en los pagos provisionales del impuesto sobre la renta (ISR) y pago definitivo del Impuesto al valor agregado (IVA) y retenciones de impuestos sobre la renta e impuesto al valor agregado propios y de terceros.<\/li>\n<li>Contados a partir del pago provisional y definitivo correspondiente al mes de marzo del 2020.<\/li>\n<\/ul>\n<h3>2. Declaraci\u00f3n anual de ISR personas f\u00edsicas y morales<\/h3>\n<ul>\n<li>Una pr\u00f3rroga de 120 d\u00edas h\u00e1biles para la presentaci\u00f3n y pago de los impuestos\u00a0 a partir del 31 de marzo de 2020 y f\u00edsicas a partir del 30 de abril de 2020 correspondiente al ejercicio fiscal 2019.<\/li>\n<li>En el caso de la PTU (Participaci\u00f3n de los Trabajadores a las Utilidades) deber\u00e1n ser pagadas 60 d\u00edas despu\u00e9s de ser presentada la declaraci\u00f3n anual en la fecha prorrogada.<\/li>\n<\/ul>\n<h3>3. CFE<\/h3>\n<ul>\n<li>No piden condonaci\u00f3n ni descuentos, s\u00f3lo pr\u00f3rroga de 120 d\u00edas h\u00e1biles con fechas de pago y\/o corte con fechas de marzo 2020 y en tanto pase la contingencia COVID-19 y sea declarada como superada.<\/li>\n<li>Los montos que se deriven de estos consumos sean diferidos en los siguientes recibos hasta en 12 meses.<\/li>\n<li>Evitar cortes tanto a comercios como a casas habitaci\u00f3n toda vez que ser\u00eda insalubre y promotor de contagios.<\/li>\n<\/ul>\n<h3>4 Aguak\u00e1n<\/h3>\n<ul>\n<li>Piden pr\u00f3rroga de 120 d\u00edas h\u00e1biles para el pago del consumo de agua con fechas de pago y\/o corte con fechas de marzo 2020 y en tanto pase la contingencia COVID-19 y sea declarada como superada.<\/li>\n<li>Tambi\u00e9n que los consumos sean diferidos hasta en 12 meses y que no haya cortes.<\/li>\n<\/ul>\n<h3>5.- IMSS<\/h3>\n<p>Cuotas obrero patronales mensuales y bimestrales con pr\u00f3rroga de 120 d\u00edas h\u00e1biles para el pago a partir de marzo 2020 y en tanto pase la contingencia COVID-19.<\/p>\n<h3>6.- Infonavit<\/h3>\n<p>Las cuotas obrero patronales y amortizaciones de cr\u00e9dito bimestrales piden pr\u00f3rroga de 120 d\u00edas h\u00e1biles y hasta que pague la contingencia..<\/p>\n<h3>7. Arrendamiento de locales comerciales<\/h3>\n<ul>\n<li>Exigimos pr\u00f3rroga de 120 d\u00edas h\u00e1biles con fechas de pago de marzo 2020 y en tanto pase la contingencia COVID-19 y sea declarada como superada.<\/li>\n<li>Los montos que se deriven de estos consumos sean diferidos en los siguientes recibos hasta en 12 meses.<\/li>\n<\/ul>\n<h3>8. Fondeo y financiamiento para operaci\u00f3n<\/h3>\n<ul>\n<li>Piden declarar emergencia nacional por pandemia y se haga uso del fondo creado por la C\u00e1mara de Diputados (180 mil 733 millones de pesos)<\/li>\n<li>O fondos necesarios para a trav\u00e9s de la banca de desarrollo se puedan otorgar financiamientos a tasas blandas o cero<\/li>\n<li>Peque\u00f1as y medianas empresas son los generadores del 70% empleo formal.<\/li>\n<li>Solicitamos no se haga a trav\u00e9s de la banca comercial pues entorpecer\u00eda y demorar\u00eda los tiempos de fondeo dando como resultado el quiebre o bancarrota de m\u00e1s del 50% de las PYMES<\/li>\n<li>Estos fondos deber\u00e1n implementarse de manera INMEDIATA una vez superada la contingencia sanitaria COVID-19.<\/li>\n<\/ul>\n<p>Exigen respuestas inmediatas, pues aseguran que a partir de la fase 2 de la pandemia, ser\u00e1 pr\u00e1cticamente imposible mantener a las familias que dependen de los ingresos de las PYMES.<\/p>\n<blockquote><p>\u00abExhortamos y alzamos la voz para hacer valer nuestros derechos como ciudadanos de este pa\u00eds\u00bb.<\/p><\/blockquote>\n","protected":false},"excerpt":{"rendered":"<p>Ante la emergencia por el coronavirus covid19, restaurantes de Canc\u00fan, Puerto Morelos e Isla Mujeres piden&hellip;<\/p>\n","protected":false},"author":100,"featured_media":42068,"comment_status":"open","ping_status":"open","sticky":false,"template":"","format":"standard","meta":{"_acf_changed":false,"_lmt_disableupdate":"","_lmt_disable":"","_mbp_gutenberg_autopost":false,"footnotes":""},"categories":[23],"tags":[48,846,781,386],"class_list":["post-42067","post","type-post","status-publish","format-standard","has-post-thumbnail","hentry","category-noticias","tag-cancun","tag-canirac","tag-coronavirus","tag-restaurantes"],"acf":[],"yoast_head":"<!-- This site is optimized with the Yoast SEO plugin v27.3 - https:\/\/yoast.com\/product\/yoast-seo-wordpress\/ -->\n<title>Restaurantes de Canc\u00fan piden apoyos al gobierno federal ante la emergencia<\/title>\n<meta name=\"description\" content=\"Ante la emergencia por el coronavirus covid19, restaurantes de Canc\u00fan, Puerto Morelos e Isla Mujeres piden al gobierno federal apoyos.\" \/>\n<meta name=\"robots\" content=\"index, follow, max-snippet:-1, max-image-preview:large, max-video-preview:-1\" \/>\n<link rel=\"canonical\" href=\"https:\/\/l21.mx\/?p=42067\" \/>\n<meta name=\"twitter:card\" content=\"summary_large_image\" \/>\n<meta name=\"twitter:title\" content=\"Restaurantes de Canc\u00fan piden apoyos al gobierno federal ante la emergencia\" \/>\n<meta name=\"twitter:description\" content=\"Ante la emergencia por el coronavirus covid19, restaurantes de Canc\u00fan, Puerto Morelos e Isla Mujeres piden al gobierno federal apoyos.\" \/>\n<meta name=\"twitter:image\" content=\"https:\/\/l21.mx\/wp-content\/uploads\/2020\/03\/restaurantes-cancun.jpg\" \/>\n<meta name=\"twitter:creator\" content=\"@Latitud21mx\" \/>\n<meta name=\"twitter:site\" content=\"@Latitud21mx\" \/>\n<meta name=\"twitter:label1\" content=\"Escrito por\" \/>\n\t<meta name=\"twitter:data1\" content=\"NellyG\" \/>\n\t<meta name=\"twitter:label2\" content=\"Tiempo de lectura\" \/>\n\t<meta name=\"twitter:data2\" content=\"4 minutos\" \/>\n<script type=\"application\/ld+json\" class=\"yoast-schema-graph\">{\"@context\":\"https:\\\/\\\/schema.org\",\"@graph\":[{\"@type\":\"Article\",\"@id\":\"https:\\\/\\\/l21.mx\\\/?p=42067#article\",\"isPartOf\":{\"@id\":\"https:\\\/\\\/l21.mx\\\/?p=42067\"},\"author\":{\"name\":\"NellyG\",\"@id\":\"https:\\\/\\\/l21.mx\\\/#\\\/schema\\\/person\\\/cca68595b80b2f6c4c55a8b254bfbb2a\"},\"headline\":\"Restaurantes de Canc\u00fan piden apoyos al gobierno federal ante la emergencia\",\"datePublished\":\"2020-03-26T17:40:44+00:00\",\"dateModified\":\"2021-04-28T17:28:00+00:00\",\"mainEntityOfPage\":{\"@id\":\"https:\\\/\\\/l21.mx\\\/?p=42067\"},\"wordCount\":777,\"commentCount\":0,\"publisher\":{\"@id\":\"https:\\\/\\\/l21.mx\\\/#organization\"},\"image\":{\"@id\":\"https:\\\/\\\/l21.mx\\\/?p=42067#primaryimage\"},\"thumbnailUrl\":\"https:\\\/\\\/l21.mx\\\/wp-content\\\/uploads\\\/2020\\\/03\\\/restaurantes-cancun.jpg\",\"keywords\":[\"Cancun\",\"Canirac\",\"coronavirus\",\"Restaurantes\"],\"articleSection\":[\"Noticias\"],\"inLanguage\":\"es\",\"potentialAction\":[{\"@type\":\"CommentAction\",\"name\":\"Comment\",\"target\":[\"https:\\\/\\\/l21.mx\\\/?p=42067#respond\"]}]},{\"@type\":\"WebPage\",\"@id\":\"https:\\\/\\\/l21.mx\\\/?p=42067\",\"url\":\"https:\\\/\\\/l21.mx\\\/?p=42067\",\"name\":\"Restaurantes de Canc\u00fan piden apoyos al gobierno federal ante la emergencia\",\"isPartOf\":{\"@id\":\"https:\\\/\\\/l21.mx\\\/#website\"},\"primaryImageOfPage\":{\"@id\":\"https:\\\/\\\/l21.mx\\\/?p=42067#primaryimage\"},\"image\":{\"@id\":\"https:\\\/\\\/l21.mx\\\/?p=42067#primaryimage\"},\"thumbnailUrl\":\"https:\\\/\\\/l21.mx\\\/wp-content\\\/uploads\\\/2020\\\/03\\\/restaurantes-cancun.jpg\",\"datePublished\":\"2020-03-26T17:40:44+00:00\",\"dateModified\":\"2021-04-28T17:28:00+00:00\",\"description\":\"Ante la emergencia por el coronavirus covid19, restaurantes de Canc\u00fan, Puerto Morelos e Isla Mujeres piden al gobierno federal apoyos.\",\"breadcrumb\":{\"@id\":\"https:\\\/\\\/l21.mx\\\/?p=42067#breadcrumb\"},\"inLanguage\":\"es\",\"potentialAction\":[{\"@type\":\"ReadAction\",\"target\":[\"https:\\\/\\\/l21.mx\\\/?p=42067\"]}]},{\"@type\":\"ImageObject\",\"inLanguage\":\"es\",\"@id\":\"https:\\\/\\\/l21.mx\\\/?p=42067#primaryimage\",\"url\":\"https:\\\/\\\/l21.mx\\\/wp-content\\\/uploads\\\/2020\\\/03\\\/restaurantes-cancun.jpg\",\"contentUrl\":\"https:\\\/\\\/l21.mx\\\/wp-content\\\/uploads\\\/2020\\\/03\\\/restaurantes-cancun.jpg\",\"width\":604,\"height\":340},{\"@type\":\"BreadcrumbList\",\"@id\":\"https:\\\/\\\/l21.mx\\\/?p=42067#breadcrumb\",\"itemListElement\":[{\"@type\":\"ListItem\",\"position\":1,\"name\":\"Portada\",\"item\":\"https:\\\/\\\/l21.mx\\\/\"},{\"@type\":\"ListItem\",\"position\":2,\"name\":\"Restaurantes de Canc\u00fan piden apoyos al gobierno federal ante la emergencia\"}]},{\"@type\":\"WebSite\",\"@id\":\"https:\\\/\\\/l21.mx\\\/#website\",\"url\":\"https:\\\/\\\/l21.mx\\\/\",\"name\":\"Revista Latitud 21\",\"description\":\"Emprendedores  y negocios en el Caribe Mexicano\",\"publisher\":{\"@id\":\"https:\\\/\\\/l21.mx\\\/#organization\"},\"potentialAction\":[{\"@type\":\"SearchAction\",\"target\":{\"@type\":\"EntryPoint\",\"urlTemplate\":\"https:\\\/\\\/l21.mx\\\/?s={search_term_string}\"},\"query-input\":{\"@type\":\"PropertyValueSpecification\",\"valueRequired\":true,\"valueName\":\"search_term_string\"}}],\"inLanguage\":\"es\"},{\"@type\":\"Organization\",\"@id\":\"https:\\\/\\\/l21.mx\\\/#organization\",\"name\":\"Grupo Editorial Latitud 21 SA de CV\",\"url\":\"https:\\\/\\\/l21.mx\\\/\",\"logo\":{\"@type\":\"ImageObject\",\"inLanguage\":\"es\",\"@id\":\"https:\\\/\\\/l21.mx\\\/#\\\/schema\\\/logo\\\/image\\\/\",\"url\":\"https:\\\/\\\/l21.mx\\\/wp-content\\\/uploads\\\/2020\\\/10\\\/logo-l21-baja.jpg\",\"contentUrl\":\"https:\\\/\\\/l21.mx\\\/wp-content\\\/uploads\\\/2020\\\/10\\\/logo-l21-baja.jpg\",\"width\":250,\"height\":250,\"caption\":\"Grupo Editorial Latitud 21 SA de CV\"},\"image\":{\"@id\":\"https:\\\/\\\/l21.mx\\\/#\\\/schema\\\/logo\\\/image\\\/\"},\"sameAs\":[\"https:\\\/\\\/www.facebook.com\\\/RevistaLatitud21\\\/\",\"https:\\\/\\\/x.com\\\/Latitud21mx\"]},{\"@type\":\"Person\",\"@id\":\"https:\\\/\\\/l21.mx\\\/#\\\/schema\\\/person\\\/cca68595b80b2f6c4c55a8b254bfbb2a\",\"name\":\"NellyG\",\"url\":\"https:\\\/\\\/l21.mx\\\/?author=100\"}]}<\/script>\n<!-- \/ Yoast SEO plugin. -->","yoast_head_json":{"title":"Restaurantes de Canc\u00fan piden apoyos al gobierno federal ante la emergencia","description":"Ante la emergencia por el coronavirus covid19, restaurantes de Canc\u00fan, Puerto Morelos e Isla Mujeres piden al gobierno federal apoyos.","robots":{"index":"index","follow":"follow","max-snippet":"max-snippet:-1","max-image-preview":"max-image-preview:large","max-video-preview":"max-video-preview:-1"},"canonical":"https:\/\/l21.mx\/?p=42067","twitter_card":"summary_large_image","twitter_title":"Restaurantes de Canc\u00fan piden apoyos al gobierno federal ante la emergencia","twitter_description":"Ante la emergencia por el coronavirus covid19, restaurantes de Canc\u00fan, Puerto Morelos e Isla Mujeres piden al gobierno federal apoyos.","twitter_image":"https:\/\/l21.mx\/wp-content\/uploads\/2020\/03\/restaurantes-cancun.jpg","twitter_creator":"@Latitud21mx","twitter_site":"@Latitud21mx","twitter_misc":{"Escrito por":"NellyG","Tiempo de lectura":"4 minutos"},"schema":{"@context":"https:\/\/schema.org","@graph":[{"@type":"Article","@id":"https:\/\/l21.mx\/?p=42067#article","isPartOf":{"@id":"https:\/\/l21.mx\/?p=42067"},"author":{"name":"NellyG","@id":"https:\/\/l21.mx\/#\/schema\/person\/cca68595b80b2f6c4c55a8b254bfbb2a"},"headline":"Restaurantes de Canc\u00fan piden apoyos al gobierno federal ante la emergencia","datePublished":"2020-03-26T17:40:44+00:00","dateModified":"2021-04-28T17:28:00+00:00","mainEntityOfPage":{"@id":"https:\/\/l21.mx\/?p=42067"},"wordCount":777,"commentCount":0,"publisher":{"@id":"https:\/\/l21.mx\/#organization"},"image":{"@id":"https:\/\/l21.mx\/?p=42067#primaryimage"},"thumbnailUrl":"https:\/\/l21.mx\/wp-content\/uploads\/2020\/03\/restaurantes-cancun.jpg","keywords":["Cancun","Canirac","coronavirus","Restaurantes"],"articleSection":["Noticias"],"inLanguage":"es","potentialAction":[{"@type":"CommentAction","name":"Comment","target":["https:\/\/l21.mx\/?p=42067#respond"]}]},{"@type":"WebPage","@id":"https:\/\/l21.mx\/?p=42067","url":"https:\/\/l21.mx\/?p=42067","name":"Restaurantes de Canc\u00fan piden apoyos al gobierno federal ante la emergencia","isPartOf":{"@id":"https:\/\/l21.mx\/#website"},"primaryImageOfPage":{"@id":"https:\/\/l21.mx\/?p=42067#primaryimage"},"image":{"@id":"https:\/\/l21.mx\/?p=42067#primaryimage"},"thumbnailUrl":"https:\/\/l21.mx\/wp-content\/uploads\/2020\/03\/restaurantes-cancun.jpg","datePublished":"2020-03-26T17:40:44+00:00","dateModified":"2021-04-28T17:28:00+00:00","description":"Ante la emergencia por el coronavirus covid19, restaurantes de Canc\u00fan, Puerto Morelos e Isla Mujeres piden al gobierno federal apoyos.","breadcrumb":{"@id":"https:\/\/l21.mx\/?p=42067#breadcrumb"},"inLanguage":"es","potentialAction":[{"@type":"ReadAction","target":["https:\/\/l21.mx\/?p=42067"]}]},{"@type":"ImageObject","inLanguage":"es","@id":"https:\/\/l21.mx\/?p=42067#primaryimage","url":"https:\/\/l21.mx\/wp-content\/uploads\/2020\/03\/restaurantes-cancun.jpg","contentUrl":"https:\/\/l21.mx\/wp-content\/uploads\/2020\/03\/restaurantes-cancun.jpg","width":604,"height":340},{"@type":"BreadcrumbList","@id":"https:\/\/l21.mx\/?p=42067#breadcrumb","itemListElement":[{"@type":"ListItem","position":1,"name":"Portada","item":"https:\/\/l21.mx\/"},{"@type":"ListItem","position":2,"name":"Restaurantes de Canc\u00fan piden apoyos al gobierno federal ante la emergencia"}]},{"@type":"WebSite","@id":"https:\/\/l21.mx\/#website","url":"https:\/\/l21.mx\/","name":"Revista Latitud 21","description":"Emprendedores  y negocios en el Caribe Mexicano","publisher":{"@id":"https:\/\/l21.mx\/#organization"},"potentialAction":[{"@type":"SearchAction","target":{"@type":"EntryPoint","urlTemplate":"https:\/\/l21.mx\/?s={search_term_string}"},"query-input":{"@type":"PropertyValueSpecification","valueRequired":true,"valueName":"search_term_string"}}],"inLanguage":"es"},{"@type":"Organization","@id":"https:\/\/l21.mx\/#organization","name":"Grupo Editorial Latitud 21 SA de CV","url":"https:\/\/l21.mx\/","logo":{"@type":"ImageObject","inLanguage":"es","@id":"https:\/\/l21.mx\/#\/schema\/logo\/image\/","url":"https:\/\/l21.mx\/wp-content\/uploads\/2020\/10\/logo-l21-baja.jpg","contentUrl":"https:\/\/l21.mx\/wp-content\/uploads\/2020\/10\/logo-l21-baja.jpg","width":250,"height":250,"caption":"Grupo Editorial Latitud 21 SA de CV"},"image":{"@id":"https:\/\/l21.mx\/#\/schema\/logo\/image\/"},"sameAs":["https:\/\/www.facebook.com\/RevistaLatitud21\/","https:\/\/x.com\/Latitud21mx"]},{"@type":"Person","@id":"https:\/\/l21.mx\/#\/schema\/person\/cca68595b80b2f6c4c55a8b254bfbb2a","name":"NellyG","url":"https:\/\/l21.mx\/?author=100"}]}},"amp_enabled":true,"_links":{"self":[{"href":"https:\/\/l21.mx\/index.php?rest_route=\/wp\/v2\/posts\/42067","targetHints":{"allow":["GET"]}}],"collection":[{"href":"https:\/\/l21.mx\/index.php?rest_route=\/wp\/v2\/posts"}],"about":[{"href":"https:\/\/l21.mx\/index.php?rest_route=\/wp\/v2\/types\/post"}],"author":[{"embeddable":true,"href":"https:\/\/l21.mx\/index.php?rest_route=\/wp\/v2\/users\/100"}],"replies":[{"embeddable":true,"href":"https:\/\/l21.mx\/index.php?rest_route=%2Fwp%2Fv2%2Fcomments&post=42067"}],"version-history":[{"count":1,"href":"https:\/\/l21.mx\/index.php?rest_route=\/wp\/v2\/posts\/42067\/revisions"}],"predecessor-version":[{"id":42070,"href":"https:\/\/l21.mx\/index.php?rest_route=\/wp\/v2\/posts\/42067\/revisions\/42070"}],"wp:featuredmedia":[{"embeddable":true,"href":"https:\/\/l21.mx\/index.php?rest_route=\/wp\/v2\/media\/42068"}],"wp:attachment":[{"href":"https:\/\/l21.mx\/index.php?rest_route=%2Fwp%2Fv2%2Fmedia&parent=42067"}],"wp:term":[{"taxonomy":"category","embeddable":true,"href":"https:\/\/l21.mx\/index.php?rest_route=%2Fwp%2Fv2%2Fcategories&post=42067"},{"taxonomy":"post_tag","embeddable":true,"href":"https:\/\/l21.mx\/index.php?rest_route=%2Fwp%2Fv2%2Ftags&post=42067"}],"curies":[{"name":"wp","href":"https:\/\/api.w.org\/{rel}","templated":true}]}}