{"id":42099,"date":"2020-04-03T11:48:29","date_gmt":"2020-04-03T16:48:29","guid":{"rendered":"https:\/\/l21.mx\/?p=42099"},"modified":"2020-04-03T11:54:35","modified_gmt":"2020-04-03T16:54:35","slug":"cerrando-ciclos-2","status":"publish","type":"post","link":"https:\/\/l21.mx\/?p=42099","title":{"rendered":"Cerrando  ciclos"},"content":{"rendered":"\n<figure class=\"wp-block-pullquote\"><blockquote><p><strong>Antonia Rusca<\/strong><\/p><p> arusca@latitud21.com.mx<\/p><\/blockquote><\/figure>\n\n\n\n<p class=\"wp-block-paragraph\">Hace apenas un mes escrib\u00ed en esta columna acerca del aniversario n\u00famero 50 de Canc\u00fan, el cual se conmemora el 20 de abril, y para el que se vislumbraban una gran cantidad de eventos art\u00edsticos, culturales y sociales, ya que medio siglo no se cumple todos los d\u00edas y menos siendo el destino tur\u00edstico m\u00e1s exitoso del pa\u00eds.<\/p>\n\n\n\n<p class=\"wp-block-paragraph\">Pero hoy las cosas han cambiado, el brote del coronavirus que inici\u00f3 en China a finales del a\u00f1o pasado, ha hecho que el panorama d\u00e9 un giro de 180 grados; lo que ser\u00eda una gran fiesta para festejar a nuestra ciudad, se convirti\u00f3 en una insistente recomendaci\u00f3n para que todos permanezcamos en casa, con el fin de tratar de evitar en lo posible el contagio de esta enfermedad que a la fecha ha cobrado la vida de miles de personas en diversos pa\u00edses.<\/p>\n\n\n\n<p class=\"wp-block-paragraph\">Ni hablar, las celebraciones se aplazan para dar paso a lo prioritario: salvaguardar la salud de los cancunenses, en tanto que los empresarios de todos los giros de negocio (principalmente tur\u00edsticos) hacen denodados esfuerzos por mantener la planta laboral y sortear el temporal lo mejor que pueden.<\/p>\n\n\n\n<p class=\"wp-block-paragraph\">Es por esto que la presente edici\u00f3n dedicamos el Dossier a recoger las impresiones de l\u00edderes empresariales, as\u00ed como de nuestras autoridades, acerca de la situaci\u00f3n por la que atravesamos, a la vez que expresan sus recomendaciones para salir lo mejor librados posible de la pandemia del tambi\u00e9n llamado Covid-19.<\/p>\n\n\n\n<p class=\"wp-block-paragraph\">De igual forma nuestro reportaje central es una entrevista con la presidenta municipal de Benito Ju\u00e1rez, <strong>Mara Lezama<\/strong>, quien justo a la mitad de su gesti\u00f3n hace un recuento de los logros obtenidos en diversos rubros, as\u00ed como de lo que viene para el resto del trienio.<\/p>\n\n\n\n<p class=\"wp-block-paragraph\">Para no variar, el contenido es amplio, y el espacio de esta columna se agota, pero en esta ocasi\u00f3n -que es la \u00faltima en la que participo en <strong>L21<\/strong>-, quise reservar las \u00faltimas l\u00edneas para despedirme.<\/p>\n\n\n\n<p class=\"wp-block-paragraph\">Esta edici\u00f3n, la n\u00famero 205 de <strong>L21<\/strong> y la 31 de las que yo he estado al frente, marca el cierre de un ciclo para una servidora, un ciclo lleno de satisfacciones, experiencias y vivencias que sin duda alguna me han enriquecido como periodista y como ser humano.<\/p>\n\n\n\n<p class=\"wp-block-paragraph\">Durante estos dos a\u00f1o y medio retom\u00e9 el trabajo como reportera que por muchos a\u00f1os suspend\u00ed y reforc\u00e9 adem\u00e1s mi experiencia como editora y coordinadora de edici\u00f3n, as\u00ed como tambi\u00e9n tuve la oportunidad de conocer a gente muy valiosa y profesional que me acompa\u00f1\u00f3 en esta etapa profesional.<\/p>\n\n\n\n<p class=\"wp-block-paragraph\">Doy punto final a mi trabajo como directora editorial de<strong> L21<\/strong>, no sin antes expresar mi m\u00e1s profundo agradecimiento para quienes creyeron en m\u00ed para esta encomienda y a los lectores que siempre nos distinguen con su preferencia. De coraz\u00f3n, muchas gracias.<\/p>\n\n\n\n<p class=\"wp-block-paragraph\">Hasta siempre\u2026&nbsp;<br><\/p>\n","protected":false},"excerpt":{"rendered":"<p>Antonia Rusca arusca@latitud21.com.mx Hace apenas un mes escrib\u00ed en esta columna acerca del aniversario n\u00famero 50&hellip;<\/p>\n","protected":false},"author":2,"featured_media":40219,"comment_status":"open","ping_status":"open","sticky":false,"template":"","format":"standard","meta":{"_acf_changed":false,"_lmt_disableupdate":"","_lmt_disable":"","_mbp_gutenberg_autopost":false,"footnotes":""},"categories":[473],"tags":[],"class_list":["post-42099","post","type-post","status-publish","format-standard","has-post-thumbnail","hentry","category-antonia-rusca"],"acf":[],"_links":{"self":[{"href":"https:\/\/l21.mx\/index.php?rest_route=\/wp\/v2\/posts\/42099","targetHints":{"allow":["GET"]}}],"collection":[{"href":"https:\/\/l21.mx\/index.php?rest_route=\/wp\/v2\/posts"}],"about":[{"href":"https:\/\/l21.mx\/index.php?rest_route=\/wp\/v2\/types\/post"}],"author":[{"embeddable":true,"href":"https:\/\/l21.mx\/index.php?rest_route=\/wp\/v2\/users\/2"}],"replies":[{"embeddable":true,"href":"https:\/\/l21.mx\/index.php?rest_route=%2Fwp%2Fv2%2Fcomments&post=42099"}],"version-history":[{"count":0,"href":"https:\/\/l21.mx\/index.php?rest_route=\/wp\/v2\/posts\/42099\/revisions"}],"wp:featuredmedia":[{"embeddable":true,"href":"https:\/\/l21.mx\/index.php?rest_route=\/wp\/v2\/media\/40219"}],"wp:attachment":[{"href":"https:\/\/l21.mx\/index.php?rest_route=%2Fwp%2Fv2%2Fmedia&parent=42099"}],"wp:term":[{"taxonomy":"category","embeddable":true,"href":"https:\/\/l21.mx\/index.php?rest_route=%2Fwp%2Fv2%2Fcategories&post=42099"},{"taxonomy":"post_tag","embeddable":true,"href":"https:\/\/l21.mx\/index.php?rest_route=%2Fwp%2Fv2%2Ftags&post=42099"}],"curies":[{"name":"wp","href":"https:\/\/api.w.org\/{rel}","templated":true}]}}