{"id":42112,"date":"2020-04-03T12:05:17","date_gmt":"2020-04-03T17:05:17","guid":{"rendered":"https:\/\/l21.mx\/?p=42112"},"modified":"2020-07-03T11:21:12","modified_gmt":"2020-07-03T16:21:12","slug":"quintana-roo-despues-de-fitur-2020","status":"publish","type":"post","link":"https:\/\/l21.mx\/?p=42112","title":{"rendered":"Quintana Roo  despu\u00e9s de Fitur 2020"},"content":{"rendered":"\n<figure class=\"wp-block-pullquote\"><blockquote><p><strong>Alejandro Rosel<\/strong><\/p><p> Twitter: @AlejandroRosel7<\/p><\/blockquote><\/figure>\n\n\n\n<p class=\"wp-block-paragraph\"><strong>S<\/strong>in duda, uno de los grandes escaparates tur\u00edsticos a nivel mundial es la Fitur, un espacio que Quintana Roo ha sabido aprovechar de manera exitosa. La oportunidad de exponer lo que tenemos y al mismo tiempo reunirse con los que toman las decisiones sobre qu\u00e9 y d\u00f3nde,&nbsp; le da a esta expedici\u00f3n un valor agregado fundamental para los a\u00f1os futuros.&nbsp;<\/p>\n\n\n\n<p class=\"wp-block-paragraph\">Ahora bien, las pol\u00edticas tur\u00edsticas a nivel federal, las nuevas maneras de comunicar y la forma en la que ahora se hacen negocios obliga a tomar al toro por los cuernos y no soltar lo que por a\u00f1os se ha trabajado y que coloc\u00f3 al estado como el destino tur\u00edstico consentido a nivel nacional e internacional. Por ello es aplaudible el que los empresarios y gobiernos vayan de la mano para trabajar en seguir consolidando a esta tierra como un lugar para invertir y para atraer a los mercados m\u00e1s exigentes. La creaci\u00f3n de la p\u00e1gina Caribe Mexicano y todo lo que alrededor de ella se est\u00e1 haciendo es parte indispensable de este esfuerzo.&nbsp;<\/p>\n\n\n\n<p class=\"wp-block-paragraph\">Los resultados en Espa\u00f1a fueron muy buenos para este para\u00edso pero, \u00bfqu\u00e9 sigue? Simple: no bajar la guardia. As\u00ed como lo lee, es importante para que los esfuerzos rindan frutos el que todos los d\u00edas trabajemos como si fuera el primero, el \u00faltimo y quiz\u00e1 el \u00fanico. De esta manera, los que vivimos en este incre\u00edble lugar debemos de ponernos las pilas y no ceder, colaborar arduamente en ofrecer una ciudad de primera, servicios extraordinarios, trato de excepci\u00f3n, infraestructura sobresaliente, pero sobre todo la calidez que nos caracteriza en esta tierra.&nbsp;<\/p>\n\n\n\n<p class=\"wp-block-paragraph\">Todos los d\u00edas nuevos destinos a nivel internacional surgen como la moda o novedad del momento; sin embargo, existen otros que permanecen en la preferencia de muchos debido a riquezas naturales, gastron\u00f3micas, zonas arqueol\u00f3gicas, museos, monumentos, centros de entretenimiento y esparcimiento y centros comerciales.&nbsp;<\/p>\n\n\n\n<p class=\"wp-block-paragraph\">Todo ello lo tenemos, sin duda para estar a la altura de los grandes y tradicionales destinos a nivel mundial, pero no es responsabilidad de unos o de otros, sino de todos. As\u00ed, de todos. Ya que este engranaje funciona si todos hacemos todo para poder consolidarnos como uno de los mejores destinos a nivel internacional. \u00bfPodemos? \u00bfEst\u00e1s dispuesto?&nbsp;<\/p>\n\n\n\n<p class=\"wp-block-paragraph\">No importa la posici\u00f3n, condici\u00f3n jer\u00e1rquica o econ\u00f3mica. Simplemente se trata de hacer y eso solo es de todos. Las condiciones est\u00e1n dadas, ya algunos hicieron su parte, ahora nos toca a los dem\u00e1s hacer la nuestra. Que el camino sea divertido y exitoso. Hasta la pr\u00f3xima.&nbsp;<br><\/p>\n","protected":false},"excerpt":{"rendered":"<p>Alejandro Rosel Twitter: @AlejandroRosel7 Sin duda, uno de los grandes escaparates tur\u00edsticos a nivel mundial es&hellip;<\/p>\n","protected":false},"author":95,"featured_media":41987,"comment_status":"open","ping_status":"open","sticky":false,"template":"","format":"standard","meta":{"_acf_changed":false,"_lmt_disableupdate":"","_lmt_disable":"","_mbp_gutenberg_autopost":false,"footnotes":""},"categories":[1008],"tags":[],"class_list":["post-42112","post","type-post","status-publish","format-standard","has-post-thumbnail","hentry","category-alejandro-rosel"],"acf":[],"_links":{"self":[{"href":"https:\/\/l21.mx\/index.php?rest_route=\/wp\/v2\/posts\/42112","targetHints":{"allow":["GET"]}}],"collection":[{"href":"https:\/\/l21.mx\/index.php?rest_route=\/wp\/v2\/posts"}],"about":[{"href":"https:\/\/l21.mx\/index.php?rest_route=\/wp\/v2\/types\/post"}],"author":[{"embeddable":true,"href":"https:\/\/l21.mx\/index.php?rest_route=\/wp\/v2\/users\/95"}],"replies":[{"embeddable":true,"href":"https:\/\/l21.mx\/index.php?rest_route=%2Fwp%2Fv2%2Fcomments&post=42112"}],"version-history":[{"count":0,"href":"https:\/\/l21.mx\/index.php?rest_route=\/wp\/v2\/posts\/42112\/revisions"}],"wp:featuredmedia":[{"embeddable":true,"href":"https:\/\/l21.mx\/index.php?rest_route=\/wp\/v2\/media\/41987"}],"wp:attachment":[{"href":"https:\/\/l21.mx\/index.php?rest_route=%2Fwp%2Fv2%2Fmedia&parent=42112"}],"wp:term":[{"taxonomy":"category","embeddable":true,"href":"https:\/\/l21.mx\/index.php?rest_route=%2Fwp%2Fv2%2Fcategories&post=42112"},{"taxonomy":"post_tag","embeddable":true,"href":"https:\/\/l21.mx\/index.php?rest_route=%2Fwp%2Fv2%2Ftags&post=42112"}],"curies":[{"name":"wp","href":"https:\/\/api.w.org\/{rel}","templated":true}]}}