{"id":42125,"date":"2020-04-03T12:05:00","date_gmt":"2020-04-03T17:05:00","guid":{"rendered":"https:\/\/l21.mx\/?p=42125"},"modified":"2020-04-03T12:12:41","modified_gmt":"2020-04-03T17:12:41","slug":"pausa-necesaria","status":"publish","type":"post","link":"https:\/\/l21.mx\/?p=42125","title":{"rendered":"Pausa necesaria"},"content":{"rendered":"\n<figure class=\"wp-block-pullquote\"><blockquote><p><strong>Vicente Ferreyra Acosta<\/strong><\/p><p> Twitter: @sustentur @vicenteferreyra<\/p><\/blockquote><\/figure>\n\n\n\n<p class=\"wp-block-paragraph\"><strong>L<\/strong>a pandemia del Covid-19 ha obligado a los actores del sector tur\u00edstico a tomar medidas dr\u00e1sticas, incluso mucho antes que los gobiernos, incluido el de M\u00e9xico, al que se le ha criticado por su tard\u00eda reacci\u00f3n ante las circunstancias.\u00a0<\/p>\n\n\n\n<p class=\"wp-block-paragraph\">Desde organizaciones globales como el WTTC, que pospuso su Global Summit que se llevar\u00eda a cabo en Canc\u00fan, pasando por la Secretar\u00eda de Turismo Federal y el Gobierno de Yucat\u00e1n que pospuso tambi\u00e9n el Tianguis Tur\u00edstico de M\u00e9xico, hasta empresas como Princess Cruises que han decidido suspender sus cruceros durante 60 d\u00edas.<\/p>\n\n\n\n<p class=\"wp-block-paragraph\">Sin duda esto ha tra\u00eddo y traer\u00e1 consecuencias importantes en la econom\u00eda; las bolsas a nivel global han ca\u00eddo de forma estrepitosa y hay quien ya habla que podr\u00edamos entrar a una recesi\u00f3n global; Bloomberg Economics ha estimado que el costo global en el peor de los escenarios podr\u00eda ser de 2.7 billones de d\u00f3lares.&nbsp;<\/p>\n\n\n\n<p class=\"wp-block-paragraph\">En M\u00e9xico, el Centro de Informaci\u00f3n y Competitividad Tur\u00edstica de la Universidad An\u00e1huac ha estimado que en un caso de impacto severo podr\u00edamos tener disminuci\u00f3n de llegadas de turistas a dos d\u00edgitos (al menos 10%) y se podr\u00eda dar una diminuci\u00f3n de entre 3 y 5% en el PIB tur\u00edstico en 2020 y seguir en n\u00fameros negativos en 2021.&nbsp;<\/p>\n\n\n\n<p class=\"wp-block-paragraph\">Por ello, cualquier medida de contenci\u00f3n debe ser apoyada y llevada a cabo sin ninguna duda.&nbsp;<\/p>\n\n\n\n<p class=\"wp-block-paragraph\">Sin embrago, esta pausa obligada que nos hemos dado en escuelas, trabajos, actividades y viajes tambi\u00e9n debe ponernos a reflexionar sobre algunos temas que van m\u00e1s all\u00e1 del simple hecho de los impactos econ\u00f3micos de la actividad. En este art\u00edculo hablar\u00e9 de uno de ellos, que refiere a la disminuci\u00f3n de los impactos ambientales generados por este proceso.<\/p>\n\n\n\n<p class=\"wp-block-paragraph\">Hace poco le\u00ed que dadas las acciones tomadas por el brote de coronavirus, la generaci\u00f3n de emisiones de CO2 disminuy\u00f3 hasta en 25% en dos semanas, el comercio ilegal de especies como el pangol\u00edn ha disminuido dr\u00e1sticamente y los problemas relacionados con la concentraci\u00f3n de turistas en algunas ciudades europeas se han terminado temporalmente.<\/p>\n\n\n\n<p class=\"wp-block-paragraph\">Y aunque el riesgo de que estos problemas se potencien al momento de levantar las alertas por las pandemias (seguramente las f\u00e1bricas tendr\u00e1n m\u00e1s producci\u00f3n para subsanar las p\u00e9rdidas y la gente viajar\u00e1 m\u00e1s para asistir a eventos, por ejemplo), no puedo dejar de pensar en la teor\u00eda de Gaia de <strong>James Lovelock<\/strong>, que dice que la tierra es un ente que se autorregula para mantenerse a s\u00ed misma.<\/p>\n\n\n\n<p class=\"wp-block-paragraph\">Entretanto se normaliza la situaci\u00f3n, considero que esta pausa debe ser una buena oportunidad para cuestionarnos nuestros estilos de vida y consumo, nuestro rol como actores del sistema tur\u00edstico, nuestra convivencia con los dem\u00e1s (personas y seres vivos) y estar mejor preparados para la incertidumbre, que es la nueva realidad de este planeta.<\/p>\n\n\n\n<p class=\"wp-block-paragraph\">Entretanto, esperemos que el \u201cbache\u201d pase pronto y podamos volver a una nueva normalidad, m\u00e1s conscientes, m\u00e1s preparados y con h\u00e1bitos distintos.&nbsp;<\/p>\n\n\n\n<p class=\"wp-block-paragraph\">*Director general de Sustentur, con m\u00e1s de 20 a\u00f1os de experiencia en el dise\u00f1o de estrategias de turismo sustentable para destinos, empresas y organizaciones en M\u00e9xico y Latinoam\u00e9rica.<br><\/p>\n","protected":false},"excerpt":{"rendered":"<p>Vicente Ferreyra Acosta Twitter: @sustentur @vicenteferreyra La pandemia del Covid-19 ha obligado a los actores del&hellip;<\/p>\n","protected":false},"author":2,"featured_media":36010,"comment_status":"open","ping_status":"open","sticky":false,"template":"","format":"standard","meta":{"_acf_changed":false,"_lmt_disableupdate":"","_lmt_disable":"","_mbp_gutenberg_autopost":false,"footnotes":""},"categories":[1,222],"tags":[],"class_list":["post-42125","post","type-post","status-publish","format-standard","has-post-thumbnail","hentry","category-sin-categoria","category-vicente-ferreyra-acosta"],"acf":[],"_links":{"self":[{"href":"https:\/\/l21.mx\/index.php?rest_route=\/wp\/v2\/posts\/42125","targetHints":{"allow":["GET"]}}],"collection":[{"href":"https:\/\/l21.mx\/index.php?rest_route=\/wp\/v2\/posts"}],"about":[{"href":"https:\/\/l21.mx\/index.php?rest_route=\/wp\/v2\/types\/post"}],"author":[{"embeddable":true,"href":"https:\/\/l21.mx\/index.php?rest_route=\/wp\/v2\/users\/2"}],"replies":[{"embeddable":true,"href":"https:\/\/l21.mx\/index.php?rest_route=%2Fwp%2Fv2%2Fcomments&post=42125"}],"version-history":[{"count":0,"href":"https:\/\/l21.mx\/index.php?rest_route=\/wp\/v2\/posts\/42125\/revisions"}],"wp:featuredmedia":[{"embeddable":true,"href":"https:\/\/l21.mx\/index.php?rest_route=\/wp\/v2\/media\/36010"}],"wp:attachment":[{"href":"https:\/\/l21.mx\/index.php?rest_route=%2Fwp%2Fv2%2Fmedia&parent=42125"}],"wp:term":[{"taxonomy":"category","embeddable":true,"href":"https:\/\/l21.mx\/index.php?rest_route=%2Fwp%2Fv2%2Fcategories&post=42125"},{"taxonomy":"post_tag","embeddable":true,"href":"https:\/\/l21.mx\/index.php?rest_route=%2Fwp%2Fv2%2Ftags&post=42125"}],"curies":[{"name":"wp","href":"https:\/\/api.w.org\/{rel}","templated":true}]}}