{"id":42545,"date":"2020-05-01T13:57:32","date_gmt":"2020-05-01T18:57:32","guid":{"rendered":"https:\/\/l21.mx\/?p=42545"},"modified":"2020-07-03T11:20:42","modified_gmt":"2020-07-03T16:20:42","slug":"y-saca-un-conejo-del-sombrero","status":"publish","type":"post","link":"https:\/\/l21.mx\/?p=42545","title":{"rendered":"\u201cY saca un conejo  del sombrero\u201d"},"content":{"rendered":"\n<figure class=\"wp-block-pullquote\"><blockquote><p><strong>Rub\u00e9n Cort\u00e9s<\/strong><\/p><p> Periodista y escritor<\/p><cite> Twitter @Ruben_Cortes&nbsp;<\/cite><\/blockquote><\/figure>\n\n\n\n<p><strong>Y<\/strong>a no mencion\u00f3 los 400 000 millones de pesos que dec\u00eda tener para enfrentar la crisis, ni que la rifa del avi\u00f3n resolver\u00e1 el cataclismo que viene, pero el presidente dijo hace d\u00edas que \u201chay dinero en caja y no tenemos necesidad de pedir cr\u00e9ditos\u201d.&nbsp;<\/p>\n\n\n\n<p>Alguien tan informado como el Ejecutivo debe saber cu\u00e1ntos son y d\u00f3nde est\u00e1n esos recursos. Nadie m\u00e1s lo sabe. En cambio, lo que s\u00ed se sabe es la caja que recibi\u00f3 este gobierno, y que casi la gast\u00f3 antes de que el Covid-19 surgiera hace cinco meses.&nbsp;<\/p>\n\n\n\n<p>Hay que insistir (para que no se olvide) en que el gobierno anterior le dej\u00f3 una caja de 300 000 millones de pesos para posibles contingencias en los ingresos, que se llama (para que no se olvide) Fondo de Estabilizaci\u00f3n, del cual quedaba solo la mitad en enero.&nbsp;<\/p>\n\n\n\n<p>Por cierto que los ladrones que gobernaron en el sexenio pasado recibieron esa caja con 17 000 millones de pesos y, despu\u00e9s de robar tant\u00edsimo, todav\u00eda les qued\u00f3 para incrementar hasta 300 000 millones la cifra entregada a los honestos para que la gastaran.&nbsp;<\/p>\n\n\n\n<p>Las reservas del Banco de M\u00e9xico estaban en 173 000 millones de d\u00f3lares, las m\u00e1s altas de la historia; mientras la inversi\u00f3n extranjera, tambi\u00e9n la m\u00e1s alta de la historia, se encontraba en 192 000 millones de d\u00f3lares.&nbsp;<\/p>\n\n\n\n<p>Adem\u00e1s, entregaron el gobierno con un aumento de 17% del poder adquisitivo del salario, as\u00ed como cuatro millones de nuevos empleos formales: el 30 de noviembre de 2018 hab\u00eda 20 457 000 trabajadores afiliados al Instituto Mexicano del Seguro Social (IMSS).&nbsp;<\/p>\n\n\n\n<p>Sin embargo, este gobierno cerr\u00f3 el 31 de diciembre de 2019 con 20&nbsp; 421 000 asegurados en el IMSS: no cre\u00f3 ning\u00fan empleo y perdi\u00f3 36 000. \u00bfMucho? Bueno, del 13 de marzo al 6 de abril se perdieron 346 800 empleos.&nbsp;<\/p>\n\n\n\n<p>La propia secretaria del Trabajo inform\u00f3 en una ma\u00f1anera que 150 000 trabajadores se sumaron a la lista de desempleo durante la primera semana de este mes. Las empresas que tienen de cincuenta a mil empleados encabezan la lista de despidos.&nbsp;<\/p>\n\n\n\n<p>Es cierto que la depresi\u00f3n por el Covid-19 afecta a todos los pa\u00edses. M\u00e9xico ser\u00e1, junto con Ecuador, el m\u00e1s da\u00f1ado del continente, lo cual se pudo evitar si la 4T hubiera promovido la inversi\u00f3n privada y tirado menos lana.&nbsp;<\/p>\n\n\n\n<p>Pero hay que creerle a los que saben. Y el mandatario dice que \u201chay dinero en caja, no tenemos necesidad de pedir cr\u00e9ditos\u201d. Son palabras que no resuelven la vida de los mexicanos, aunque seguramente le tranquilizan los nervios.&nbsp;<\/p>\n\n\n\n<p>Y siempre estar\u00e1 el avi\u00f3n presidencial, pues su rifa o su venta multiplicar\u00e1n tanto el dinero\u2026 que no se sabr\u00e1 qu\u00e9 hacer con tanto.&nbsp;<br><\/p>\n","protected":false},"excerpt":{"rendered":"<p>Rub\u00e9n Cort\u00e9s Periodista y escritor Twitter @Ruben_Cortes&nbsp; Ya no mencion\u00f3 los 400 000 millones de pesos&hellip;<\/p>\n","protected":false},"author":2,"featured_media":42546,"comment_status":"open","ping_status":"open","sticky":false,"template":"","format":"standard","meta":{"_acf_changed":false,"_lmt_disableupdate":"","_lmt_disable":"","_mbp_gutenberg_autopost":false,"footnotes":""},"categories":[1009],"tags":[],"class_list":["post-42545","post","type-post","status-publish","format-standard","has-post-thumbnail","hentry","category-ruben-cortes"],"acf":[],"yoast_head":"<!-- This site is optimized with the Yoast SEO plugin v27.3 - https:\/\/yoast.com\/product\/yoast-seo-wordpress\/ -->\n<title>\u201cY saca un conejo del sombrero\u201d | Revista Latitud 21<\/title>\n<meta name=\"description\" content=\"L21, Emprendedores y Negocios en el Caribe Mexicano, es la revista l\u00edder entre el Sector Empresarial y Tur\u00edstico del Caribe Mexicano.\" \/>\n<meta name=\"robots\" content=\"index, follow, max-snippet:-1, max-image-preview:large, max-video-preview:-1\" \/>\n<link rel=\"canonical\" href=\"https:\/\/l21.mx\/?p=42545\" \/>\n<meta name=\"twitter:card\" content=\"summary_large_image\" \/>\n<meta name=\"twitter:title\" content=\"\u201cY saca un conejo del sombrero\u201d | Revista Latitud 21\" \/>\n<meta name=\"twitter:description\" content=\"L21, Emprendedores y Negocios en el Caribe Mexicano, es la revista l\u00edder entre el Sector Empresarial y Tur\u00edstico del Caribe Mexicano.\" \/>\n<meta name=\"twitter:image\" content=\"https:\/\/l21.mx\/wp-content\/uploads\/2020\/05\/ruben_cortes.png\" \/>\n<meta name=\"twitter:creator\" content=\"@Latitud21mx\" \/>\n<meta name=\"twitter:site\" content=\"@Latitud21mx\" \/>\n<meta name=\"twitter:label1\" content=\"Escrito por\" \/>\n\t<meta name=\"twitter:data1\" content=\"Latitud21 Redacci\u00f3n\" \/>\n\t<meta name=\"twitter:label2\" content=\"Tiempo de lectura\" \/>\n\t<meta name=\"twitter:data2\" content=\"2 minutos\" \/>\n<script type=\"application\/ld+json\" class=\"yoast-schema-graph\">{\"@context\":\"https:\\\/\\\/schema.org\",\"@graph\":[{\"@type\":\"Article\",\"@id\":\"https:\\\/\\\/l21.mx\\\/?p=42545#article\",\"isPartOf\":{\"@id\":\"https:\\\/\\\/l21.mx\\\/?p=42545\"},\"author\":{\"name\":\"Latitud21 Redacci\u00f3n\",\"@id\":\"https:\\\/\\\/l21.mx\\\/#\\\/schema\\\/person\\\/4b571cc212089f95579f3b66253728f1\"},\"headline\":\"\u201cY saca un conejo del sombrero\u201d\",\"datePublished\":\"2020-05-01T18:57:32+00:00\",\"dateModified\":\"2020-07-03T16:20:42+00:00\",\"mainEntityOfPage\":{\"@id\":\"https:\\\/\\\/l21.mx\\\/?p=42545\"},\"wordCount\":479,\"commentCount\":0,\"publisher\":{\"@id\":\"https:\\\/\\\/l21.mx\\\/#organization\"},\"image\":{\"@id\":\"https:\\\/\\\/l21.mx\\\/?p=42545#primaryimage\"},\"thumbnailUrl\":\"https:\\\/\\\/l21.mx\\\/wp-content\\\/uploads\\\/2020\\\/05\\\/ruben_cortes.png\",\"articleSection\":[\"Rub\u00e9n Cort\u00e9s\"],\"inLanguage\":\"es\",\"potentialAction\":[{\"@type\":\"CommentAction\",\"name\":\"Comment\",\"target\":[\"https:\\\/\\\/l21.mx\\\/?p=42545#respond\"]}]},{\"@type\":\"WebPage\",\"@id\":\"https:\\\/\\\/l21.mx\\\/?p=42545\",\"url\":\"https:\\\/\\\/l21.mx\\\/?p=42545\",\"name\":\"\u201cY saca un conejo del sombrero\u201d | Revista Latitud 21\",\"isPartOf\":{\"@id\":\"https:\\\/\\\/l21.mx\\\/#website\"},\"primaryImageOfPage\":{\"@id\":\"https:\\\/\\\/l21.mx\\\/?p=42545#primaryimage\"},\"image\":{\"@id\":\"https:\\\/\\\/l21.mx\\\/?p=42545#primaryimage\"},\"thumbnailUrl\":\"https:\\\/\\\/l21.mx\\\/wp-content\\\/uploads\\\/2020\\\/05\\\/ruben_cortes.png\",\"datePublished\":\"2020-05-01T18:57:32+00:00\",\"dateModified\":\"2020-07-03T16:20:42+00:00\",\"description\":\"L21, Emprendedores y Negocios en el Caribe Mexicano, es la revista l\u00edder entre el Sector Empresarial y Tur\u00edstico del Caribe Mexicano.\",\"breadcrumb\":{\"@id\":\"https:\\\/\\\/l21.mx\\\/?p=42545#breadcrumb\"},\"inLanguage\":\"es\",\"potentialAction\":[{\"@type\":\"ReadAction\",\"target\":[\"https:\\\/\\\/l21.mx\\\/?p=42545\"]}]},{\"@type\":\"ImageObject\",\"inLanguage\":\"es\",\"@id\":\"https:\\\/\\\/l21.mx\\\/?p=42545#primaryimage\",\"url\":\"https:\\\/\\\/l21.mx\\\/wp-content\\\/uploads\\\/2020\\\/05\\\/ruben_cortes.png\",\"contentUrl\":\"https:\\\/\\\/l21.mx\\\/wp-content\\\/uploads\\\/2020\\\/05\\\/ruben_cortes.png\",\"width\":643,\"height\":494},{\"@type\":\"BreadcrumbList\",\"@id\":\"https:\\\/\\\/l21.mx\\\/?p=42545#breadcrumb\",\"itemListElement\":[{\"@type\":\"ListItem\",\"position\":1,\"name\":\"Portada\",\"item\":\"https:\\\/\\\/l21.mx\\\/\"},{\"@type\":\"ListItem\",\"position\":2,\"name\":\"\u201cY saca un conejo del sombrero\u201d\"}]},{\"@type\":\"WebSite\",\"@id\":\"https:\\\/\\\/l21.mx\\\/#website\",\"url\":\"https:\\\/\\\/l21.mx\\\/\",\"name\":\"Revista Latitud 21\",\"description\":\"Emprendedores  y negocios en el Caribe Mexicano\",\"publisher\":{\"@id\":\"https:\\\/\\\/l21.mx\\\/#organization\"},\"potentialAction\":[{\"@type\":\"SearchAction\",\"target\":{\"@type\":\"EntryPoint\",\"urlTemplate\":\"https:\\\/\\\/l21.mx\\\/?s={search_term_string}\"},\"query-input\":{\"@type\":\"PropertyValueSpecification\",\"valueRequired\":true,\"valueName\":\"search_term_string\"}}],\"inLanguage\":\"es\"},{\"@type\":\"Organization\",\"@id\":\"https:\\\/\\\/l21.mx\\\/#organization\",\"name\":\"Grupo Editorial Latitud 21 SA de CV\",\"url\":\"https:\\\/\\\/l21.mx\\\/\",\"logo\":{\"@type\":\"ImageObject\",\"inLanguage\":\"es\",\"@id\":\"https:\\\/\\\/l21.mx\\\/#\\\/schema\\\/logo\\\/image\\\/\",\"url\":\"https:\\\/\\\/l21.mx\\\/wp-content\\\/uploads\\\/2020\\\/10\\\/logo-l21-baja.jpg\",\"contentUrl\":\"https:\\\/\\\/l21.mx\\\/wp-content\\\/uploads\\\/2020\\\/10\\\/logo-l21-baja.jpg\",\"width\":250,\"height\":250,\"caption\":\"Grupo Editorial Latitud 21 SA de CV\"},\"image\":{\"@id\":\"https:\\\/\\\/l21.mx\\\/#\\\/schema\\\/logo\\\/image\\\/\"},\"sameAs\":[\"https:\\\/\\\/www.facebook.com\\\/RevistaLatitud21\\\/\",\"https:\\\/\\\/x.com\\\/Latitud21mx\"]},{\"@type\":\"Person\",\"@id\":\"https:\\\/\\\/l21.mx\\\/#\\\/schema\\\/person\\\/4b571cc212089f95579f3b66253728f1\",\"name\":\"Latitud21 Redacci\u00f3n\",\"url\":\"https:\\\/\\\/l21.mx\\\/?author=2\"}]}<\/script>\n<!-- \/ Yoast SEO plugin. -->","yoast_head_json":{"title":"\u201cY saca un conejo del sombrero\u201d | Revista Latitud 21","description":"L21, Emprendedores y Negocios en el Caribe Mexicano, es la revista l\u00edder entre el Sector Empresarial y Tur\u00edstico del Caribe Mexicano.","robots":{"index":"index","follow":"follow","max-snippet":"max-snippet:-1","max-image-preview":"max-image-preview:large","max-video-preview":"max-video-preview:-1"},"canonical":"https:\/\/l21.mx\/?p=42545","twitter_card":"summary_large_image","twitter_title":"\u201cY saca un conejo del sombrero\u201d | Revista Latitud 21","twitter_description":"L21, Emprendedores y Negocios en el Caribe Mexicano, es la revista l\u00edder entre el Sector Empresarial y Tur\u00edstico del Caribe Mexicano.","twitter_image":"https:\/\/l21.mx\/wp-content\/uploads\/2020\/05\/ruben_cortes.png","twitter_creator":"@Latitud21mx","twitter_site":"@Latitud21mx","twitter_misc":{"Escrito por":"Latitud21 Redacci\u00f3n","Tiempo de lectura":"2 minutos"},"schema":{"@context":"https:\/\/schema.org","@graph":[{"@type":"Article","@id":"https:\/\/l21.mx\/?p=42545#article","isPartOf":{"@id":"https:\/\/l21.mx\/?p=42545"},"author":{"name":"Latitud21 Redacci\u00f3n","@id":"https:\/\/l21.mx\/#\/schema\/person\/4b571cc212089f95579f3b66253728f1"},"headline":"\u201cY saca un conejo del sombrero\u201d","datePublished":"2020-05-01T18:57:32+00:00","dateModified":"2020-07-03T16:20:42+00:00","mainEntityOfPage":{"@id":"https:\/\/l21.mx\/?p=42545"},"wordCount":479,"commentCount":0,"publisher":{"@id":"https:\/\/l21.mx\/#organization"},"image":{"@id":"https:\/\/l21.mx\/?p=42545#primaryimage"},"thumbnailUrl":"https:\/\/l21.mx\/wp-content\/uploads\/2020\/05\/ruben_cortes.png","articleSection":["Rub\u00e9n Cort\u00e9s"],"inLanguage":"es","potentialAction":[{"@type":"CommentAction","name":"Comment","target":["https:\/\/l21.mx\/?p=42545#respond"]}]},{"@type":"WebPage","@id":"https:\/\/l21.mx\/?p=42545","url":"https:\/\/l21.mx\/?p=42545","name":"\u201cY saca un conejo del sombrero\u201d | Revista Latitud 21","isPartOf":{"@id":"https:\/\/l21.mx\/#website"},"primaryImageOfPage":{"@id":"https:\/\/l21.mx\/?p=42545#primaryimage"},"image":{"@id":"https:\/\/l21.mx\/?p=42545#primaryimage"},"thumbnailUrl":"https:\/\/l21.mx\/wp-content\/uploads\/2020\/05\/ruben_cortes.png","datePublished":"2020-05-01T18:57:32+00:00","dateModified":"2020-07-03T16:20:42+00:00","description":"L21, Emprendedores y Negocios en el Caribe Mexicano, es la revista l\u00edder entre el Sector Empresarial y Tur\u00edstico del Caribe Mexicano.","breadcrumb":{"@id":"https:\/\/l21.mx\/?p=42545#breadcrumb"},"inLanguage":"es","potentialAction":[{"@type":"ReadAction","target":["https:\/\/l21.mx\/?p=42545"]}]},{"@type":"ImageObject","inLanguage":"es","@id":"https:\/\/l21.mx\/?p=42545#primaryimage","url":"https:\/\/l21.mx\/wp-content\/uploads\/2020\/05\/ruben_cortes.png","contentUrl":"https:\/\/l21.mx\/wp-content\/uploads\/2020\/05\/ruben_cortes.png","width":643,"height":494},{"@type":"BreadcrumbList","@id":"https:\/\/l21.mx\/?p=42545#breadcrumb","itemListElement":[{"@type":"ListItem","position":1,"name":"Portada","item":"https:\/\/l21.mx\/"},{"@type":"ListItem","position":2,"name":"\u201cY saca un conejo del sombrero\u201d"}]},{"@type":"WebSite","@id":"https:\/\/l21.mx\/#website","url":"https:\/\/l21.mx\/","name":"Revista Latitud 21","description":"Emprendedores  y negocios en el Caribe Mexicano","publisher":{"@id":"https:\/\/l21.mx\/#organization"},"potentialAction":[{"@type":"SearchAction","target":{"@type":"EntryPoint","urlTemplate":"https:\/\/l21.mx\/?s={search_term_string}"},"query-input":{"@type":"PropertyValueSpecification","valueRequired":true,"valueName":"search_term_string"}}],"inLanguage":"es"},{"@type":"Organization","@id":"https:\/\/l21.mx\/#organization","name":"Grupo Editorial Latitud 21 SA de CV","url":"https:\/\/l21.mx\/","logo":{"@type":"ImageObject","inLanguage":"es","@id":"https:\/\/l21.mx\/#\/schema\/logo\/image\/","url":"https:\/\/l21.mx\/wp-content\/uploads\/2020\/10\/logo-l21-baja.jpg","contentUrl":"https:\/\/l21.mx\/wp-content\/uploads\/2020\/10\/logo-l21-baja.jpg","width":250,"height":250,"caption":"Grupo Editorial Latitud 21 SA de CV"},"image":{"@id":"https:\/\/l21.mx\/#\/schema\/logo\/image\/"},"sameAs":["https:\/\/www.facebook.com\/RevistaLatitud21\/","https:\/\/x.com\/Latitud21mx"]},{"@type":"Person","@id":"https:\/\/l21.mx\/#\/schema\/person\/4b571cc212089f95579f3b66253728f1","name":"Latitud21 Redacci\u00f3n","url":"https:\/\/l21.mx\/?author=2"}]}},"amp_enabled":true,"_links":{"self":[{"href":"https:\/\/l21.mx\/index.php?rest_route=\/wp\/v2\/posts\/42545","targetHints":{"allow":["GET"]}}],"collection":[{"href":"https:\/\/l21.mx\/index.php?rest_route=\/wp\/v2\/posts"}],"about":[{"href":"https:\/\/l21.mx\/index.php?rest_route=\/wp\/v2\/types\/post"}],"author":[{"embeddable":true,"href":"https:\/\/l21.mx\/index.php?rest_route=\/wp\/v2\/users\/2"}],"replies":[{"embeddable":true,"href":"https:\/\/l21.mx\/index.php?rest_route=%2Fwp%2Fv2%2Fcomments&post=42545"}],"version-history":[{"count":2,"href":"https:\/\/l21.mx\/index.php?rest_route=\/wp\/v2\/posts\/42545\/revisions"}],"predecessor-version":[{"id":43360,"href":"https:\/\/l21.mx\/index.php?rest_route=\/wp\/v2\/posts\/42545\/revisions\/43360"}],"wp:featuredmedia":[{"embeddable":true,"href":"https:\/\/l21.mx\/index.php?rest_route=\/wp\/v2\/media\/42546"}],"wp:attachment":[{"href":"https:\/\/l21.mx\/index.php?rest_route=%2Fwp%2Fv2%2Fmedia&parent=42545"}],"wp:term":[{"taxonomy":"category","embeddable":true,"href":"https:\/\/l21.mx\/index.php?rest_route=%2Fwp%2Fv2%2Fcategories&post=42545"},{"taxonomy":"post_tag","embeddable":true,"href":"https:\/\/l21.mx\/index.php?rest_route=%2Fwp%2Fv2%2Ftags&post=42545"}],"curies":[{"name":"wp","href":"https:\/\/api.w.org\/{rel}","templated":true}]}}