{"id":42817,"date":"2020-05-19T13:05:16","date_gmt":"2020-05-19T18:05:16","guid":{"rendered":"https:\/\/l21.mx\/?p=42817"},"modified":"2021-04-28T12:14:47","modified_gmt":"2021-04-28T17:14:47","slug":"vuelos-internacionales-en-julio-internacionales-hasta-ultimo-trimestre-del-ano","status":"publish","type":"post","link":"https:\/\/l21.mx\/?p=42817","title":{"rendered":"Vuelos internacionales, en julio; internacionales, hasta \u00faltimo trimestre del a\u00f1o"},"content":{"rendered":"<p>Por la pandemia, los vuelos nacionales se retomar\u00e1n en junio, los internacionales en julio y los intercontinentales hasta el \u00faltimo trimestre del a\u00f1o.<\/p>\n<p>Al menos eso es lo que prev\u00e9 la Asociaci\u00f3n Internacional de Transporte A\u00e9reo (IATA, por sus siglas en ingl\u00e9s).<\/p>\n<p>Alexandre de Juniac, director general de la IATA, pronostica la reanudaci\u00f3n de los vuelos con un proceso sanitario estricto.<\/p>\n<p>Consider\u00f3 que hasta dentro de cinco a\u00f1os no se normalizar\u00e1 el tr\u00e1fico a\u00e9reo, lo que afectar\u00e1 al menos hasta 2025.<\/p>\n<p><a href=\"https:\/\/l21.mx\/wp-content\/uploads\/2020\/05\/IATA-2.jpg\" data-rel=\"penci-gallery-image-content\" ><img fetchpriority=\"high\" decoding=\"async\" class=\"alignnone size-medium wp-image-42820\" src=\"https:\/\/l21.mx\/wp-content\/uploads\/2020\/05\/IATA-2-300x169.jpg\" alt=\"\" width=\"300\" height=\"169\" srcset=\"https:\/\/l21.mx\/wp-content\/uploads\/2020\/05\/IATA-2-300x169.jpg 300w, https:\/\/l21.mx\/wp-content\/uploads\/2020\/05\/IATA-2-585x329.jpg 585w, https:\/\/l21.mx\/wp-content\/uploads\/2020\/05\/IATA-2.jpg 679w\" sizes=\"(max-width: 300px) 100vw, 300px\" \/><\/a><\/p>\n<p>Adem\u00e1s, prev\u00e9 la reanudaci\u00f3n de los vuelos intercontinentales en el \u00faltimo trimestre, pues hay muchas zonas con alto contagio de covid-19 todav\u00eda.<\/p>\n<p>Es preocupante, porque el sector a\u00e9reo es uno de los m\u00e1s afectados desde el inicio de la crisis del coronavirus.<\/p>\n<h3>Medidas estrictas en aeropuertos<\/h3>\n<p>Por lo pronto, la IATA public\u00f3 una hoja de ruta para la reapertura del transporte a\u00e9reo con medidas de bioseguridad para prevenir los contagios de Covid-19 en aeropuertos y vuelos.<\/p>\n<p>Las dividi\u00f3 en tres categor\u00edas: antes del vuelo, en el aire y al aterrizar en la terminal de llegada.<\/p>\n<p>Para todas pide la participaci\u00f3n y colaboraci\u00f3n de autoridades, empresas y por supuesto de los propios pasajeros.<\/p>\n<p><a href=\"https:\/\/l21.mx\/wp-content\/uploads\/2020\/05\/vuelos.jpg\" data-rel=\"penci-gallery-image-content\" ><img decoding=\"async\" class=\"alignnone size-medium wp-image-42819\" src=\"https:\/\/l21.mx\/wp-content\/uploads\/2020\/05\/vuelos-300x169.jpg\" alt=\"\" width=\"300\" height=\"169\" srcset=\"https:\/\/l21.mx\/wp-content\/uploads\/2020\/05\/vuelos-300x169.jpg 300w, https:\/\/l21.mx\/wp-content\/uploads\/2020\/05\/vuelos-1024x576.jpg 1024w, https:\/\/l21.mx\/wp-content\/uploads\/2020\/05\/vuelos-768x432.jpg 768w, https:\/\/l21.mx\/wp-content\/uploads\/2020\/05\/vuelos-1170x663.jpg 1170w, https:\/\/l21.mx\/wp-content\/uploads\/2020\/05\/vuelos-585x329.jpg 585w, https:\/\/l21.mx\/wp-content\/uploads\/2020\/05\/vuelos.jpg 1242w\" sizes=\"(max-width: 300px) 100vw, 300px\" \/><\/a><\/p>\n<h3>Antes del vuelo<\/h3>\n<ul>\n<li>Gobiernos recaben por adelantado datos de los pasajeros, como informaci\u00f3n de salud, adem\u00e1s de complementar con pruebas de Covid-19.<\/li>\n<li>Filtros de protecci\u00f3n en aeropuerto<\/li>\n<li>Restringir el acceso a las terminales a s\u00f3lo los pasajeros<\/li>\n<li>\u00danicamente permitir acompa\u00f1antes para menores de edad que viajar\u00e1n no acompa\u00f1ados y personas con alguna discapacidad.<\/li>\n<li>Monitoreo de temperatura por personal entrenado del gobierno en los puntos de acceso al edificio terminal.<\/li>\n<li>Distanciamiento f\u00edsico en todos los procesos del abordaje.<\/li>\n<li>Uso de mascarillas para pasajeros y colaboradores<\/li>\n<li>\u00a0check-in con puntos de autoservicio para reducir el contacto con personas y eliminar las filas<\/li>\n<li>Redise\u00f1o de salas de abordaje<\/li>\n<li>Reducci\u00f3n de equipaje de mano<\/li>\n<li>Limpieza y sanitizaci\u00f3n de superficies de alto contacto.<\/li>\n<\/ul>\n<h3>Ya en el aire<\/h3>\n<ul>\n<li>Mascarillas para todos los tripulantes<\/li>\n<li>Entrega de alimentos preempacados para reducir la interacci\u00f3n entre pasajeros y tripulaci\u00f3n<\/li>\n<li>Mayores procesos de limpieza<\/li>\n<li>Evitar que se hagan filas y aglomeraciones de pasajeros para usar el ba\u00f1o o para salir.<\/li>\n<\/ul>\n<h3>Al llegar al aeropuerto<\/h3>\n<ul>\n<li>Filtros como un nuevo monitoreo de temperatura<\/li>\n<li>Procesos migratorios automatizados con tecnolog\u00eda biom\u00e9trica y aplicaciones m\u00f3viles<\/li>\n<li>Acelerar el reclamo de equipaje<\/li>\n<li>Declaraciones sanitarias con mayores rastreos de contagio para reducir los contagios importados.<\/li>\n<\/ul>\n<p>IATa reitera que actualmente no hay una sola medida que pueda mitigar todos los riesgos de reiniciar los viajes a\u00e9reos.<\/p>\n<blockquote><p>\u00abCreemos que implementar estas medidas pueden ser la manera m\u00e1s efectiva de equilibrar la mitigaci\u00f3n de riesgos con la necesidad de abrir las econom\u00edas y permitir viajar en el corto plazo\u201d<\/p><\/blockquote>\n","protected":false},"excerpt":{"rendered":"<p>Por la pandemia, los vuelos nacionales se retomar\u00e1n en junio, los internacionales en julio y los&hellip;<\/p>\n","protected":false},"author":100,"featured_media":42819,"comment_status":"open","ping_status":"open","sticky":false,"template":"","format":"standard","meta":{"_acf_changed":false,"_lmt_disableupdate":"","_lmt_disable":"","_mbp_gutenberg_autopost":false,"footnotes":""},"categories":[23],"tags":[565,497],"class_list":["post-42817","post","type-post","status-publish","format-standard","has-post-thumbnail","hentry","category-noticias","tag-aeropuerto","tag-vuelos"],"acf":[],"_links":{"self":[{"href":"https:\/\/l21.mx\/index.php?rest_route=\/wp\/v2\/posts\/42817","targetHints":{"allow":["GET"]}}],"collection":[{"href":"https:\/\/l21.mx\/index.php?rest_route=\/wp\/v2\/posts"}],"about":[{"href":"https:\/\/l21.mx\/index.php?rest_route=\/wp\/v2\/types\/post"}],"author":[{"embeddable":true,"href":"https:\/\/l21.mx\/index.php?rest_route=\/wp\/v2\/users\/100"}],"replies":[{"embeddable":true,"href":"https:\/\/l21.mx\/index.php?rest_route=%2Fwp%2Fv2%2Fcomments&post=42817"}],"version-history":[{"count":0,"href":"https:\/\/l21.mx\/index.php?rest_route=\/wp\/v2\/posts\/42817\/revisions"}],"wp:featuredmedia":[{"embeddable":true,"href":"https:\/\/l21.mx\/index.php?rest_route=\/wp\/v2\/media\/42819"}],"wp:attachment":[{"href":"https:\/\/l21.mx\/index.php?rest_route=%2Fwp%2Fv2%2Fmedia&parent=42817"}],"wp:term":[{"taxonomy":"category","embeddable":true,"href":"https:\/\/l21.mx\/index.php?rest_route=%2Fwp%2Fv2%2Fcategories&post=42817"},{"taxonomy":"post_tag","embeddable":true,"href":"https:\/\/l21.mx\/index.php?rest_route=%2Fwp%2Fv2%2Ftags&post=42817"}],"curies":[{"name":"wp","href":"https:\/\/api.w.org\/{rel}","templated":true}]}}