{"id":4289,"date":"2013-09-01T07:38:10","date_gmt":"2013-09-01T12:38:10","guid":{"rendered":"http:\/\/innovatori.space\/lat21\/?p=4289"},"modified":"2021-03-01T11:46:59","modified_gmt":"2021-03-01T16:46:59","slug":"rio-secreto-multipremiado","status":"publish","type":"post","link":"https:\/\/l21.mx\/?p=4289","title":{"rendered":"R\u00edo Secreto, multipremiado"},"content":{"rendered":"<p><a href=\"http:\/\/l21.mx\/wp-content\/uploads\/2013\/08\/rio-secreto1.jpg\" data-rel=\"penci-gallery-image-content\" ><img fetchpriority=\"high\" decoding=\"async\" class=\"aligncenter size-large wp-image-4291\" title=\"rio secreto\" src=\"http:\/\/l21.mx\/wp-content\/uploads\/2013\/08\/rio-secreto1-680x1024.jpg\" alt=\"\" width=\"680\" height=\"1024\" srcset=\"https:\/\/l21.mx\/wp-content\/uploads\/2013\/08\/rio-secreto1-680x1024.jpg 680w, https:\/\/l21.mx\/wp-content\/uploads\/2013\/08\/rio-secreto1-199x300.jpg 199w, https:\/\/l21.mx\/wp-content\/uploads\/2013\/08\/rio-secreto1-768x1156.jpg 768w, https:\/\/l21.mx\/wp-content\/uploads\/2013\/08\/rio-secreto1-1020x1536.jpg 1020w, https:\/\/l21.mx\/wp-content\/uploads\/2013\/08\/rio-secreto1-1360x2048.jpg 1360w, https:\/\/l21.mx\/wp-content\/uploads\/2013\/08\/rio-secreto1-1920x2891.jpg 1920w, https:\/\/l21.mx\/wp-content\/uploads\/2013\/08\/rio-secreto1-1170x1762.jpg 1170w, https:\/\/l21.mx\/wp-content\/uploads\/2013\/08\/rio-secreto1-585x881.jpg 585w, https:\/\/l21.mx\/wp-content\/uploads\/2013\/08\/rio-secreto1-scaled.jpg 1700w\" sizes=\"(max-width: 680px) 100vw, 680px\" \/><\/a><\/p>\n<p>El parque R\u00edo Secreto, bajo la conducci\u00f3n de Francisco C\u00f3rdova, recibi\u00f3 el premio World Travel Awards 2012 como \u201cLa Mejor Expedici\u00f3n Verde de M\u00e9xico y Centroam\u00e9rica\u201d. El reconocimiento es el resultado del voto electr\u00f3nico de aficionados y expertos del turismo en el \u00e1mbito mundial.<\/p>\n<p>La Reserva Natural que inici\u00f3 operaciones en 2009 ha obtenido la distinci\u00f3n durante cuatro a\u00f1os consecutivos, adem\u00e1s de otros galardones por sus buenas pr\u00e1cticas ambientales y empresariales. Los World Travel Awards se equiparan al \u00f3scar del turismo, por su importancia y trascendencia en el medio.<\/p>\n<div>\n<p>[editor]Sector-Turismo[\/editor]<\/p>\n<div><\/div>\n<p><strong><br \/>\n<\/strong><\/p>\n<\/div>\n","protected":false},"excerpt":{"rendered":"<p>El parque R\u00edo Secreto, bajo la conducci\u00f3n de Francisco C\u00f3rdova, recibi\u00f3 el premio World Travel Awards&hellip;<\/p>\n","protected":false},"author":2,"featured_media":4291,"comment_status":"open","ping_status":"open","sticky":false,"template":"","format":"standard","meta":{"_acf_changed":false,"_lmt_disableupdate":"","_lmt_disable":"","_mbp_gutenberg_autopost":false,"footnotes":""},"categories":[8],"tags":[],"class_list":["post-4289","post","type-post","status-publish","format-standard","has-post-thumbnail","hentry","category-turismo"],"acf":[],"_links":{"self":[{"href":"https:\/\/l21.mx\/index.php?rest_route=\/wp\/v2\/posts\/4289","targetHints":{"allow":["GET"]}}],"collection":[{"href":"https:\/\/l21.mx\/index.php?rest_route=\/wp\/v2\/posts"}],"about":[{"href":"https:\/\/l21.mx\/index.php?rest_route=\/wp\/v2\/types\/post"}],"author":[{"embeddable":true,"href":"https:\/\/l21.mx\/index.php?rest_route=\/wp\/v2\/users\/2"}],"replies":[{"embeddable":true,"href":"https:\/\/l21.mx\/index.php?rest_route=%2Fwp%2Fv2%2Fcomments&post=4289"}],"version-history":[{"count":0,"href":"https:\/\/l21.mx\/index.php?rest_route=\/wp\/v2\/posts\/4289\/revisions"}],"wp:featuredmedia":[{"embeddable":true,"href":"https:\/\/l21.mx\/index.php?rest_route=\/wp\/v2\/media\/4291"}],"wp:attachment":[{"href":"https:\/\/l21.mx\/index.php?rest_route=%2Fwp%2Fv2%2Fmedia&parent=4289"}],"wp:term":[{"taxonomy":"category","embeddable":true,"href":"https:\/\/l21.mx\/index.php?rest_route=%2Fwp%2Fv2%2Fcategories&post=4289"},{"taxonomy":"post_tag","embeddable":true,"href":"https:\/\/l21.mx\/index.php?rest_route=%2Fwp%2Fv2%2Ftags&post=4289"}],"curies":[{"name":"wp","href":"https:\/\/api.w.org\/{rel}","templated":true}]}}