{"id":4297,"date":"2013-09-01T07:48:10","date_gmt":"2013-09-01T12:48:10","guid":{"rendered":"http:\/\/innovatori.space\/lat21\/?p=4297"},"modified":"2013-08-29T12:53:18","modified_gmt":"2013-08-29T17:53:18","slug":"cancun-center-revela-agenda-del-2014","status":"publish","type":"post","link":"https:\/\/l21.mx\/?p=4297","title":{"rendered":"Canc\u00fan Center revela agenda del 2014"},"content":{"rendered":"<p><a href=\"http:\/\/l21.mx\/wp-content\/uploads\/2013\/08\/CANCUN-CENTER-4.jpg\" data-rel=\"penci-gallery-image-content\" ><img fetchpriority=\"high\" decoding=\"async\" class=\"aligncenter size-medium wp-image-4298\" title=\"CANCUN CENTER (4)\" src=\"http:\/\/l21.mx\/wp-content\/uploads\/2013\/08\/CANCUN-CENTER-4-300x199.jpg\" alt=\"\" width=\"300\" height=\"199\" srcset=\"https:\/\/l21.mx\/wp-content\/uploads\/2013\/08\/CANCUN-CENTER-4-300x199.jpg 300w, https:\/\/l21.mx\/wp-content\/uploads\/2013\/08\/CANCUN-CENTER-4-1024x680.jpg 1024w, https:\/\/l21.mx\/wp-content\/uploads\/2013\/08\/CANCUN-CENTER-4-768x510.jpg 768w, https:\/\/l21.mx\/wp-content\/uploads\/2013\/08\/CANCUN-CENTER-4-1536x1020.jpg 1536w, https:\/\/l21.mx\/wp-content\/uploads\/2013\/08\/CANCUN-CENTER-4-2048x1360.jpg 2048w, https:\/\/l21.mx\/wp-content\/uploads\/2013\/08\/CANCUN-CENTER-4-1920x1275.jpg 1920w, https:\/\/l21.mx\/wp-content\/uploads\/2013\/08\/CANCUN-CENTER-4-1170x777.jpg 1170w, https:\/\/l21.mx\/wp-content\/uploads\/2013\/08\/CANCUN-CENTER-4-780x516.jpg 780w, https:\/\/l21.mx\/wp-content\/uploads\/2013\/08\/CANCUN-CENTER-4-585x389.jpg 585w, https:\/\/l21.mx\/wp-content\/uploads\/2013\/08\/CANCUN-CENTER-4-263x175.jpg 263w\" sizes=\"(max-width: 300px) 100vw, 300px\" \/><\/a><\/p>\n<p>El Canc\u00fan Center Conventions &amp; Exhibitions, que en diciembre pr\u00f3ximo cumplir\u00e1 10 a\u00f1os en operaci\u00f3n, invertir\u00e1 18 mdp para realizar trabajos de mantenimiento y remodelaciones de menor envergadura dentro del\u00a0 inmueble con el fin de adecuarse a las exigencias del mercado actual.<\/p>\n<p>Javier G\u00e1mez Bautista, director del recinto, coment\u00f3\u00a0 que para 2014 este espacio ser\u00e1 sede de siete congresos internacionales y cinco nacionales, que en conjunto representan 33 mil 900 participantes, eventos que dejar\u00e1n una derrama econ\u00f3mica del orden de 45 mdd, cifra superior en 62% a los 28 mdd previstos para el cierre de 2013. A lo largo de casi una d\u00e9cada el inmueble\u00a0 gan\u00f3 y oper\u00f3 39 congresos internacionales que representaron 83 mil 553 participantes y una contribuci\u00f3n en divisas para M\u00e9xico de 204 mdd.<\/p>\n<p>\u201cBajo la nueva administraci\u00f3n a cargo de la empresa Congresos y Convenciones de Canc\u00fan, nuestro objetivo es permanecer como l\u00edder en el mercado de congresos internacionales\u201d, destac\u00f3.<\/p>\n<p>Asimismo se anunci\u00f3 la\u00a0 pr\u00f3xima apertura de una tienda institucional del museo en la que se ofrecer\u00e1n artesan\u00edas de comunidades mayas y empresas de la regi\u00f3n, as\u00ed como el trabajo de certificaci\u00f3n del Canc\u00fan Center en los distintivos H para manejo higi\u00e9nico de alimentos, Moderniza (M), la certificaci\u00f3n plata Earth Check por el manejo responsable de agentes contaminantes y Empresa Familiarmente Responsable.<\/p>\n<p>&nbsp;<\/p>\n<p>[editor]empresas-y-negocios[\/editor]<\/p>\n<div><\/div>\n","protected":false},"excerpt":{"rendered":"<p>El Canc\u00fan Center Conventions &amp; Exhibitions, que en diciembre pr\u00f3ximo cumplir\u00e1 10 a\u00f1os en operaci\u00f3n, invertir\u00e1&hellip;<\/p>\n","protected":false},"author":2,"featured_media":4299,"comment_status":"open","ping_status":"open","sticky":false,"template":"","format":"standard","meta":{"_acf_changed":false,"_lmt_disableupdate":"","_lmt_disable":"","_mbp_gutenberg_autopost":false,"footnotes":""},"categories":[4],"tags":[],"class_list":["post-4297","post","type-post","status-publish","format-standard","has-post-thumbnail","hentry","category-empresas-y-negocios"],"acf":[],"_links":{"self":[{"href":"https:\/\/l21.mx\/index.php?rest_route=\/wp\/v2\/posts\/4297","targetHints":{"allow":["GET"]}}],"collection":[{"href":"https:\/\/l21.mx\/index.php?rest_route=\/wp\/v2\/posts"}],"about":[{"href":"https:\/\/l21.mx\/index.php?rest_route=\/wp\/v2\/types\/post"}],"author":[{"embeddable":true,"href":"https:\/\/l21.mx\/index.php?rest_route=\/wp\/v2\/users\/2"}],"replies":[{"embeddable":true,"href":"https:\/\/l21.mx\/index.php?rest_route=%2Fwp%2Fv2%2Fcomments&post=4297"}],"version-history":[{"count":0,"href":"https:\/\/l21.mx\/index.php?rest_route=\/wp\/v2\/posts\/4297\/revisions"}],"wp:featuredmedia":[{"embeddable":true,"href":"https:\/\/l21.mx\/index.php?rest_route=\/wp\/v2\/media\/4299"}],"wp:attachment":[{"href":"https:\/\/l21.mx\/index.php?rest_route=%2Fwp%2Fv2%2Fmedia&parent=4297"}],"wp:term":[{"taxonomy":"category","embeddable":true,"href":"https:\/\/l21.mx\/index.php?rest_route=%2Fwp%2Fv2%2Fcategories&post=4297"},{"taxonomy":"post_tag","embeddable":true,"href":"https:\/\/l21.mx\/index.php?rest_route=%2Fwp%2Fv2%2Ftags&post=4297"}],"curies":[{"name":"wp","href":"https:\/\/api.w.org\/{rel}","templated":true}]}}