{"id":4307,"date":"2013-09-01T07:02:54","date_gmt":"2013-09-01T12:02:54","guid":{"rendered":"http:\/\/innovatori.space\/lat21\/?p=4307"},"modified":"2013-08-29T13:05:34","modified_gmt":"2013-08-29T18:05:34","slug":"amerimed-amplia-servicios","status":"publish","type":"post","link":"https:\/\/l21.mx\/?p=4307","title":{"rendered":"Amerimed ampl\u00eda servicios"},"content":{"rendered":"<div id=\"attachment_4308\" style=\"width: 690px\" class=\"wp-caption aligncenter\"><a href=\"http:\/\/l21.mx\/wp-content\/uploads\/2013\/08\/Fernando-Rivas-Gabriela-Martinez-2.jpg\" data-rel=\"penci-gallery-image-content\" ><img fetchpriority=\"high\" decoding=\"async\" aria-describedby=\"caption-attachment-4308\" class=\"size-large wp-image-4308\" title=\"Fernando Rivas, Gabriela Martinez (2)\" src=\"http:\/\/l21.mx\/wp-content\/uploads\/2013\/08\/Fernando-Rivas-Gabriela-Martinez-2-680x1024.jpg\" alt=\"\" width=\"680\" height=\"1024\" srcset=\"https:\/\/l21.mx\/wp-content\/uploads\/2013\/08\/Fernando-Rivas-Gabriela-Martinez-2-680x1024.jpg 680w, https:\/\/l21.mx\/wp-content\/uploads\/2013\/08\/Fernando-Rivas-Gabriela-Martinez-2-199x300.jpg 199w, https:\/\/l21.mx\/wp-content\/uploads\/2013\/08\/Fernando-Rivas-Gabriela-Martinez-2-768x1156.jpg 768w, https:\/\/l21.mx\/wp-content\/uploads\/2013\/08\/Fernando-Rivas-Gabriela-Martinez-2-1020x1536.jpg 1020w, https:\/\/l21.mx\/wp-content\/uploads\/2013\/08\/Fernando-Rivas-Gabriela-Martinez-2-1360x2048.jpg 1360w, https:\/\/l21.mx\/wp-content\/uploads\/2013\/08\/Fernando-Rivas-Gabriela-Martinez-2-1920x2891.jpg 1920w, https:\/\/l21.mx\/wp-content\/uploads\/2013\/08\/Fernando-Rivas-Gabriela-Martinez-2-1170x1762.jpg 1170w, https:\/\/l21.mx\/wp-content\/uploads\/2013\/08\/Fernando-Rivas-Gabriela-Martinez-2-585x881.jpg 585w, https:\/\/l21.mx\/wp-content\/uploads\/2013\/08\/Fernando-Rivas-Gabriela-Martinez-2-scaled.jpg 1700w\" sizes=\"(max-width: 680px) 100vw, 680px\" \/><\/a><p id=\"caption-attachment-4308\" class=\"wp-caption-text\">Fernando Rivas, Gabriela Martinez<\/p><\/div>\n<p>Con una inversi\u00f3n\u00a0 estimada en 70 mil d\u00f3lares, el hospital Amerimed Canc\u00fan increment\u00f3 su oferta de servicios con la apertura de un Centro de Rehabilitaci\u00f3n F\u00edsica, con el prop\u00f3sito de brindar atenci\u00f3n integral de rehabilitaci\u00f3n temprana a pacientes hospitalarios y externos.<\/p>\n<p>Fernando Rivas, director m\u00e9dico, explic\u00f3 que la inversi\u00f3n, que tambi\u00e9n incluye una farmacia para uso externo, respalda la gama de servicios m\u00e9dicos y hospitalarios que ofrecen desde el 2001 en Canc\u00fan y que a la fecha suman 40 especialidades.<\/p>\n<p>\u201cNuestros indicadores se\u00f1alan que de un\u00a0 universo global de poblaci\u00f3n, el 40 % requiere de alguna forma de rehabilitaci\u00f3n f\u00edsica, mientras que un 20 % de pacientes hospitalizados la recibe como parte de su recuperaci\u00f3n\u201d, coment\u00f3.<\/p>\n<p>Explic\u00f3 que el Centro, adem\u00e1s de contar con el equipo necesario para realizar terapias f\u00edsicas y de rehabilitaci\u00f3n, cuenta con la atenci\u00f3n de dos licenciados en Terapia F\u00edsica, avalados por el West Point Physical Therapy Center. En seis meses esperan alcanzar 10 sesiones diarias para pacientes externos.<\/p>\n<p>[editor]empresas-y-negocios[\/editor]<\/p>\n<div><\/div>\n","protected":false},"excerpt":{"rendered":"<p>Con una inversi\u00f3n\u00a0 estimada en 70 mil d\u00f3lares, el hospital Amerimed Canc\u00fan increment\u00f3 su oferta de&hellip;<\/p>\n","protected":false},"author":2,"featured_media":4309,"comment_status":"open","ping_status":"open","sticky":false,"template":"","format":"standard","meta":{"_acf_changed":false,"_lmt_disableupdate":"","_lmt_disable":"","_mbp_gutenberg_autopost":false,"footnotes":""},"categories":[4],"tags":[],"class_list":["post-4307","post","type-post","status-publish","format-standard","has-post-thumbnail","hentry","category-empresas-y-negocios"],"acf":[],"_links":{"self":[{"href":"https:\/\/l21.mx\/index.php?rest_route=\/wp\/v2\/posts\/4307","targetHints":{"allow":["GET"]}}],"collection":[{"href":"https:\/\/l21.mx\/index.php?rest_route=\/wp\/v2\/posts"}],"about":[{"href":"https:\/\/l21.mx\/index.php?rest_route=\/wp\/v2\/types\/post"}],"author":[{"embeddable":true,"href":"https:\/\/l21.mx\/index.php?rest_route=\/wp\/v2\/users\/2"}],"replies":[{"embeddable":true,"href":"https:\/\/l21.mx\/index.php?rest_route=%2Fwp%2Fv2%2Fcomments&post=4307"}],"version-history":[{"count":0,"href":"https:\/\/l21.mx\/index.php?rest_route=\/wp\/v2\/posts\/4307\/revisions"}],"wp:featuredmedia":[{"embeddable":true,"href":"https:\/\/l21.mx\/index.php?rest_route=\/wp\/v2\/media\/4309"}],"wp:attachment":[{"href":"https:\/\/l21.mx\/index.php?rest_route=%2Fwp%2Fv2%2Fmedia&parent=4307"}],"wp:term":[{"taxonomy":"category","embeddable":true,"href":"https:\/\/l21.mx\/index.php?rest_route=%2Fwp%2Fv2%2Fcategories&post=4307"},{"taxonomy":"post_tag","embeddable":true,"href":"https:\/\/l21.mx\/index.php?rest_route=%2Fwp%2Fv2%2Ftags&post=4307"}],"curies":[{"name":"wp","href":"https:\/\/api.w.org\/{rel}","templated":true}]}}