{"id":4316,"date":"2013-09-01T07:08:32","date_gmt":"2013-09-01T12:08:32","guid":{"rendered":"http:\/\/innovatori.space\/lat21\/?p=4316"},"modified":"2013-08-29T13:11:29","modified_gmt":"2013-08-29T18:11:29","slug":"telcel-a-alta-velocidad","status":"publish","type":"post","link":"https:\/\/l21.mx\/?p=4316","title":{"rendered":"Telcel, a alta velocidad"},"content":{"rendered":"<p><a href=\"http:\/\/l21.mx\/wp-content\/uploads\/2013\/08\/TELCEL-5.jpg\" data-rel=\"penci-gallery-image-content\" ><img fetchpriority=\"high\" decoding=\"async\" class=\"aligncenter size-large wp-image-4317\" title=\"TELCEL (5)\" src=\"http:\/\/l21.mx\/wp-content\/uploads\/2013\/08\/TELCEL-5-680x1024.jpg\" alt=\"\" width=\"680\" height=\"1024\" srcset=\"https:\/\/l21.mx\/wp-content\/uploads\/2013\/08\/TELCEL-5-680x1024.jpg 680w, https:\/\/l21.mx\/wp-content\/uploads\/2013\/08\/TELCEL-5-199x300.jpg 199w, https:\/\/l21.mx\/wp-content\/uploads\/2013\/08\/TELCEL-5-768x1156.jpg 768w, https:\/\/l21.mx\/wp-content\/uploads\/2013\/08\/TELCEL-5-1020x1536.jpg 1020w, https:\/\/l21.mx\/wp-content\/uploads\/2013\/08\/TELCEL-5-1360x2048.jpg 1360w, https:\/\/l21.mx\/wp-content\/uploads\/2013\/08\/TELCEL-5-1920x2891.jpg 1920w, https:\/\/l21.mx\/wp-content\/uploads\/2013\/08\/TELCEL-5-1170x1762.jpg 1170w, https:\/\/l21.mx\/wp-content\/uploads\/2013\/08\/TELCEL-5-585x881.jpg 585w, https:\/\/l21.mx\/wp-content\/uploads\/2013\/08\/TELCEL-5-scaled.jpg 1700w\" sizes=\"(max-width: 680px) 100vw, 680px\" \/><\/a><\/p>\n<p>La empresa Telcel incluy\u00f3 a Canc\u00fan entre las primeras diez ciudades en disfrutar de su nueva red 4G LTE, que permitir\u00e1 a los m\u00e1s de tres millones de usuarios de la ciudad navegar a una velocidad de 20 megas, muy por encima de la actual red de 1.5 megas.<\/p>\n<p>Gabriel Guti\u00e9rrez Castrej\u00f3n, director regional de Telcel, explic\u00f3 que en lo que respecta a la Pen\u00ednsula de Yucat\u00e1n, la ciudad de M\u00e9rida ya cuenta con el servicio, y pr\u00f3ximamente Canc\u00fan. Vale resaltar que en el \u00e1mbito mundial s\u00f3lo 32 pa\u00edses gozan de esta nueva tecnolog\u00eda en comunicaciones.<\/p>\n<p>\u201cYa est\u00e1n instaladas la mitad de las radio bases y esperamos terminar el proceso a finales de septiembre o a principios de octubre, porque nuestra meta es que toda la ciudad, no s\u00f3lo algunas zonas, tengan cobertura con esta nueva red\u201d, coment\u00f3.<\/p>\n<div>\n<p>[editor]empresas-y-negocios[\/editor]<\/p>\n<div><\/div>\n<\/div>\n","protected":false},"excerpt":{"rendered":"<p>La empresa Telcel incluy\u00f3 a Canc\u00fan entre las primeras diez ciudades en disfrutar de su nueva&hellip;<\/p>\n","protected":false},"author":2,"featured_media":4318,"comment_status":"open","ping_status":"open","sticky":false,"template":"","format":"standard","meta":{"_acf_changed":false,"_lmt_disableupdate":"","_lmt_disable":"","_mbp_gutenberg_autopost":false,"footnotes":""},"categories":[4],"tags":[],"class_list":["post-4316","post","type-post","status-publish","format-standard","has-post-thumbnail","hentry","category-empresas-y-negocios"],"acf":[],"_links":{"self":[{"href":"https:\/\/l21.mx\/index.php?rest_route=\/wp\/v2\/posts\/4316","targetHints":{"allow":["GET"]}}],"collection":[{"href":"https:\/\/l21.mx\/index.php?rest_route=\/wp\/v2\/posts"}],"about":[{"href":"https:\/\/l21.mx\/index.php?rest_route=\/wp\/v2\/types\/post"}],"author":[{"embeddable":true,"href":"https:\/\/l21.mx\/index.php?rest_route=\/wp\/v2\/users\/2"}],"replies":[{"embeddable":true,"href":"https:\/\/l21.mx\/index.php?rest_route=%2Fwp%2Fv2%2Fcomments&post=4316"}],"version-history":[{"count":0,"href":"https:\/\/l21.mx\/index.php?rest_route=\/wp\/v2\/posts\/4316\/revisions"}],"wp:featuredmedia":[{"embeddable":true,"href":"https:\/\/l21.mx\/index.php?rest_route=\/wp\/v2\/media\/4318"}],"wp:attachment":[{"href":"https:\/\/l21.mx\/index.php?rest_route=%2Fwp%2Fv2%2Fmedia&parent=4316"}],"wp:term":[{"taxonomy":"category","embeddable":true,"href":"https:\/\/l21.mx\/index.php?rest_route=%2Fwp%2Fv2%2Fcategories&post=4316"},{"taxonomy":"post_tag","embeddable":true,"href":"https:\/\/l21.mx\/index.php?rest_route=%2Fwp%2Fv2%2Ftags&post=4316"}],"curies":[{"name":"wp","href":"https:\/\/api.w.org\/{rel}","templated":true}]}}