{"id":4338,"date":"2013-09-01T07:26:35","date_gmt":"2013-09-01T12:26:35","guid":{"rendered":"http:\/\/innovatori.space\/lat21\/?p=4338"},"modified":"2013-08-29T13:56:28","modified_gmt":"2013-08-29T18:56:28","slug":"nombramientos-agosto-2013","status":"publish","type":"post","link":"https:\/\/l21.mx\/?p=4338","title":{"rendered":"Nombramientos Agosto 2013"},"content":{"rendered":"<p><a href=\"http:\/\/l21.mx\/wp-content\/uploads\/2013\/08\/nombramientos-1.jpg\" data-rel=\"penci-gallery-image-content\" ><img fetchpriority=\"high\" decoding=\"async\" class=\"alignleft size-large wp-image-4340\" title=\"Luz Adriana Ram\u00edrez, Julio Casta\u00f1eda,  Urbano Guti\u00e9rrez, Vanessa Costa\" src=\"http:\/\/l21.mx\/wp-content\/uploads\/2013\/08\/nombramientos-1-1024x798.jpg\" alt=\"Luz Adriana Ram\u00edrez, Julio Casta\u00f1eda,  Urbano Guti\u00e9rrez, Vanessa Costa\" width=\"1024\" height=\"798\" srcset=\"https:\/\/l21.mx\/wp-content\/uploads\/2013\/08\/nombramientos-1-1024x798.jpg 1024w, https:\/\/l21.mx\/wp-content\/uploads\/2013\/08\/nombramientos-1-300x234.jpg 300w, https:\/\/l21.mx\/wp-content\/uploads\/2013\/08\/nombramientos-1-768x599.jpg 768w, https:\/\/l21.mx\/wp-content\/uploads\/2013\/08\/nombramientos-1-585x456.jpg 585w, https:\/\/l21.mx\/wp-content\/uploads\/2013\/08\/nombramientos-1.jpg 1162w\" sizes=\"(max-width: 1024px) 100vw, 1024px\" \/><\/a><\/p>\n<p><a href=\"http:\/\/l21.mx\/wp-content\/uploads\/2013\/08\/nombramientos-2.jpg\" data-rel=\"penci-gallery-image-content\" ><img decoding=\"async\" class=\"alignleft size-large wp-image-4339\" title=\"Jes\u00fas Palacios,  Andr\u00e9s Quezada, Ernesto Ch\u00e1vez, Ricardo G\u00f3mez\" src=\"http:\/\/l21.mx\/wp-content\/uploads\/2013\/08\/nombramientos-2-1024x798.jpg\" alt=\"Jes\u00fas Palacios,  Andr\u00e9s Quezada, Ernesto Ch\u00e1vez, Ricardo G\u00f3mez\" width=\"1024\" height=\"798\" srcset=\"https:\/\/l21.mx\/wp-content\/uploads\/2013\/08\/nombramientos-2-1024x798.jpg 1024w, https:\/\/l21.mx\/wp-content\/uploads\/2013\/08\/nombramientos-2-300x234.jpg 300w, https:\/\/l21.mx\/wp-content\/uploads\/2013\/08\/nombramientos-2-768x599.jpg 768w, https:\/\/l21.mx\/wp-content\/uploads\/2013\/08\/nombramientos-2-585x456.jpg 585w, https:\/\/l21.mx\/wp-content\/uploads\/2013\/08\/nombramientos-2.jpg 1162w\" sizes=\"(max-width: 1024px) 100vw, 1024px\" \/><\/a><\/p>\n<p>&nbsp;<\/p>\n<p><a href=\"http:\/\/l21.mx\/wp-content\/uploads\/2013\/08\/nombramientos-3.jpg\" data-rel=\"penci-gallery-image-content\" ><img decoding=\"async\" class=\"alignleft size-large wp-image-4341\" title=\"\u00c1ngel Hermosillo,  Patricia de la Torre,  Karla Ramos,  Alejandro P\u00e9rez\" src=\"http:\/\/l21.mx\/wp-content\/uploads\/2013\/08\/nombramientos-3-1024x798.jpg\" alt=\"\u00c1ngel Hermosillo,  Patricia de la Torre,  Karla Ramos,  Alejandro P\u00e9rez\" width=\"1024\" height=\"798\" srcset=\"https:\/\/l21.mx\/wp-content\/uploads\/2013\/08\/nombramientos-3-1024x798.jpg 1024w, https:\/\/l21.mx\/wp-content\/uploads\/2013\/08\/nombramientos-3-300x234.jpg 300w, https:\/\/l21.mx\/wp-content\/uploads\/2013\/08\/nombramientos-3-768x599.jpg 768w, https:\/\/l21.mx\/wp-content\/uploads\/2013\/08\/nombramientos-3-585x456.jpg 585w, https:\/\/l21.mx\/wp-content\/uploads\/2013\/08\/nombramientos-3.jpg 1162w\" sizes=\"(max-width: 1024px) 100vw, 1024px\" \/><\/a><\/p>\n<p>&nbsp;<\/p>\n<p>&nbsp;<\/p>\n<p>&nbsp;<\/p>\n","protected":false},"excerpt":{"rendered":"<p>&nbsp; &nbsp; &nbsp; &nbsp;<\/p>\n","protected":false},"author":2,"featured_media":4341,"comment_status":"open","ping_status":"open","sticky":false,"template":"","format":"standard","meta":{"_acf_changed":false,"_lmt_disableupdate":"","_lmt_disable":"","_mbp_gutenberg_autopost":false,"footnotes":""},"categories":[9],"tags":[],"class_list":["post-4338","post","type-post","status-publish","format-standard","has-post-thumbnail","hentry","category-nombramientos"],"acf":[],"_links":{"self":[{"href":"https:\/\/l21.mx\/index.php?rest_route=\/wp\/v2\/posts\/4338","targetHints":{"allow":["GET"]}}],"collection":[{"href":"https:\/\/l21.mx\/index.php?rest_route=\/wp\/v2\/posts"}],"about":[{"href":"https:\/\/l21.mx\/index.php?rest_route=\/wp\/v2\/types\/post"}],"author":[{"embeddable":true,"href":"https:\/\/l21.mx\/index.php?rest_route=\/wp\/v2\/users\/2"}],"replies":[{"embeddable":true,"href":"https:\/\/l21.mx\/index.php?rest_route=%2Fwp%2Fv2%2Fcomments&post=4338"}],"version-history":[{"count":0,"href":"https:\/\/l21.mx\/index.php?rest_route=\/wp\/v2\/posts\/4338\/revisions"}],"wp:featuredmedia":[{"embeddable":true,"href":"https:\/\/l21.mx\/index.php?rest_route=\/wp\/v2\/media\/4341"}],"wp:attachment":[{"href":"https:\/\/l21.mx\/index.php?rest_route=%2Fwp%2Fv2%2Fmedia&parent=4338"}],"wp:term":[{"taxonomy":"category","embeddable":true,"href":"https:\/\/l21.mx\/index.php?rest_route=%2Fwp%2Fv2%2Fcategories&post=4338"},{"taxonomy":"post_tag","embeddable":true,"href":"https:\/\/l21.mx\/index.php?rest_route=%2Fwp%2Fv2%2Ftags&post=4338"}],"curies":[{"name":"wp","href":"https:\/\/api.w.org\/{rel}","templated":true}]}}